{"id":257087,"date":"2025-12-12T09:24:12","date_gmt":"2025-12-12T09:24:12","guid":{"rendered":"https:\/\/www.europesays.com\/it\/257087\/"},"modified":"2025-12-12T09:24:12","modified_gmt":"2025-12-12T09:24:12","slug":"simone-sebastian-fogliata-ramirez-e-morto-a-19-anni-stroncato-da-un-aneurisma","status":"publish","type":"post","link":"https:\/\/www.europesays.com\/it\/257087\/","title":{"rendered":"Simone Sebastian Fogliata Ramirez \u00e8 morto a 19 anni stroncato da un aneurisma"},"content":{"rendered":"<p>Si \u00e8 sentito male mentre si trovava in vacanza a Colonia, in Germania, dov&#8217;era andato per trovare la fidanzata: si sarebbe improvvisamente accasciato a terra, privo di sensi, e per questo trasferito d&#8217;urgenza in ospedale. Dalla tremenda botta non si \u00e8 pi\u00f9 ripreso: si \u00e8 spento in ospedale dopo due giorni d&#8217;agonia. I genitori hanno raggiunto il figlio in Germania e hanno acconsentito alla donazione degli organi: la salma \u00e8 rientrata in Italia a sabato pomeriggio alle 15 sar\u00e0 celebrato il funerale.<\/p>\n<p>Il dolore dei genitori e dei fratelli<\/p>\n<p>\u00c8 il triste resoconto degli ultimi giorni di vita del povero Simone Sebastian Fogliata Ramirez, morto ad appena 19 anni per le conseguenze di un aneurisma: era nato in Ecuador ma ha sempre vissuto a Campoverde di Sal\u00f2. \u00c8 qui che infatti sar\u00e0 celebrato il funerale. Tantissimi i messaggi di cordoglio arrivati in queste ore alla famiglia: ai genitori Lourdes e Massimo, al fratello Luca, alla sorella Asia, ai nonni Fernanda, Carmita e Gustavo.<\/p>\n","protected":false},"excerpt":{"rendered":"Si \u00e8 sentito male mentre si trovava in vacanza a Colonia, in Germania, dov&#8217;era andato per trovare la&hellip;\n","protected":false},"author":3,"featured_media":257088,"comment_status":"","ping_status":"","sticky":false,"template":"","format":"standard","meta":{"footnotes":""},"categories":[79],"tags":[14,93,94,1537,90,89,10715,7,15,16504,150926,11,84,91,12,85,92],"class_list":{"0":"post-257087","1":"post","2":"type-post","3":"status-publish","4":"format-standard","5":"has-post-thumbnail","7":"category-italia","8":"tag-cronaca","9":"tag-cronaca-italiana","10":"tag-cronacaitaliana","11":"tag-it","12":"tag-italia","13":"tag-italy","14":"tag-malore","15":"tag-news","16":"tag-notizie","17":"tag-salo","18":"tag-simone-sebastian-fogliata-ramirez","19":"tag-ultime-notizie","20":"tag-ultime-notizie-e-news-di-oggi","21":"tag-ultime-notizie-italia","22":"tag-ultimenotizie","23":"tag-ultimenotizieenewsdioggi","24":"tag-ultimenotizieitalia"},"share_on_mastodon":{"url":"","error":""},"_links":{"self":[{"href":"https:\/\/www.europesays.com\/it\/wp-json\/wp\/v2\/posts\/257087","targetHints":{"allow":["GET"]}}],"collection":[{"href":"https:\/\/www.europesays.com\/it\/wp-json\/wp\/v2\/posts"}],"about":[{"href":"https:\/\/www.europesays.com\/it\/wp-json\/wp\/v2\/types\/post"}],"author":[{"embeddable":true,"href":"https:\/\/www.europesays.com\/it\/wp-json\/wp\/v2\/users\/3"}],"replies":[{"embeddable":true,"href":"https:\/\/www.europesays.com\/it\/wp-json\/wp\/v2\/comments?post=257087"}],"version-history":[{"count":0,"href":"https:\/\/www.europesays.com\/it\/wp-json\/wp\/v2\/posts\/257087\/revisions"}],"wp:featuredmedia":[{"embeddable":true,"href":"https:\/\/www.europesays.com\/it\/wp-json\/wp\/v2\/media\/257088"}],"wp:attachment":[{"href":"https:\/\/www.europesays.com\/it\/wp-json\/wp\/v2\/media?parent=257087"}],"wp:term":[{"taxonomy":"category","embeddable":true,"href":"https:\/\/www.europesays.com\/it\/wp-json\/wp\/v2\/categories?post=257087"},{"taxonomy":"post_tag","embeddable":true,"href":"https:\/\/www.europesays.com\/it\/wp-json\/wp\/v2\/tags?post=257087"}],"curies":[{"name":"wp","href":"https:\/\/api.w.org\/{rel}","templated":true}]}}