{"id":257383,"date":"2025-12-12T13:49:14","date_gmt":"2025-12-12T13:49:14","guid":{"rendered":"https:\/\/www.europesays.com\/it\/257383\/"},"modified":"2025-12-12T13:49:14","modified_gmt":"2025-12-12T13:49:14","slug":"andrea-delogu-quello-che-ce-fra-me-e-nikita-perotti-voi-chiedete-di-definirlo-io-so-dirvi-che-e-puro-e-che-non-permetteremo-finisca-con-ballando","status":"publish","type":"post","link":"https:\/\/www.europesays.com\/it\/257383\/","title":{"rendered":"Andrea Delogu: \u00abQuello che c\u2019\u00e8 fra me e Nikita Perotti? Voi chiedete di definirlo, io so dirvi che \u00e8 puro e che non permetteremo finisca con Ballando\u00bb"},"content":{"rendered":"<p class=\"has-dropcap\">Quello che c\u2019\u00e8 (perch\u00e9 \u00e8 chiaro a tutti che ci sia) fra Andrea Delogu e <a href=\"https:\/\/www.vanityfair.it\/article\/nikita-perotti-andrea-delogu-ballando-con-le-stelle\" target=\"_blank\" rel=\"nofollow noopener\">Nikita Perotti<\/a>, il suo maestro a <a href=\"https:\/\/www.vanityfair.it\/article\/ballando-con-le-stelle-2025-andrea-delogu-dolore-rispetto\" target=\"_blank\" rel=\"nofollow noopener\"><strong>Ballando con le Stelle<\/strong><\/a>, non si pu\u00f2 etichettare. Ma \u00e8 arrivata l&#8217;ora, per la conduttrice, di fare chiarezza, visto che \u00abho i direct pieni di \u201cdimmi che vi amate\u201d\u00bb, come ha dichiarato in un lungo post su Instagram, in cui spiega: \u00ab<strong>Questa che state leggendo \u00e8 una dichiarazione, poi aggiungete voi la parola che preferite<\/strong>\u00bb. Una definizione unica non basta: \u00ab<strong>Voi chiedete di definirlo, so dirvi che \u00e8 puro e che non permetteremo finisca con Ballando<\/strong>\u00bb.<\/p>\n<p>Poi torna all\u2019inizio, a quando Nikita Perotti \u00e8 entrato nella sua vita con un ruolo ben preciso: \u00ab<strong>\u00c8 arrivato nella mia vita come il maestro, \u00e8 arrivato facendo tv. Avevamo dei ruoli ben definiti,<\/strong> un percorso da affrontare che speravamo fosse il pi\u00f9 lungo possibile\u00bb. Un rapporto professionale, scandito da prove, coreografie e obiettivi comuni.<\/p>\n<p>Con il tempo, per\u00f2, quel confine si \u00e8 fatto pi\u00f9 labile, non senza resistenze. Lo spiega lei stessa, dicendo che <strong>Nikita: \u00abnon \u00e8 facile alla fiducia, ma \u00e8 facilissimo alla gentilezza e all\u2019ascolto.<\/strong> <strong>Ho dovuto penare per sapere qualcosa di lui<\/strong> e ho dovuto aspettare per dire qualcosa di me che non fosse gi\u00e0 di \u201ctutti\u201d, perch\u00e9 avevo paura di far vedere le fragilit\u00e0 non sapendo se stavamo facendo tv o se fosse nata un\u2019amicizia\u00bb.<\/p>\n<p>In questo percorso di avvicinamento, la danza \u00abti unisce e ti fa sentire dalla stessa parte del mondo, dei sentimenti\u00bb. Andrea Delogu ricorda anche come, in un <a href=\"https:\/\/www.vanityfair.it\/article\/andrea-delogu-dolore-lutto-ballando-con-le-stelle\" target=\"_blank\" rel=\"nofollow noopener\">momento di grande dolore<\/a> per la morte improvvisa del <a href=\"https:\/\/www.vanityfair.it\/article\/article\/grave-lutto-andrea-delogu-morto-18-anni-incidente-stradale-fratello-evan\" target=\"_blank\" rel=\"nofollow noopener\">fratello<\/a>\u00a0, il rapporto con Nikita si sia di nuovo trasformato: \u00abAvevo gi\u00e0 cominciato ad abbracciarlo perch\u00e9 ne sentivo il bisogno e non perch\u00e9 fosse in una coreografia. Poi \u00e8 successo che la mia vita \u00e8 cambiata per sempre, tutto si \u00e8 fermato attorno a me. <strong>Io e Nikita non ci dovevamo nulla, doveva essere tv e invece \u00e8 arrivato solo per esserci<\/strong>\u00bb.<\/p>\n<p>\u00c8 qui che la conduttrice prova a descrivere ci\u00f2 che li lega, senza mai ricorrere alla parola pi\u00f9 attesa: \u00ab<strong>\u00c8 un legame vero, vivo, di due mondi lontani che fanno il tifo l\u2019un per l\u2019altra e che si somigliano fin troppo<\/strong>. E non ho mai usato quella parola l\u00ec, quel sentimento l\u00ec in questo post. <strong>Non l\u2019ho usata non perch\u00e9 non voglio che faccia parte dei nostri colori, ma perch\u00e9 non voglio che diventi facilmente un titolo di giornale e che sminuisca un affresco<\/strong> fatto di colori e sfumature\u00bb. E adesso? \u00abNikita verr\u00e0 da me a pranzare e mi dir\u00e0: \u201cBallerina mia guarda che casino che hai combinato, di nuovo\u201d e io rider\u00f2, di nuovo. A sabato bellezze, faremo un modern e voler\u00f2\u00bb.<\/p>\n","protected":false},"excerpt":{"rendered":"Quello che c\u2019\u00e8 (perch\u00e9 \u00e8 chiaro a tutti che ci sia) fra Andrea Delogu e Nikita Perotti, il&hellip;\n","protected":false},"author":3,"featured_media":257384,"comment_status":"","ping_status":"","sticky":false,"template":"","format":"standard","meta":{"footnotes":""},"categories":[1451],"tags":[1621,1620,8534,203,204,1537,90,89,8533,6123,6124],"class_list":{"0":"post-257383","1":"post","2":"type-post","3":"status-publish","4":"format-standard","5":"has-post-thumbnail","7":"category-celebrita","8":"tag-celebrita","9":"tag-celebrities","10":"tag-celebrity","11":"tag-entertainment","12":"tag-intrattenimento","13":"tag-it","14":"tag-italia","15":"tag-italy","16":"tag-people","17":"tag-textabovecenterfullbleed","18":"tag-web"},"share_on_mastodon":{"url":"https:\/\/pubeurope.com\/@it\/115706918522345178","error":""},"_links":{"self":[{"href":"https:\/\/www.europesays.com\/it\/wp-json\/wp\/v2\/posts\/257383","targetHints":{"allow":["GET"]}}],"collection":[{"href":"https:\/\/www.europesays.com\/it\/wp-json\/wp\/v2\/posts"}],"about":[{"href":"https:\/\/www.europesays.com\/it\/wp-json\/wp\/v2\/types\/post"}],"author":[{"embeddable":true,"href":"https:\/\/www.europesays.com\/it\/wp-json\/wp\/v2\/users\/3"}],"replies":[{"embeddable":true,"href":"https:\/\/www.europesays.com\/it\/wp-json\/wp\/v2\/comments?post=257383"}],"version-history":[{"count":0,"href":"https:\/\/www.europesays.com\/it\/wp-json\/wp\/v2\/posts\/257383\/revisions"}],"wp:featuredmedia":[{"embeddable":true,"href":"https:\/\/www.europesays.com\/it\/wp-json\/wp\/v2\/media\/257384"}],"wp:attachment":[{"href":"https:\/\/www.europesays.com\/it\/wp-json\/wp\/v2\/media?parent=257383"}],"wp:term":[{"taxonomy":"category","embeddable":true,"href":"https:\/\/www.europesays.com\/it\/wp-json\/wp\/v2\/categories?post=257383"},{"taxonomy":"post_tag","embeddable":true,"href":"https:\/\/www.europesays.com\/it\/wp-json\/wp\/v2\/tags?post=257383"}],"curies":[{"name":"wp","href":"https:\/\/api.w.org\/{rel}","templated":true}]}}