{"id":257687,"date":"2025-12-12T18:01:20","date_gmt":"2025-12-12T18:01:20","guid":{"rendered":"https:\/\/www.europesays.com\/it\/257687\/"},"modified":"2025-12-12T18:01:20","modified_gmt":"2025-12-12T18:01:20","slug":"palladino-cosi-vedo-krstovic-e-scamacca-ahanor-scalvini-kolasinac-kossounou-e-brescianini","status":"publish","type":"post","link":"https:\/\/www.europesays.com\/it\/257687\/","title":{"rendered":"Palladino: \u201cCos\u00ec vedo Krstovic e Scamacca! Ahanor, Scalvini, Kolasinac, Kossounou e Brescianini\u2026\u201d"},"content":{"rendered":"<p><strong data-reader-unique-id=\"62\">SCAMACCA <\/strong>&#8211; &#8220;Mi auguro che possa crescere in termini di minutaggio e intensit\u00e0. Io vedo un Gianluca che cresce: gioca molto bene con la squadra, ma soprattutto ha ritrovato il gol. Il mio obiettivo sar\u00e0 sempre quello di metterlo nella condizione di fare goal: Scamacca dovr\u00e0 lavorare sotto questo aspetto perch\u00e9 \u00e8 un giocatore straordinario&#8221;.<\/p>\n<p><strong>ZONA EUROPA<\/strong> &#8211;\u00a0&#8220;Dobbiamo provarci con tutte le nostre forze e qualit\u00e0: mentalit\u00e0, fame e voglia di fare bene. Dal primo giorno dissi ai ragazzi che bisognava trovare il DNA giusto per far risalire l&#8217;Atalanta. Noi non vogliamo questa classifica e il nostro obiettivo \u00e8 anche fare dei filotti&#8221;.<\/p>\n<p><strong>AHANOR<\/strong> &#8211;\u00a0&#8220;\u00c8 un talento che dobbiamo far crescere. Contro il Chelsea ha fatto una grande partita e mi piace molto il suo spirito: l&#8217;essere sfrontato e sfruttare al 110% ogni occasione data&#8221;.<\/p>\n<p><strong>BAKKER<\/strong> &#8211;\u00a0&#8220;Sta recuperando gradualmente. Ho un buon reparto esterni dove conto anche Musah che pu\u00f2 essere utilizzato come jolly, aspettando anche ovviamente il rientro di Bellanova&#8221;.<\/p>\n<p><strong data-reader-unique-id=\"28\">DIFESA <\/strong>&#8211; &#8220;Perderemo Kossounou causa Coppa d&#8217;Africa, ma abbiamo recuperato Kolasinac. Per me \u00e8 fondamentale recuperare a pieno Scalvini: ha bisogno di minutaggio visto che \u00e8 un giocatore importante&#8221;.<\/p>\n<p><b>CHELSEA <\/b>&#8211; &#8220;Ottima sul piano dello spirito e del sacrificio. Voglio una squadra che capisca i momenti: difendendo e attaccando tutta insieme. Mi aspetto lo spirito giusto e che la squadra dia una risposta: \u00e8 il gruppo che fa la differenza. Per noi \u00e8 una prova di maturit\u00e0&#8221;.<\/p>\n<p><b>BERNASCONI <\/b>&#8211; &#8220;Bernasconi mi ha impressionato sul lavoro. Io ho fatto altre scelte, ma lui \u00e8 l&#8217;esempio del lavoro quotidiano: un ragazzo serio che vuole impegnarsi. Gli ho dato l&#8217;occasione e lui l&#8217;ha sfruttata: deve essere l&#8217;esempio per i compagni. Sono molto contento per lui, ma se sar\u00e0 titolare staremo a vedere perch\u00e9 sulla fascia ho tante soluzioni&#8221;.<\/p>\n<p><b>MOMENTO DECISIVO <\/b>&#8211; &#8220;E&#8217; un momento decisivo per la stagione considerando anche le valutazioni. Ogni momento \u00e8 importante, ma di sicuro aver messo fieno in cascina in Champions \u00e8 stato fondamentale: noi dobbiamo risalire in campionato. Io sono qua per portare in alto l&#8217;Atalanta. Abbiamo fatto uno scivolone a Verona, ma ora m&#8217;interessa che la squadra svolti nella maniera migliore. Ogni due giorni si giocava e diventava difficile allenarsi a pieno regime, ma possiamo migliorare&#8221;.<\/p>\n<p><b>RANKING <\/b>&#8211; &#8220;Deve essere uno stimolo per le squadre italiane (Ranking UEFA ndr.), oltre che ad un grande orgoglio. Per quanto riguarda l&#8217;Atalanta, noi dobbiamo essere ambiziosi e crescere: anche la mia squadra \u00e8 ambiziosa come me. Siamo consapevoli che siamo indietro, ma dobbiamo anche alzare il livello&#8221;.<\/p>\n<p><b>BRESCIANINI <\/b>&#8211; &#8220;Marco \u00e8 un ragazzo che si mette a disposizione: pu\u00f2 occupare tutti i ruoli del centrocampo, anche da trequartista. E&#8217; un ragazzo serio che s&#8217;impegna come Bernasconi: spero di dargli minutaggio pi\u00f9 avanti&#8221;.<\/p>\n<p class=\"is-copyright\">\u00a9 RIPRODUZIONE RISERVATA<\/p>\n","protected":false},"excerpt":{"rendered":"SCAMACCA &#8211; &#8220;Mi auguro che possa crescere in termini di minutaggio e intensit\u00e0. Io vedo un Gianluca che&hellip;\n","protected":false},"author":3,"featured_media":257688,"comment_status":"","ping_status":"","sticky":false,"template":"","format":"standard","meta":{"footnotes":""},"categories":[1452],"tags":[27623,8788,569,151323,151324,5706,51054,6300,721,1856,151325,5368,877,932,106754,3081,13934,2149,2097,4205,1740,564,1975,4908,48,1537,90,89,75086,29750,8037,102295,809,3205,105971,151326,5402,27619,1739,10335,245,244,1857],"class_list":{"0":"post-257687","1":"post","2":"type-post","3":"status-publish","4":"format-standard","5":"has-post-thumbnail","7":"category-calcio","8":"tag-ahanor","9":"tag-aspetto","10":"tag-atalanta","11":"tag-atalanta-raffaele","12":"tag-atalanta-raffaele-palladino","13":"tag-bernasconi","14":"tag-brescianini","15":"tag-cagliari","16":"tag-calcio","17":"tag-campionato","18":"tag-campionato-cagliari","19":"tag-chelsea","20":"tag-conferenza","21":"tag-conferenza-stampa","22":"tag-conferenza-stampa-vigilia","23":"tag-crescere","24":"tag-decisivo","25":"tag-dobbiamo","26":"tag-far","27":"tag-fondamentale","28":"tag-football","29":"tag-giocatore","30":"tag-giusto","31":"tag-goal","32":"tag-importante","33":"tag-it","34":"tag-italia","35":"tag-italy","36":"tag-kolasinac","37":"tag-kossounou","38":"tag-krstovic","39":"tag-minutaggio","40":"tag-obiettivo","41":"tag-occasione","42":"tag-palladino","43":"tag-palladino-parlato","44":"tag-ragazzo","45":"tag-scamacca","46":"tag-soccer","47":"tag-spirito","48":"tag-sport","49":"tag-sports","50":"tag-squadra"},"share_on_mastodon":{"url":"","error":"Validation failed: Text character limit of 500 exceeded"},"_links":{"self":[{"href":"https:\/\/www.europesays.com\/it\/wp-json\/wp\/v2\/posts\/257687","targetHints":{"allow":["GET"]}}],"collection":[{"href":"https:\/\/www.europesays.com\/it\/wp-json\/wp\/v2\/posts"}],"about":[{"href":"https:\/\/www.europesays.com\/it\/wp-json\/wp\/v2\/types\/post"}],"author":[{"embeddable":true,"href":"https:\/\/www.europesays.com\/it\/wp-json\/wp\/v2\/users\/3"}],"replies":[{"embeddable":true,"href":"https:\/\/www.europesays.com\/it\/wp-json\/wp\/v2\/comments?post=257687"}],"version-history":[{"count":0,"href":"https:\/\/www.europesays.com\/it\/wp-json\/wp\/v2\/posts\/257687\/revisions"}],"wp:featuredmedia":[{"embeddable":true,"href":"https:\/\/www.europesays.com\/it\/wp-json\/wp\/v2\/media\/257688"}],"wp:attachment":[{"href":"https:\/\/www.europesays.com\/it\/wp-json\/wp\/v2\/media?parent=257687"}],"wp:term":[{"taxonomy":"category","embeddable":true,"href":"https:\/\/www.europesays.com\/it\/wp-json\/wp\/v2\/categories?post=257687"},{"taxonomy":"post_tag","embeddable":true,"href":"https:\/\/www.europesays.com\/it\/wp-json\/wp\/v2\/tags?post=257687"}],"curies":[{"name":"wp","href":"https:\/\/api.w.org\/{rel}","templated":true}]}}