{"id":257711,"date":"2025-12-12T18:15:13","date_gmt":"2025-12-12T18:15:13","guid":{"rendered":"https:\/\/www.europesays.com\/it\/257711\/"},"modified":"2025-12-12T18:15:13","modified_gmt":"2025-12-12T18:15:13","slug":"san-raffaele-la-procura-di-milano-apre-una-indagine-conoscitiva-dopo-lemergenza-infermieri-al-padiglione-iceberg","status":"publish","type":"post","link":"https:\/\/www.europesays.com\/it\/257711\/","title":{"rendered":"San Raffaele, la Procura di Milano apre una indagine conoscitiva dopo l&#8217;emergenza infermieri al padiglione Iceberg"},"content":{"rendered":"<p>Alla Procura sono arrivate le relazioni del Nas dei carabinieri e della Squadra mobile. Nel weekend di Sant\u2019Ambrogio erano andati in crisi 3 reparti delicati<\/p>\n<p class=\"chapter-paragraph\">Faro della Procura di Milano sul<a href=\"https:\/\/milano.corriere.it\/notizie\/cronaca\/25_dicembre_09\/milano-farmaci-errati-e-dosi-decuplicate-sul-caos-all-ospedale-san-raffaele-scatta-l-indagine-ats-la-regione-ora-chiarezza-d77d8174-bfa8-4f91-9a63-41d7a4948xlk.shtml\" title=\"Cosa sta succedendo al San Raffaele: farmaci errati, dosi decuplicate e le dimissioni di Galli, scatta l&#039;indagine Ats\" rel=\"nofollow noopener\" target=\"_blank\"> San Raffaele<\/a>. \u00c8\u00a0stato\u00a0aperto un fascicolo modello 45 dopo la serie di criticit\u00e0 organizzative che si sono verificate al terzo piano del padiglione Iceberg dell&#8217;ospedale durante il fine settimana di Sant&#8217;Ambrogio. La procuratrice aggiunta Tiziana Siciliano ha avviato l&#8217;i<b>nchiesta conoscitiva<\/b> &#8211; al momento senza ipotesi di reato n\u00e9 indagati -, dopo le<a href=\"https:\/\/milano.corriere.it\/notizie\/cronaca\/25_dicembre_12\/san-raffaele-i-controlli-dei-nas-e-dell-ispettorato-per-il-lavoro-e-continuano-i-problemi-con-il-perasonale-inviato-dalla-coop-95bd058c-188b-41ce-9ad0-ded013630xlk.shtml\" title=\"San Raffaele, i controlli dei Nas e dell&#039;Ispettorato per il lavoro. E continuano i problemi con il personale inviato dalla coop\" rel=\"nofollow noopener\" target=\"_blank\"> prime verifiche da parte dei carabinieri del Nas<\/a> (Nucleo Antisofisticazioni e Sanit\u00e0).\u00a0La loro relazione, arrivata venerd\u00ec mattina in Procura insieme a quella della Squadra mobile, si affiancher\u00e0 alla documentazione dell&#8217;Ispettorato del lavoro. Il fascicolo \u00e8 stato affidato al pm Paolo Filippini. Anche la Regione sta conducendo controlli sull&#8217;accaduto tramite l&#8217;Agenzia di tutela della salute: dagli accertamenti sono gi\u00e0 emerse le prime conferme di quanto raccontato dai sindacati e dai <a href=\"https:\/\/milano.corriere.it\/notizie\/cronaca\/25_dicembre_10\/san-raffaele-il-racconto-di-una-paziente-trascurati-esami-e-terapie-gli-infermieri-erano-nel-panico-una-cosa-mai-vista-01eac905-ada7-4d82-8467-d0b4bd381xlk.shtml\" title=\"San Raffaele, una paziente racconta i giorni del caos: \u00abUna cosa mai vista in questo ospedale. Infermieri nel panico\u00bb. Il nuovo ad: tuteliamo la salute e la sicurezza dei pazienti\" rel=\"nofollow noopener\" target=\"_blank\">pazienti<\/a>.<\/p>\n<p class=\"chapter-paragraph\">Nel weekend di Sant\u2019Ambrogio sono andati in crisi\u00a0<b>tre reparti \u00abdelicati\u00bb (<\/b>Medicina alta intensit\u00e0, admission room e cure intensive)\u00a0<b>che erano stati affidati a una cooperativa di infermieri (la Auxilium care) per mancanza di personale interno.\u00a0<\/b>Gli operatori <b>non si sono rivelati sufficientemente formati<\/b>, n\u00e9 in grado di gestire le terapie dei pazienti e le procedure tecniche e burocratiche, come riportato nelle <a href=\"https:\/\/milano.corriere.it\/notizie\/cronaca\/25_dicembre_12\/san-raffaele-i-controlli-dei-nas-e-dell-ispettorato-per-il-lavoro-e-continuano-i-problemi-con-il-perasonale-inviato-dalla-coop-95bd058c-188b-41ce-9ad0-ded013630xlk.shtml\" rel=\"nofollow noopener\" target=\"_blank\">mail che i medici si sono scambiati tra il 6 e il 7 dicembre.\u00a0<\/a>\u00a0Gli infermieri della coop hanno commesso <b>errori<\/b> che hanno determinato \u00ab<b>situazioni ad elevatissimo rischio per i pazienti<\/b>\u00bb, si legge nello scambio di messaggi. Secondo il medico di guardia un\u2019operatrice non conosceva bene l\u2019italiano n\u00e9 i nomi dei preparati, tanto da confondere l\u2019Amiodarone 150mg per un inesistente modarone 500mg e ha somministrato una dose del medicinale dieci volte superiore all\u2019indicazione. Un\u2019altra non sapeva gestire la ventilazione non invasiva di un malato.    &#13;<br \/>\n&#13;<br \/>\n&#13;<br \/>\n&#13;<br \/>\n&#13;<br \/>\n&#13;<br \/>\n&#13;<br \/>\n&#13;<br \/>\n&#13;<br \/>\n&#13;<br \/>\n&#13;<br \/>\n&#13;<br \/>\n&#13;<br \/>\n&#13;<br \/>\n&#13;<br \/>\n&#13;<br \/>\n&#13;<br \/>\n&#13;<br \/>\n&#13;<br \/>\n&#13;<br \/>\n&#13;<br \/>\n&#13;<br \/>\n&#13;<br \/>\n&#13;<br \/>\n&#13;<br \/>\n&#13;<br \/>\n&#13;<br \/>\n&#13;<br \/>\n&#13;<br \/>\n&#13;<br \/>\n&#13;<br \/>\n&#13;<br \/>\n&#13;<br \/>\n&#13;<br \/>\n&#13;<br \/>\n&#13;<br \/>\n&#13;<br \/>\n&#13;<br \/>\n&#13;<br \/>\n&#13;<br \/>\n&#13;<br \/>\n&#13;<br \/>\n&#13;<br \/>\n&#13;<br \/>\n&#13;<br \/>\n&#13;<br \/>\n&#13;<br \/>\n&#13;<br \/>\n&#13;<br \/>\n&#13;<br \/>\n&#13;<br \/>\n&#13;<br \/>\n&#13;\n<\/p>\n<p class=\"chapter-paragraph\">A causa dell\u2019emergenza, il consiglio di amministrazione del Gruppo San Donato (di cui fa parte il San Raffaele, ospedale privato accreditato a contratto con il Servizio sanitario regionale)<b> ha di fatto sfiduciato l\u2019amministratore unico Francesco Galli,<\/b> che si \u00e8 dimesso. Al suo posto \u00e8 arrivato <b>Marco Centenari,<\/b> manager che aveva gi\u00e0 lavorato in via Olgettina per 4 anni.\u00a0<\/p>\n<p class=\"chapter-paragraph\">Nel frattempo, la Rappresentanza sindacale unitaria (Rsu) dell&#8217;ospedale ha presentato una denuncia sull&#8217;accaduto. Ora secondo l&#8217;ospedale la situazione \u00e8 sotto controllo. Per Centenari il problema \u00e8 stato \u00abprontamente gestito\u00bb.<b> Il personale della coop continua a lavorare in corsia, ma affiancato da infermieri esperti.<\/b> Per la Rsu per\u00f2 ci sono ancora criticit\u00e0 da risolvere: il 15 dicembre incontrer\u00e0 il nuovo amministratore.\u00a0<\/p>\n<p class=\"is-last-update\" datetime=\"2025-12-12T17:52:17+01:00\">12 dicembre 2025 ( modifica il 12 dicembre 2025 | 17:52)<\/p>\n<p class=\"is-copyright\">\n            \u00a9 RIPRODUZIONE RISERVATA\n        <\/p>\n","protected":false},"excerpt":{"rendered":"Alla Procura sono arrivate le relazioni del Nas dei carabinieri e della Squadra mobile. Nel weekend di Sant\u2019Ambrogio&hellip;\n","protected":false},"author":3,"featured_media":257712,"comment_status":"","ping_status":"","sticky":false,"template":"","format":"standard","meta":{"footnotes":""},"categories":[79],"tags":[500,32235,151327,151328,6964,7574,151329,151330,3905,135178,151331,56788,7714,151332,151333,12567,14,93,94,111140,1888,2191,1537,90,89,1354,7,15,812,10225,282,8381,532,54075,2869,32239,11,84,91,12,85,92],"class_list":{"0":"post-257711","1":"post","2":"type-post","3":"status-publish","4":"format-standard","5":"has-post-thumbnail","7":"category-italia","8":"tag-accaduto","9":"tag-ambrogio","10":"tag-ambrogio-andati","11":"tag-ambrogio-andati-crisi","12":"tag-amministratore","13":"tag-andati","14":"tag-andati-crisi","15":"tag-andati-crisi-reparti","16":"tag-carabinieri","17":"tag-centenari","18":"tag-conoscitiva","19":"tag-coop","20":"tag-crisi","21":"tag-crisi-reparti","22":"tag-crisi-reparti-delicati","23":"tag-criticita","24":"tag-cronaca","25":"tag-cronaca-italiana","26":"tag-cronacaitaliana","27":"tag-delicati","28":"tag-dicembre","29":"tag-infermieri","30":"tag-it","31":"tag-italia","32":"tag-italy","33":"tag-ne","34":"tag-news","35":"tag-notizie","36":"tag-ospedale","37":"tag-pazienti","38":"tag-procura","39":"tag-raffaele","40":"tag-san","41":"tag-san-raffaele","42":"tag-sant","43":"tag-sant-ambrogio","44":"tag-ultime-notizie","45":"tag-ultime-notizie-e-news-di-oggi","46":"tag-ultime-notizie-italia","47":"tag-ultimenotizie","48":"tag-ultimenotizieenewsdioggi","49":"tag-ultimenotizieitalia"},"share_on_mastodon":{"url":"","error":"Validation failed: Text character limit of 500 exceeded"},"_links":{"self":[{"href":"https:\/\/www.europesays.com\/it\/wp-json\/wp\/v2\/posts\/257711","targetHints":{"allow":["GET"]}}],"collection":[{"href":"https:\/\/www.europesays.com\/it\/wp-json\/wp\/v2\/posts"}],"about":[{"href":"https:\/\/www.europesays.com\/it\/wp-json\/wp\/v2\/types\/post"}],"author":[{"embeddable":true,"href":"https:\/\/www.europesays.com\/it\/wp-json\/wp\/v2\/users\/3"}],"replies":[{"embeddable":true,"href":"https:\/\/www.europesays.com\/it\/wp-json\/wp\/v2\/comments?post=257711"}],"version-history":[{"count":0,"href":"https:\/\/www.europesays.com\/it\/wp-json\/wp\/v2\/posts\/257711\/revisions"}],"wp:featuredmedia":[{"embeddable":true,"href":"https:\/\/www.europesays.com\/it\/wp-json\/wp\/v2\/media\/257712"}],"wp:attachment":[{"href":"https:\/\/www.europesays.com\/it\/wp-json\/wp\/v2\/media?parent=257711"}],"wp:term":[{"taxonomy":"category","embeddable":true,"href":"https:\/\/www.europesays.com\/it\/wp-json\/wp\/v2\/categories?post=257711"},{"taxonomy":"post_tag","embeddable":true,"href":"https:\/\/www.europesays.com\/it\/wp-json\/wp\/v2\/tags?post=257711"}],"curies":[{"name":"wp","href":"https:\/\/api.w.org\/{rel}","templated":true}]}}