{"id":257720,"date":"2025-12-12T18:25:17","date_gmt":"2025-12-12T18:25:17","guid":{"rendered":"https:\/\/www.europesays.com\/it\/257720\/"},"modified":"2025-12-12T18:25:17","modified_gmt":"2025-12-12T18:25:17","slug":"lex-ds-brian-holm-attacca-fernando-gaviria-il-corridore-piu-pigro-che-abbia-mai-conosciuto","status":"publish","type":"post","link":"https:\/\/www.europesays.com\/it\/257720\/","title":{"rendered":"L&#8217;ex DS Brian Holm attacca Fernando Gaviria: &#8220;Il corridore pi\u00f9 pigro che abbia mai conosciuto&#8221;"},"content":{"rendered":"<p>\t\t<img width=\"2560\" height=\"1439\" src=\"https:\/\/www.europesays.com\/it\/wp-content\/uploads\/2025\/11\/1162674034-scaled.jpg\" class=\"attachment-full size-full wp-post-image\" alt=\"\" data-main-img=\"1\" decoding=\"async\" fetchpriority=\"high\"  \/><\/p>\n<p>\t\t\t\t\t\t\t \u00a9 Sirotti<\/p>\n<p>\t\t\t\t\t<a href=\"https:\/\/cyclingpro.net\/spaziociclismo\/altro\/scopri-lapp-ufficiale-di-spaziociclismo\/\" title=\"\" rel=\"nofollow noopener\" target=\"_blank\"><br \/>\n\t\t\t\t\t\t<img loading=\"lazy\" decoding=\"async\" src=\"https:\/\/www.europesays.com\/it\/wp-content\/uploads\/2025\/09\/1758060682_662_Banner-App-SpazioCiclismo.png\" alt=\"\" width=\"728\" height=\"91\"\/><br \/>\n\t\t\t\t\t<\/a><\/p>\n<p>Un grande talento non sempre accompagnato da altrettanta costanza negli allenamenti. \u00c8 cos\u00ec che viene descritto <strong>Fernando Gaviria <\/strong>da uno dei suoi ex direttori sportivi, che ha commentato la recente notizia riguardante il <a href=\"https:\/\/cyclingpro.net\/spaziociclismo\/worldtour\/fernando-gaviria-condannato-a-due-mesi-con-la-condizionale-per-guida-in-stato-di-ebrezza\/\" rel=\"nofollow noopener\" target=\"_blank\">colombiano, condannato per guida in stato di ebrezza<\/a>. Dopo gli anni in <strong>Movistar<\/strong>, il velocista \u00e8 pronto per una <a href=\"https:\/\/cyclingpro.net\/spaziociclismo\/ciclomercato\/caja-rural-seguros-rga-ufficiale-lingaggio-di-fernando-gaviria-ho-percepito-un-grande-entusiasmo-per-il-mio-ingresso-in-squadra-mi-e-sembrata-unopportunita-molto-interessante\/\" target=\"_blank\" rel=\"noopener nofollow\">nuova avventura con la divisa della <strong>Caja Rural \u2013 Seguros RGA<\/strong><\/a>, formazione Professional che ha voluto farne il centro del progetto per gli sprint. Di sicuro, la notizia riguardante il test alcolemico positivo lo scorso 22 ottobre non gioca a suo favore per questo nuovo inizio, che per la prima volta lo vedr\u00e0 impegnato in una squadra di categoria diversa dal World Tour.<\/p>\n<p>La vicenda \u00e8 stata commentata da <strong>Brian Holm<\/strong>, ex direttore sportivo della <strong>Soudal Quick-Step<\/strong>, che nel podcast Caf\u00e8 Eddy ha parlato dello sprinter sudamericano dimostrando poca fiducia nella sua professionalit\u00e0: \u201cSe avessi dovuto indicare un corridore che sarebbe stato colto a guidare ubriaco a Monaco, avrei scelto Gaviria. Perch\u00e9 la cosa non mi sorprende? Fernando \u00e8 uno dei pi\u00f9 grandi talenti con cui io abbia mai lavorato, ma anche il corridore pi\u00f9 pigro che abbia mai conosciuto\u201d.<\/p>\n<p>In carriera, <strong>Fernando Gaviria <\/strong>ha trascorso tre anni nella <strong>Soudal Quick-Step <\/strong>(allora <strong>Etixx Quick-Step<\/strong> prima, <strong>Quick-Step Floors <\/strong>poi), dal 2016 al 2018. Proprio con la formazione belga \u00e8 avvenuto il suo debutto da professionista e ha ottenuto tanti successi, tra cui 4 di tappa al Giro d\u2019Italia e 2 al Tour de France. Il ricordo che ha lasciato in squadra, e in particolare nell\u2019allora direttore sportivo <strong>Brian Holm<\/strong>, non sembra per\u00f2 essere eccezionale, per usare un eufemismo. Spetter\u00e0 al colombiano dimostrare nella nuova avventura in <strong>Caja Rural \u2013 Seguros RGA <\/strong>di potere ancora ottenere risultati importanti, magari aumentando il bottino delle sue vittorie da professionista, che attualmente si trova a quota 52.<\/p>\n<p>Seguici<\/p>\n<p>\t\t\t\t\t\t\t\t\t\t<a href=\"https:\/\/news.google.com\/publications\/CAAqBwgKMNaVhQswhaiCAw?hl=it&amp;gl=IT&amp;ceid=IT%3Ait\" title=\"Google News\" target=\"_blank\" rel=\"nofollow noopener\" class=\"post-followus-btn google-new-btn\"><br \/>\n\t\t\t\t\t\t<img decoding=\"async\" src=\"https:\/\/cyclingpro.net\/spaziociclismo\/wp-content\/themes\/jannah\/assets\/images\/google-news.svg\" alt=\"Google News\" loading=\"lazy\" width=\"120\" height=\"22\"\/><br \/>\n\t\t\t\t\t<\/a><br \/>\n\t\t\t\t\t\t\t\t\t\t<a href=\"https:\/\/flipboard.com\/@SpazioCiclismo\" title=\"Flipboard\" target=\"_blank\" rel=\"nofollow noopener\" class=\"post-followus-btn flipboard-btn\"><br \/>\n\t\t\t\t\t\t<img decoding=\"async\" src=\"https:\/\/cyclingpro.net\/spaziociclismo\/wp-content\/themes\/jannah\/assets\/images\/flipboard.svg\" alt=\"Flipboard\" loading=\"lazy\" width=\"152\" height=\"30\"\/><br \/>\n\t\t\t\t\t<\/a><\/p>\n","protected":false},"excerpt":{"rendered":"\u00a9 Sirotti Un grande talento non sempre accompagnato da altrettanta costanza negli allenamenti. \u00c8 cos\u00ec che viene descritto&hellip;\n","protected":false},"author":3,"featured_media":204311,"comment_status":"","ping_status":"","sticky":false,"template":"","format":"standard","meta":{"footnotes":""},"categories":[1456],"tags":[151334,133841,1824,1825,121974,1537,90,89,245,244],"class_list":{"0":"post-257720","1":"post","2":"type-post","3":"status-publish","4":"format-standard","5":"has-post-thumbnail","7":"category-ciclismo","8":"tag-brian-holm","9":"tag-caja-rural-seguros-rga-2026","10":"tag-ciclismo","11":"tag-cycling","12":"tag-fernando-gaviria","13":"tag-it","14":"tag-italia","15":"tag-italy","16":"tag-sport","17":"tag-sports"},"share_on_mastodon":{"url":"https:\/\/pubeurope.com\/@it\/115708004496501137","error":""},"_links":{"self":[{"href":"https:\/\/www.europesays.com\/it\/wp-json\/wp\/v2\/posts\/257720","targetHints":{"allow":["GET"]}}],"collection":[{"href":"https:\/\/www.europesays.com\/it\/wp-json\/wp\/v2\/posts"}],"about":[{"href":"https:\/\/www.europesays.com\/it\/wp-json\/wp\/v2\/types\/post"}],"author":[{"embeddable":true,"href":"https:\/\/www.europesays.com\/it\/wp-json\/wp\/v2\/users\/3"}],"replies":[{"embeddable":true,"href":"https:\/\/www.europesays.com\/it\/wp-json\/wp\/v2\/comments?post=257720"}],"version-history":[{"count":0,"href":"https:\/\/www.europesays.com\/it\/wp-json\/wp\/v2\/posts\/257720\/revisions"}],"wp:featuredmedia":[{"embeddable":true,"href":"https:\/\/www.europesays.com\/it\/wp-json\/wp\/v2\/media\/204311"}],"wp:attachment":[{"href":"https:\/\/www.europesays.com\/it\/wp-json\/wp\/v2\/media?parent=257720"}],"wp:term":[{"taxonomy":"category","embeddable":true,"href":"https:\/\/www.europesays.com\/it\/wp-json\/wp\/v2\/categories?post=257720"},{"taxonomy":"post_tag","embeddable":true,"href":"https:\/\/www.europesays.com\/it\/wp-json\/wp\/v2\/tags?post=257720"}],"curies":[{"name":"wp","href":"https:\/\/api.w.org\/{rel}","templated":true}]}}