{"id":257735,"date":"2025-12-12T18:37:20","date_gmt":"2025-12-12T18:37:20","guid":{"rendered":"https:\/\/www.europesays.com\/it\/257735\/"},"modified":"2025-12-12T18:37:20","modified_gmt":"2025-12-12T18:37:20","slug":"max-verstappen-malato-salta-il-gala-fia-e-non-ritirera-il-premio-per-il-2-posto-news","status":"publish","type":"post","link":"https:\/\/www.europesays.com\/it\/257735\/","title":{"rendered":"Max Verstappen malato: salta il Gala FIA e non ritirer\u00e0 il premio per il 2\u00b0 posto &#8211; News"},"content":{"rendered":"<p><strong>Verstappen salta la premiazione FIA<\/strong><\/p>\n<p>Max <strong>Verstappen<\/strong> non parteciper\u00e0 alla tradizionale cerimonia di premiazione di fine stagione della FIA, che \u00e8 in programma questa sera a Tashkent. Il vicecampione del mondo \u00e8 infatti influenzato, come informa de Telegraaf, dunque non voler\u00e0 verso la capitale dell\u2019Uzbekistan e non ritirer\u00e0 il premio nel Gala che vi mostreremo in diretta questa sera.<\/p>\n<p>I primi tre classificati dell\u2019ultimo Mondiale piloti di F1 sono tenuti a presenziare alla cerimonia di premiazione, ma sono ammesse eccezioni e i motivi di salute rientrano ovviamente tra queste. Super Max starebbe combattendo contro una forma influenzale sin dal post-GP di Abu Dhabi, dove ha perso il titolo per due punti contro Lando Norris.<\/p>\n<p>Verstappen \u00e8 inoltre in corsa per il miglior sorpasso dell\u2019anno, quello all\u2019esterno del Tamburello ai danni di Oscar Piastri nel GP di Imola, manovra che poi gli apr\u00ec la strada per il secondo successo degli otto stagionali.<\/p>\n<p>Nel Gala FIA del 2024, tenuto a Kigali (Rwanda), il quattro volte campione del mondo fu condannato ai \u201cservizi sociali\u201d per aver pronunciato una parolaccia nella conferenza stampa del gioved\u00ec del GP Singapore. <\/p>\n","protected":false},"excerpt":{"rendered":"Verstappen salta la premiazione FIA Max Verstappen non parteciper\u00e0 alla tradizionale cerimonia di premiazione di fine stagione della&hellip;\n","protected":false},"author":3,"featured_media":257736,"comment_status":"","ping_status":"","sticky":false,"template":"","format":"standard","meta":{"footnotes":""},"categories":[176],"tags":[1537,90,89,2363,245,244],"class_list":{"0":"post-257735","1":"post","2":"type-post","3":"status-publish","4":"format-standard","5":"has-post-thumbnail","7":"category-sport","8":"tag-it","9":"tag-italia","10":"tag-italy","11":"tag-max-verstappen","12":"tag-sport","13":"tag-sports"},"share_on_mastodon":{"url":"https:\/\/pubeurope.com\/@it\/115708051184729026","error":""},"_links":{"self":[{"href":"https:\/\/www.europesays.com\/it\/wp-json\/wp\/v2\/posts\/257735","targetHints":{"allow":["GET"]}}],"collection":[{"href":"https:\/\/www.europesays.com\/it\/wp-json\/wp\/v2\/posts"}],"about":[{"href":"https:\/\/www.europesays.com\/it\/wp-json\/wp\/v2\/types\/post"}],"author":[{"embeddable":true,"href":"https:\/\/www.europesays.com\/it\/wp-json\/wp\/v2\/users\/3"}],"replies":[{"embeddable":true,"href":"https:\/\/www.europesays.com\/it\/wp-json\/wp\/v2\/comments?post=257735"}],"version-history":[{"count":0,"href":"https:\/\/www.europesays.com\/it\/wp-json\/wp\/v2\/posts\/257735\/revisions"}],"wp:featuredmedia":[{"embeddable":true,"href":"https:\/\/www.europesays.com\/it\/wp-json\/wp\/v2\/media\/257736"}],"wp:attachment":[{"href":"https:\/\/www.europesays.com\/it\/wp-json\/wp\/v2\/media?parent=257735"}],"wp:term":[{"taxonomy":"category","embeddable":true,"href":"https:\/\/www.europesays.com\/it\/wp-json\/wp\/v2\/categories?post=257735"},{"taxonomy":"post_tag","embeddable":true,"href":"https:\/\/www.europesays.com\/it\/wp-json\/wp\/v2\/tags?post=257735"}],"curies":[{"name":"wp","href":"https:\/\/api.w.org\/{rel}","templated":true}]}}