{"id":257769,"date":"2025-12-12T19:04:11","date_gmt":"2025-12-12T19:04:11","guid":{"rendered":"https:\/\/www.europesays.com\/it\/257769\/"},"modified":"2025-12-12T19:04:11","modified_gmt":"2025-12-12T19:04:11","slug":"litalia-si-sblocca-anche-nello-sci-di-fondo-barp-pellgrino-secondi-nella-team-sprint-di-davos","status":"publish","type":"post","link":"https:\/\/www.europesays.com\/it\/257769\/","title":{"rendered":"L\u2019Italia si sblocca anche nello sci di fondo! Barp\/Pellgrino secondi nella team sprint di Davos!"},"content":{"rendered":"<p><strong>Federico Pellegrino ed Elia Barp, cio\u00e8 Italia 1 in questa circostanza, conquistano la seconda posizione nella team sprint a tecnica libera di Davos.<\/strong> In Svizzera, arriva il primo podio stagionale per il nostro Paese in una competizione di Coppa del Mondo, grazie a una grande rimonta nell\u2019ultimo giro da parte di Chicco, capace di un numero notevole di cui si discorrer\u00e0 in grado di portare al podio. Vittoria, inevitabile, per la Norvegia, con<strong> Erik Valnes e (soprattutto) Johannes Hoesflot Klaebo che vincono in 14\u201900\u203395.<\/strong><\/p>\n<p>Non c\u2019\u00e8 che dire: quella odierna \u00e8 la team sprint delle cadute. Nelle primissime fasi, nella curva che precede la zona del cambio, \u00e8 Barp a cadere; un paio di minuti dopo va a fargli compagnia Anger, ma per l\u2019uno come per l\u2019altro non si dimezzano le speranze di podio. Rischia anche Carollo per via di un agganciamento, ma \u00e8 evidente che con 15+15 concorrenti al via le cose non possono che essere confuse al massimo grado possibile.<\/p>\n<p>Rimane, comunque, il fatto che nelle ultime fasi restano nove coppie a giocarsi il podio. O meglio, otto a giocarsi il podio e una ad attendere il momento di andare. Gi\u00e0, perch\u00e9 quell\u2019una, accanto a Erik Valnes, ha Klaebo, e quando Klaebo sulla salita decide di andar via non c\u2019\u00e8 nulla da fare per nessuno: vince praticamente per dispersione. L\u2019interessante accade dietro, con Pellegrino che riesce a rimontare diverse posizioni in un amen in un\u2019unica curva, <strong>a guadagnare la terza prima dell\u2019ultima e a sfruttare l\u2019accelerazione derivante dall\u2019ingresso nel rettilineo per beffare Anger.<\/strong><\/p>\n<p><strong>Cos\u00ec, dunque, il podio: Norvegia 1 (Valnes\/Klaebo), Italia 1 a 2\u203304, Svezia 1 (Johan Haeggstroem\/Edvin Anger) a 2\u203309.<\/strong> Terminano poco pi\u00f9 dietro Svizzera 1 (Noe Naeff\/Janik Riebli) a 2\u203359 e Finlandia 1 (Lauri Vuorinen\/Joni Maki) a 3\u203324. Sesta posizione per Austria 1 a 3\u203330, poi Norvegia 2 a 4\u203313, Germania a 4\u203354 e<strong> un\u2019ottima Italia 2 con Davide Graz e Martino Carollo nona a 7\u203388<\/strong>. Decima la Cechia a 11\u203326.<\/p>\n","protected":false},"excerpt":{"rendered":"Federico Pellegrino ed Elia Barp, cio\u00e8 Italia 1 in questa circostanza, conquistano la seconda posizione nella team sprint&hellip;\n","protected":false},"author":3,"featured_media":257770,"comment_status":"","ping_status":"","sticky":false,"template":"","format":"standard","meta":{"footnotes":""},"categories":[176],"tags":[151300,151301,151304,151345,151306,1537,90,89,151346,151310,245,244],"class_list":{"0":"post-257769","1":"post","2":"type-post","3":"status-publish","4":"format-standard","5":"has-post-thumbnail","7":"category-sport","8":"tag-coppa-del-mondo-sci-di-fondo-2025-2026","9":"tag-davide-graz","10":"tag-elia-barp","11":"tag-erik-valnes","12":"tag-federico-pellegrino","13":"tag-it","14":"tag-italia","15":"tag-italy","16":"tag-johannes-hoesflot-klaebo","17":"tag-martino-carollo","18":"tag-sport","19":"tag-sports"},"share_on_mastodon":{"url":"https:\/\/pubeurope.com\/@it\/115708157291377345","error":""},"_links":{"self":[{"href":"https:\/\/www.europesays.com\/it\/wp-json\/wp\/v2\/posts\/257769","targetHints":{"allow":["GET"]}}],"collection":[{"href":"https:\/\/www.europesays.com\/it\/wp-json\/wp\/v2\/posts"}],"about":[{"href":"https:\/\/www.europesays.com\/it\/wp-json\/wp\/v2\/types\/post"}],"author":[{"embeddable":true,"href":"https:\/\/www.europesays.com\/it\/wp-json\/wp\/v2\/users\/3"}],"replies":[{"embeddable":true,"href":"https:\/\/www.europesays.com\/it\/wp-json\/wp\/v2\/comments?post=257769"}],"version-history":[{"count":0,"href":"https:\/\/www.europesays.com\/it\/wp-json\/wp\/v2\/posts\/257769\/revisions"}],"wp:featuredmedia":[{"embeddable":true,"href":"https:\/\/www.europesays.com\/it\/wp-json\/wp\/v2\/media\/257770"}],"wp:attachment":[{"href":"https:\/\/www.europesays.com\/it\/wp-json\/wp\/v2\/media?parent=257769"}],"wp:term":[{"taxonomy":"category","embeddable":true,"href":"https:\/\/www.europesays.com\/it\/wp-json\/wp\/v2\/categories?post=257769"},{"taxonomy":"post_tag","embeddable":true,"href":"https:\/\/www.europesays.com\/it\/wp-json\/wp\/v2\/tags?post=257769"}],"curies":[{"name":"wp","href":"https:\/\/api.w.org\/{rel}","templated":true}]}}