{"id":257778,"date":"2025-12-12T19:09:16","date_gmt":"2025-12-12T19:09:16","guid":{"rendered":"https:\/\/www.europesays.com\/it\/257778\/"},"modified":"2025-12-12T19:09:16","modified_gmt":"2025-12-12T19:09:16","slug":"leone-xiv-spegne-le-polemiche-su-una-udienza-controversa-ai-servizi-un-monito-si-alla-cooperazione-no-al-dossieraggio","status":"publish","type":"post","link":"https:\/\/www.europesays.com\/it\/257778\/","title":{"rendered":"Leone XIV spegne le polemiche su una udienza controversa. Ai servizi un monito: s\u00ec alla cooperazione, no al dossieraggio"},"content":{"rendered":"<p class=\"align-justify\">Citt\u00e0 del Vaticano \u2013 Questa mattina Papa Leone XIV ha ricevuto in Udienza i membri del <b>Sistema di Informazione per la Sicurezza della Repubblica Italiana<\/b>, nel contesto del centenario che il Pontefice ha richiamato risalendo al <b>1925<\/b>, quando nacque il Servizio Informazioni Militari. Il <b>Sistema di informazione per la sicurezza della Repubblica<\/b> \u00e8 oggi l\u2019insieme di organi e autorit\u00e0 chiamati a \u201cassicurare le attivit\u00e0 informative\u201d per salvaguardare l\u2019Italia da minacce interne ed esterne; la sua architettura \u00e8 stata riformata con la legge <b>124\/2007<\/b>, che ha ridefinito competenze e catena di coordinamento, articolando il comparto su <b>DIS<\/b>, <b>AISE<\/b> (estero) e <b>AISI<\/b> (interno), sotto l\u2019indirizzo della Presidenza del Consiglio, con un sistema di vigilanza parlamentare affidato al <b>COPASIR<\/b> e con obblighi di relazione periodica.<\/p>\n<p><b>I dubbi in Vaticano: etica, dossieraggio e confini della cooperazione<\/b><\/p>\n<p class=\"align-justify\">L\u2019udienza, per\u00f2, non \u00e8 stata accolta ovunque con serenit\u00e0. Diversi ambienti interni alla Citt\u00e0 del Vaticano hanno manifestato perplessit\u00e0 per le criticit\u00e0 <b>etiche e morali<\/b> che accompagnano, in generale, l\u2019operato dei servizi di intelligence: l\u2019equilibrio tra tutela del bene comune e rispetto della persona, tra sicurezza e rischio di \u201cuso\u201d improprio dell\u2019informazione. In questo quadro si inserisce anche il tema \u2013 oggi particolarmente sensibile \u2013 del <b>dossieraggio<\/b> che ha coinvolto, negli anni scorsi, figure di rilievo della Santa Sede, tra cui il cardinale <b>Angelo Becciu ed altri prelati<\/b>.<br \/>\ufeff<br \/>\ufeffUn cardinale ha sottolineato, inoltre, che i contatti operativi fra <b>Gendarmeria Vaticana<\/b> e apparati informativi italiani, nati per finalit\u00e0 di protezione e prevenzione, sono spesso diventati ambigui negli ultimi anni, venendo utilizzati come canali per raccogliere o far circolare informazioni su preti, vescovi, cardinali e personalit\u00e0 vaticane: un terreno scivoloso, dove la fiducia istituzionale rischia di confondersi con dinamiche di pressione, sospetto o controllo interno.<\/p>\n<p><img decoding=\"async\" src=\"https:\/\/www.europesays.com\/it\/wp-content\/uploads\/2025\/12\/639011522058360605cq5dam.thumbnail.cropped.1500.84416.jpeg\" data-image=\"e04c1aec-a1f7-4c5b-a68a-f7fb9831d9e1\"\/><b>Il discorso di Leone XIV: \u201cs\u00ec\u201d alla sicurezza, ma con paletti non negoziabili<\/b><\/p>\n<p class=\"align-justify\">Nel suo intervento, per\u00f2, il Papa ha affrontato precisamente proprio la questione che rende controversa l\u2019udienza: ha espresso apprezzamento per un lavoro \u201ccompetente\u201d, \u201ctrasparente\u201d e insieme \u201criservato\u201d, ma ha imposto criteri stringenti su <b>scopi <\/b>e <b>modalit\u00e0<\/b>. <br \/>\ufeff<br \/>\ufeffDue i cardini: <b>dignit\u00e0 della persona<\/b> ed <b>etica della comunicazione<\/b>. Leone XIV ha chiesto limiti chiari e vigilanza sulle tentazioni di un\u2019attivit\u00e0 che \u201cincide fortemente sui diritti individuali\u201d, esigendo proporzionalit\u00e0, tutela della vita privata e familiare, <b>libert\u00e0 di coscienza e di informazione<\/b>, diritto al giusto processo; e ha legato la legittimit\u00e0 dell\u2019azione dei Servizi a leggi promulgate e pubbliche, al controllo da parte della magistratura e a bilanci sottoposti a controlli trasparenti. <br \/>\ufeff<br \/>\ufeffSulla comunicazione, poi, il monito \u00e8 stato esplicito: <b>le informazioni riservate non devono mai diventare strumenti per \u201cintimidire, manipolare, ricattare, screditare\u201d politici, giornalisti o altri attori civili<\/b>, e &#8211; ha aggiunto &#8211; \u201ctutto ci\u00f2 vale anche per l\u2019ambito ecclesiale\u201d. <br \/>\ufeff<br \/>\ufeff\u00c8 qui che il Papa, di fatto, ha spiegato perch\u00e9 l\u2019udienza poteva apparire discutibile ma non gratuita: ha ringraziato per la collaborazione anche nella sicurezza della Santa Sede, ma ha contemporaneamente tracciato una linea morale oltre la quale ogni cooperazione, anche la pi\u00f9 efficiente, diventa inaccettabile.<br \/>\ufeff<br \/>\ufeffs.R.T.<br \/>\ufeffSilere non possum<\/p>\n","protected":false},"excerpt":{"rendered":"Citt\u00e0 del Vaticano \u2013 Questa mattina Papa Leone XIV ha ricevuto in Udienza i membri del Sistema di&hellip;\n","protected":false},"author":3,"featured_media":257779,"comment_status":"","ping_status":"","sticky":false,"template":"","format":"standard","meta":{"footnotes":""},"categories":[160],"tags":[14,164,165,166,7,15,11,167,12,168,161,162,163],"class_list":{"0":"post-257778","1":"post","2":"type-post","3":"status-publish","4":"format-standard","5":"has-post-thumbnail","7":"category-mondo","8":"tag-cronaca","9":"tag-dal-mondo","10":"tag-dalmondo","11":"tag-mondo","12":"tag-news","13":"tag-notizie","14":"tag-ultime-notizie","15":"tag-ultime-notizie-di-mondo","16":"tag-ultimenotizie","17":"tag-ultimenotiziedimondo","18":"tag-world","19":"tag-world-news","20":"tag-worldnews"},"share_on_mastodon":{"url":"https:\/\/pubeurope.com\/@it\/115708177212110189","error":""},"_links":{"self":[{"href":"https:\/\/www.europesays.com\/it\/wp-json\/wp\/v2\/posts\/257778","targetHints":{"allow":["GET"]}}],"collection":[{"href":"https:\/\/www.europesays.com\/it\/wp-json\/wp\/v2\/posts"}],"about":[{"href":"https:\/\/www.europesays.com\/it\/wp-json\/wp\/v2\/types\/post"}],"author":[{"embeddable":true,"href":"https:\/\/www.europesays.com\/it\/wp-json\/wp\/v2\/users\/3"}],"replies":[{"embeddable":true,"href":"https:\/\/www.europesays.com\/it\/wp-json\/wp\/v2\/comments?post=257778"}],"version-history":[{"count":0,"href":"https:\/\/www.europesays.com\/it\/wp-json\/wp\/v2\/posts\/257778\/revisions"}],"wp:featuredmedia":[{"embeddable":true,"href":"https:\/\/www.europesays.com\/it\/wp-json\/wp\/v2\/media\/257779"}],"wp:attachment":[{"href":"https:\/\/www.europesays.com\/it\/wp-json\/wp\/v2\/media?parent=257778"}],"wp:term":[{"taxonomy":"category","embeddable":true,"href":"https:\/\/www.europesays.com\/it\/wp-json\/wp\/v2\/categories?post=257778"},{"taxonomy":"post_tag","embeddable":true,"href":"https:\/\/www.europesays.com\/it\/wp-json\/wp\/v2\/tags?post=257778"}],"curies":[{"name":"wp","href":"https:\/\/api.w.org\/{rel}","templated":true}]}}