{"id":25810,"date":"2025-08-03T11:33:10","date_gmt":"2025-08-03T11:33:10","guid":{"rendered":"https:\/\/www.europesays.com\/it\/25810\/"},"modified":"2025-08-03T11:33:10","modified_gmt":"2025-08-03T11:33:10","slug":"napoli-miretti-il-punto-e-le-cifre-della-trattativa-con-la-juve","status":"publish","type":"post","link":"https:\/\/www.europesays.com\/it\/25810\/","title":{"rendered":"Napoli-Miretti, il punto e le cifre della trattativa con la Juve"},"content":{"rendered":"<p>                                Rilancio bianconero dopo la prima offerta azzurra per il centrocampista che piace a Conte<\/p>\n<p>\n                                                    Dal nostro inviato Vincenzo D&#8217;Angelo\n                            <\/p>\n<p>                    3 agosto &#8211; 10:07  &#8211; CASTEL DI SANGRO<\/p>\n<p class=\"paragraph\" spellcheck=\"true\">Anni fa Rafa Benitez raccont\u00f2 come il Napoli doveva approcciarsi al lavoro. Di campo e non solo. &#8220;Sin prisa, sin pausa&#8221;, lentamente ma inesorabilmente. Ed \u00e8 pi\u00f9 o meno quello che sta succedendo per il mercato azzurro. Consultazioni ai vertici, individuazione dell\u2019obiettivo, trattativa a oltranza, finch\u00e9 non si trova il punto d\u2019incontro che accontenti tutti. <b>E l\u2019ultima mossa ufficiale il ds Giovanni Manna l\u2019ha fatta con la Juve per Fabio Miretti<\/b>, il centrocampista dalle caratteristiche perfette per completare il reparto dei campioni. Miretti \u00e8 una mezzala d\u2019assalto come piace a Conte. Giovane ma gi\u00e0 esperto, che tratta la palla con cura ed eleganza, ma che sa partecipare in maniera attiva anche alla fase di riconquista. Passo svelto, gambe forti, resistenza. <b>Ieri Fabio ha partecipato all\u2019amichevole contro la Reggiana, ma sa da tempo che per la Juve non \u00e8 pi\u00f9 intoccabile<\/b>. E la conferma l\u2019ha avuta di recente, quando il club bianconero non ha chiuso la porta al sondaggio del Napoli, ma ha rilanciato, chiedendo il doppio dei 10 milioni messi sul piatto dagli azzurri. Nessuna chiusura alla cessione. E allora via alla trattativa.\u00a0<\/p>\n<p>    qualit\u00e0\u2014 \u00a0<\/p>\n<p class=\"paragraph is-inline\" spellcheck=\"true\">E i due club in questi giorni hanno intensificato i contatti, per provare a trovare una quadra il prima possibile. Miretti \u00e8 prodotto del vivaio bianconero e garantirebbe una plusvalenza totale in caso di cessione. Un particolare non decisivo ma nemmeno trascurabile. Fabio non ha mai chiesto di essere ceduto, per\u00f2 se proprio deve dire addio alla Juve, vuole farlo per un top club. E l\u2019interesse del Napoli ovviamente lo lusinga. L\u2019idea di giocare nella squadra campione d\u2019Italia e di poter lavorare con Conte \u00e8 un premio anche alla crescita che ha avuto negli ultimi anni. A Genova \u00e8 stato frenato dagli infortuni, ma ha dimostrato di poter essere protagonista a grandi livelli. In pi\u00f9, la sua duttilit\u00e0 si sposa perfettamente con le esigenze del Napoli. A destra o sinistra della mediana, ma anche da esterno offensivo: Miretti \u00e8 un tuttofare che sa fraseggiare nello stretto e puntare velocemente verso la porta. Tempi di gioco e intelligenza tattica, non semplici da trovare in un ragazzo del 2003.<\/p>\n<p><a class=\"is-partner-link\" href=\"https:\/\/fantacampionato.gazzetta.it\/home\/?cmpid=PWPS_fantacampionato_cta25%20\" rel=\"nofollow noopener\" target=\"_blank\">Il Fantacampionato Gazzetta \u00e8 tornato, con il montepremi pi\u00f9 ricco d&#8217;Italia! Iscriviti e partecipa<\/a><\/p>\n<p>    anche gutierrez\u2014 \u00a0<\/p>\n<p class=\"paragraph is-inline\" spellcheck=\"true\">Manna lo conosce da sempre ed \u00e8 stato uno dei primi sponsor dell\u2019operazione. Conte vede dell\u2019ottimo potenziale da poter arricchire e aiutare a sbocciare definitivamente. E anche i costi dell\u2019operazione, per una volta, sembrano congrui. Miretti \u00e8 Nazionale Under 21 ma in odore di promozione, perch\u00e9 in passato ha dimostrato di avere stoffa e personalit\u00e0 per non tremare a certi livelli. <b>Il Napoli ha deciso di andare fino in fondo, certo dell\u2019investimento da fare. <\/b>E Miretti aspetta un segnale dai club, possibilmente a breve. Intanto <a href=\"https:\/\/www.gazzetta.it\/Calcio\/Calciomercato\/Napoli\/31-07-2025\/napoli-torna-di-moda-gutierrez-con-lui-chiuderebbe-i-giochi-sulla-corsia-di-sinistra.shtml?intcmp=hyperlink-articolo-gazit\" rel=\"nofollow noopener\" target=\"_blank\">il Napoli \u00e8 tornato a dialogare con l\u2019agente di Gutierrez,<\/a> a cui erano stati chiesti un paio di giorni di riflessione. Col Girona \u00e8 gi\u00e0 tutto concordato: affare da 18 milioni, bonus inclusi. <b>Ora c\u2019\u00e8 da trovare l\u2019intesa col giocatore, che chiede un quinquennale da 2,5 milioni netti. Il Napoli era partito da 2<\/b>, ora \u00e8 pronto ad alzare sensibilmente la propria proposta, magari cercando di avvicinarsi alla richiesta dello spagnolo con i bonus. Ma la distanza \u00e8 minima e il fatto che si sia ripreso a trattare \u00e8 un segnale chiaro della volont\u00e0 di chiudere a breve. Per dare a Conte un terzino di spinta, ma che sappia buttarsi nel traffico a palleggiare. Come sa fare Miguel.<\/p>\n<p class=\"is-copyright\">\u00a9 RIPRODUZIONE RISERVATA<\/p>\n","protected":false},"excerpt":{"rendered":"Rilancio bianconero dopo la prima offerta azzurra per il centrocampista che piace a Conte Dal nostro inviato Vincenzo&hellip;\n","protected":false},"author":3,"featured_media":25811,"comment_status":"","ping_status":"","sticky":false,"template":"","format":"standard","meta":{"footnotes":"","_share_on_mastodon":"0"},"categories":[1452],"tags":[26504,26505,26506,2983,26507,26508,735,26509,26510,7169,26511,10575,587,2553,721,3153,571,554,2790,2145,15504,1740,22269,1537,90,89,565,14707,18554,7186,248,811,4958,26502,98,1380,6193,7638,26503,1739,245,244,2981,5186],"class_list":["post-25810","post","type-post","status-publish","format-standard","has-post-thumbnail","category-calcio","tag-accontenti","tag-accontenti-ultima","tag-accontenti-ultima-mossa","tag-addio","tag-addio-juve","tag-addio-juve-vuole","tag-affare","tag-affare-bonus","tag-affare-bonus-inclusi","tag-agente","tag-agente-gutierrez","tag-bianconero","tag-bonus","tag-breve","tag-calcio","tag-centrocampista","tag-cessione","tag-club","tag-conte","tag-dimostrato","tag-fabio","tag-football","tag-gutierrez","tag-it","tag-italia","tag-italy","tag-juve","tag-livelli","tag-manna","tag-miretti","tag-napoli","tag-operazione","tag-piace","tag-piace-conte","tag-porta","tag-poter","tag-sa","tag-segnale","tag-sin","tag-soccer","tag-sport","tag-sports","tag-trattativa","tag-trovare"],"share_on_mastodon":{"url":"","error":""},"_links":{"self":[{"href":"https:\/\/www.europesays.com\/it\/wp-json\/wp\/v2\/posts\/25810","targetHints":{"allow":["GET"]}}],"collection":[{"href":"https:\/\/www.europesays.com\/it\/wp-json\/wp\/v2\/posts"}],"about":[{"href":"https:\/\/www.europesays.com\/it\/wp-json\/wp\/v2\/types\/post"}],"author":[{"embeddable":true,"href":"https:\/\/www.europesays.com\/it\/wp-json\/wp\/v2\/users\/3"}],"replies":[{"embeddable":true,"href":"https:\/\/www.europesays.com\/it\/wp-json\/wp\/v2\/comments?post=25810"}],"version-history":[{"count":0,"href":"https:\/\/www.europesays.com\/it\/wp-json\/wp\/v2\/posts\/25810\/revisions"}],"wp:featuredmedia":[{"embeddable":true,"href":"https:\/\/www.europesays.com\/it\/wp-json\/wp\/v2\/media\/25811"}],"wp:attachment":[{"href":"https:\/\/www.europesays.com\/it\/wp-json\/wp\/v2\/media?parent=25810"}],"wp:term":[{"taxonomy":"category","embeddable":true,"href":"https:\/\/www.europesays.com\/it\/wp-json\/wp\/v2\/categories?post=25810"},{"taxonomy":"post_tag","embeddable":true,"href":"https:\/\/www.europesays.com\/it\/wp-json\/wp\/v2\/tags?post=25810"}],"curies":[{"name":"wp","href":"https:\/\/api.w.org\/{rel}","templated":true}]}}