{"id":258335,"date":"2025-12-13T04:21:26","date_gmt":"2025-12-13T04:21:26","guid":{"rendered":"https:\/\/www.europesays.com\/it\/258335\/"},"modified":"2025-12-13T04:21:26","modified_gmt":"2025-12-13T04:21:26","slug":"addio-al-car-sharing-e-al-quadriciclo-duo","status":"publish","type":"post","link":"https:\/\/www.europesays.com\/it\/258335\/","title":{"rendered":"addio al car sharing e al quadriciclo Duo"},"content":{"rendered":"<p>        Il futuro di Mobilize<\/p>\n<p class=\"article-text\">In sostanza, <b>passano al gruppo tutte le attivit\u00e0 funzionali all&#8217;offerta commerciale di auto elettriche<\/b>. In Mobilize rimane cos\u00ec ben poco e difatti il suo raggio d&#8217;azione \u00e8 stato nettamente ridimensionato. Altre attivit\u00e0 sono state &#8220;sospese perch\u00e9 le prospettive di redditivit\u00e0 finanziaria erano ridotte oppure perch\u00e9 le sinergie con le attivit\u00e0 core del Gruppo erano limitate&#8221;.\u00a0<\/p>\n<p class=\"article-text\"><b>\u00c8 il caso proprio di Zity a Milano e &#8211; notizia dell&#8217;ultima ora &#8211; del\u00a0quadriciclo elettrico Duo, la cui produzione \u00e8 stata interrotta a nemmeno sei mesi dal suo arrivo nelle concessionarie<\/b> (stesso destino per la versione per il trasporto merci, Bento, che per\u00f2 non \u00e8 stata lanciata ufficialmente sul mercato). Inoltre, le attivit\u00e0 di Zity a Madrid saranno progressivamente sospese a partire dall&#8217;anno prossimo (in altre citt\u00e0 come Parigi e Lione il servizio \u00e8 stato fermato gi\u00e0 nel 2024).\u00a0<\/p>\n<p class=\"article-text\">Mobilize Beyond Automotive non sar\u00e0 pi\u00f9 un&#8217;entit\u00e0 a s\u00e9 stante\u00a0e l&#8217;uso commerciale del brand continuer\u00e0 con Mobilize Financial Services: per le altre offerte, si far\u00e0 una valutazione nel corso dei prossimi mesi. Insomma, il\u00a0<b><a href=\"https:\/\/www.quattroruote.it\/news\/industria-finanza\/2025\/07\/30\/gruppo_renault_fran_ois_provost_e_il_nuovo_ceo_della_losanga.html\" target=\"_blank\" rel=\"nofollow noopener\">nuovo amministratore delegato Fran\u00e7ois Provost<\/a>\u00a0<\/b>ha deciso di rivedere pesantemente uno dei lasciti del suo predecessore, Luca de Meo.\u00a0<\/p>\n","protected":false},"excerpt":{"rendered":"Il futuro di Mobilize In sostanza, passano al gruppo tutte le attivit\u00e0 funzionali all&#8217;offerta commerciale di auto elettriche.&hellip;\n","protected":false},"author":3,"featured_media":258336,"comment_status":"","ping_status":"","sticky":false,"template":"","format":"standard","meta":{"footnotes":"","_share_on_mastodon":"0"},"categories":[172],"tags":[178,177,49285,1537,90,89,151562],"class_list":["post-258335","post","type-post","status-publish","format-standard","has-post-thumbnail","category-affari","tag-affari","tag-business","tag-gruppo-renault","tag-it","tag-italia","tag-italy","tag-mobilize"],"share_on_mastodon":{"url":"https:\/\/pubeurope.com\/@it\/115710347462600669","error":""},"_links":{"self":[{"href":"https:\/\/www.europesays.com\/it\/wp-json\/wp\/v2\/posts\/258335","targetHints":{"allow":["GET"]}}],"collection":[{"href":"https:\/\/www.europesays.com\/it\/wp-json\/wp\/v2\/posts"}],"about":[{"href":"https:\/\/www.europesays.com\/it\/wp-json\/wp\/v2\/types\/post"}],"author":[{"embeddable":true,"href":"https:\/\/www.europesays.com\/it\/wp-json\/wp\/v2\/users\/3"}],"replies":[{"embeddable":true,"href":"https:\/\/www.europesays.com\/it\/wp-json\/wp\/v2\/comments?post=258335"}],"version-history":[{"count":0,"href":"https:\/\/www.europesays.com\/it\/wp-json\/wp\/v2\/posts\/258335\/revisions"}],"wp:featuredmedia":[{"embeddable":true,"href":"https:\/\/www.europesays.com\/it\/wp-json\/wp\/v2\/media\/258336"}],"wp:attachment":[{"href":"https:\/\/www.europesays.com\/it\/wp-json\/wp\/v2\/media?parent=258335"}],"wp:term":[{"taxonomy":"category","embeddable":true,"href":"https:\/\/www.europesays.com\/it\/wp-json\/wp\/v2\/categories?post=258335"},{"taxonomy":"post_tag","embeddable":true,"href":"https:\/\/www.europesays.com\/it\/wp-json\/wp\/v2\/tags?post=258335"}],"curies":[{"name":"wp","href":"https:\/\/api.w.org\/{rel}","templated":true}]}}