{"id":258553,"date":"2025-12-13T08:38:11","date_gmt":"2025-12-13T08:38:11","guid":{"rendered":"https:\/\/www.europesays.com\/it\/258553\/"},"modified":"2025-12-13T08:38:11","modified_gmt":"2025-12-13T08:38:11","slug":"masterchef-italia-chi-e-luciano-del-rio-92-anni-il-concorrente-piu-anziano-al-mondo","status":"publish","type":"post","link":"https:\/\/www.europesays.com\/it\/258553\/","title":{"rendered":"MasterChef Italia: chi \u00e8 Luciano Del Rio, 92 anni, il concorrente pi\u00f9 anziano al mondo"},"content":{"rendered":"<p>                      di\u00a0Alessandra Dal Monte<\/p>\n<p class=\"summary-art is--brera-r is-mr-b-20 is-mr-t-20\">Ingegnere navale e ancora oggi ad di una societ\u00e0 di telecomunicazioni, ha conquistato giudici e pubblico per la sua determinazione. Non ha ancora il grembiule bianco, per\u00f2. Colpa del \u00abno\u00bb di Locatelli: vedremo se entrer\u00e0 nella Masterclass<\/p>\n<p class=\"chapter-paragraph\"><b\/>C&#8217;\u00e8 stato un momento, durante la prima puntata di <b>MasterChef Italia 15<\/b>, in cui tutto il pubblico si \u00e8 ritrovato negli occhi strabuzzati di <b>Chiara Pavan: <\/b>\u00e8 successo\u00a0quando la chef stellata ha chiesto a\u00a0<b>Luciano<\/b>, concorrente alle prese con i Live Cooking, la sua et\u00e0. Risposta: <b>92 anni<\/b>. \u00abMi scusi?\u00bb, ha replicato, incredula, la \u00abvedetta dei giudici\u00bb, che probabilmente gliene avrebbe dati al massimo 75, interpretando il pensiero di chiunque fosse sintonizzato.<\/p>\n<p class=\"chapter-paragraph\">Ebbene s\u00ec: la nuova edizione del talent culinario di Sky \u00e8 appena partita e gi\u00e0 ha battuto un record, cio\u00e8 quello di aver ospitato il\u00a0<b>concorrente pi\u00f9 anziano del mondo<\/b>. Si chiama <b>Luciano Del Rio<\/b>, classe 1932, originario di La Spezia ma residente a Roma da 60 anni. Padre di tre figli, due dei quali lo hanno accompagnato in trasmissione, \u00e8 un ingegnere navale tutto d&#8217;un pezzo, nonch\u00e9 ancor oggi amministratore delegato di una societ\u00e0 di telecomunicazioni. Il tratto pi\u00f9 evidente di Luciano \u00e8 una determinazione invidiabile:<b> \u00abSono qui per vincere\u00bb<\/b>, dice senza esitazioni davanti ai giudici. Altro che le lacrime e l&#8217;agitazione dei colleghi, ben pi\u00f9 giovani. Lo sguardo di sfida che Luciano lancia a <b>Giorgio Locatelli<\/b>, responsabile con il suo \u00abno\u00bb del grembiule grigio (e quindi del mancato ingresso immediato nella Masterclass), la dice lunga sulla sua tempra.<br \/>&#13;<br \/>\n&#13;<br \/>\n&#13;<br \/>\n&#13;<br \/>\n&#13;<br \/>\n&#13;<br \/>\n&#13;<br \/>\n&#13;<br \/>\n&#13;<br \/>\n&#13;<br \/>\n&#13;<br \/>\n&#13;<br \/>\n&#13;<br \/>\n&#13;<br \/>\n&#13;<br \/>\n&#13;<br \/>\n&#13;<br \/>\n&#13;<br \/>\n&#13;<br \/>\n&#13;<br \/>\n&#13;<br \/>\n&#13;<br \/>\n&#13;<br \/>\n&#13;<br \/>\n&#13;<br \/>\n&#13;<br \/>\n&#13;<br \/>\n&#13;<br \/>\n&#13;<br \/>\n&#13;<br \/>\n&#13;<br \/>\n&#13;<br \/>\n&#13;<br \/>\n&#13;<br \/>\n&#13;<br \/>\n&#13;<br \/>\n&#13;<br \/>\n&#13;<br \/>\n&#13;<br \/>\n&#13;<br \/>\n&#13;<br \/>\n&#13;<br \/>\n&#13;<br \/>\n&#13;<br \/>\n&#13;<br \/>\n&#13;<br \/>\n&#13;<br \/>\n&#13;<br \/>\n&#13;<br \/>\n&#13;<br \/>\n&#13;<br \/>\n&#13;<br \/>\n&#13;\n<\/p>\n<p class=\"chapter-paragraph\">Ufficiale di Marina per oltre 25 anni, specializzato in ingegneria navale\u00a0 &#8211; \u00abAdesso mi sono ammorbidito\u00bb, ammette davanti alle telecamere &#8211; si \u00e8 emozionato solo quando Cannavacciuolo gli ha chiesto quando avesse iniziato a cucinare. \u00abDa pochi anni, una decina. Quando <b>mia moglie Miriam<\/b> ha smesso di poterlo fare, lo faceva per me e per lei, poi anche per i miei figli quando venivano a trovarci il sabato e la domenica. Ho cominciato a fare qualche piatto fuori dal comune, mettendo degli ingredienti un po&#8217; diversi da quelli soliti, mi riusciva bene\u00bb. Accenno di occhi lucidi, giudici visibilmente commossi. Quando Cannavacciuolo gli chiede\u00a0se Miriam cucinasse bene, Luciano risponde con un orgoglio ancora palpabile: \u00abEra bravissima, aveva una specie di sesto senso. Guardava una ricetta e la cambiava al volo, seguendo l\u2019istinto, e spesso le riusciva anche meglio dell\u2019originale. Quando organizzavamo cene con gli amici preparava tutto lei. Cominciavamo giorni prima, non abbiamo mai comprato niente di pronto. Lei mi ha lasciato questa passione\u00bb.<\/p>\n<p class=\"chapter-paragraph\">Luciano, che si \u00e8 iscritto da solo alla trasmissione &#8211;\u00a0\u00abSe me lo avessero imposto i miei figli non lo avrei fatto\u00bb, precisa &#8211; si \u00e8 presentato ai giudici con un <b>antipasto spezzino<\/b>: i muscoli (cozze) ripieni, con cui ottiene due \u00abs\u00ec\u00bb, quello di Bruno Barbieri e di Antonino Cannavacciuolo, e il \u00abno\u00bb di Giorgio Locatelli. Lo rivedremo dunque ai Creative Test, novit\u00e0 di quest&#8217;anno, una prova inedita basata su fantasia e creativit\u00e0, grazie alla quale i giudici definiranno la Masterclass.\u00a0\u00abMasterChef \u00e8 la prima vera follia della mia vita\u00bb, dice Luciano. E tutta l&#8217;Italia \u00e8 pronta a sostenerlo.<\/p>\n<p class=\"is-last-update\" datetime=\"2025-12-13T07:39:08+01:00\">13 dicembre 2025<\/p>\n<p class=\"is-copyright\">\n            \u00a9 RIPRODUZIONE RISERVATA\n        <\/p>\n","protected":false},"excerpt":{"rendered":"di\u00a0Alessandra Dal Monte Ingegnere navale e ancora oggi ad di una societ\u00e0 di telecomunicazioni, ha conquistato giudici e&hellip;\n","protected":false},"author":3,"featured_media":258554,"comment_status":"","ping_status":"","sticky":false,"template":"","format":"standard","meta":{"footnotes":"","_share_on_mastodon":"0"},"categories":[174],"tags":[66686,151807,8364,123206,1061,2375,151803,10799,203,2731,7824,15574,2431,35950,8256,151804,204,1537,90,89,51882,3418,151805,63500,120097,96530,100551,15595,1890,179,30255,14831,2434,1359,151806,24281,15839],"class_list":["post-258553","post","type-post","status-publish","format-standard","has-post-thumbnail","category-intrattenimento","tag-accenno","tag-accenno-occhi","tag-anziano","tag-cannavacciuolo","tag-chiesto","tag-concorrente","tag-concorrente-anziano","tag-determinazione","tag-entertainment","tag-figli","tag-giorgio","tag-giorgio-locatelli","tag-giudici","tag-grembiule","tag-ingegnere","tag-ingegnere-navale","tag-intrattenimento","tag-it","tag-italia","tag-italy","tag-locatelli","tag-luciano","tag-luciano-rio","tag-masterchef","tag-masterchef-italia","tag-masterclass","tag-miriam","tag-navale","tag-occhi","tag-pubblico","tag-rio","tag-riusciva","tag-si","tag-societa","tag-societa-telecomunicazioni","tag-telecomunicazioni","tag-trasmissione"],"share_on_mastodon":{"url":"","error":"Validation failed: Text character limit of 500 exceeded"},"_links":{"self":[{"href":"https:\/\/www.europesays.com\/it\/wp-json\/wp\/v2\/posts\/258553","targetHints":{"allow":["GET"]}}],"collection":[{"href":"https:\/\/www.europesays.com\/it\/wp-json\/wp\/v2\/posts"}],"about":[{"href":"https:\/\/www.europesays.com\/it\/wp-json\/wp\/v2\/types\/post"}],"author":[{"embeddable":true,"href":"https:\/\/www.europesays.com\/it\/wp-json\/wp\/v2\/users\/3"}],"replies":[{"embeddable":true,"href":"https:\/\/www.europesays.com\/it\/wp-json\/wp\/v2\/comments?post=258553"}],"version-history":[{"count":0,"href":"https:\/\/www.europesays.com\/it\/wp-json\/wp\/v2\/posts\/258553\/revisions"}],"wp:featuredmedia":[{"embeddable":true,"href":"https:\/\/www.europesays.com\/it\/wp-json\/wp\/v2\/media\/258554"}],"wp:attachment":[{"href":"https:\/\/www.europesays.com\/it\/wp-json\/wp\/v2\/media?parent=258553"}],"wp:term":[{"taxonomy":"category","embeddable":true,"href":"https:\/\/www.europesays.com\/it\/wp-json\/wp\/v2\/categories?post=258553"},{"taxonomy":"post_tag","embeddable":true,"href":"https:\/\/www.europesays.com\/it\/wp-json\/wp\/v2\/tags?post=258553"}],"curies":[{"name":"wp","href":"https:\/\/api.w.org\/{rel}","templated":true}]}}