{"id":258814,"date":"2025-12-13T12:41:13","date_gmt":"2025-12-13T12:41:13","guid":{"rendered":"https:\/\/www.europesays.com\/it\/258814\/"},"modified":"2025-12-13T12:41:13","modified_gmt":"2025-12-13T12:41:13","slug":"attualita-premio-architettura-bassano-proclamati-i-vincitori-2025","status":"publish","type":"post","link":"https:\/\/www.europesays.com\/it\/258814\/","title":{"rendered":"Attualit\u00e0: Premio Architettura Bassano: proclamati i vincitori 2025"},"content":{"rendered":"<p class=\"didascalia color\"> I vincitori del progetto \u201cTabi\u00e0 Santo Stefano\u201d.<\/p>\n<p class=\"text\">\n\t\t\t<br \/>&#13;La giuria ha inoltre assegnato due menzioni speciali.<br \/>&#13;Per la categoria Architettura pubblica \u00e8 stato premiato il Nuovo polo culturale di Mussolente (VI), progettato da Didon\u00e8 Comacchio architects (architetti Paolo Didon\u00e8 e Devvy Comacchio) in collaborazione con Studio SBSA (architetti Barbara Sandri e Andrea Smaniotto).<br \/>&#13;Una seconda menzione \u00e8 andata al committente del progetto House GM a Ros\u00e0 (VI), firmato da Didon\u00e8 Comacchio Architects insieme all\u2019ingegnere Paola Meneghetti.<\/p>\n<p>\u201cAncora una volta questo premio ha messo in luce il valore dei progetti sviluppati nel nostro territorio grazie alla sensibilit\u00e0 di progettisti, costruttori e committenti pubblici e privati \u2013 ha dichiarato il sindaco Nicola Finco \u2013 e credo sia importante che un\u2019amministrazione li valorizzi facendoli conoscere. Ringrazio l\u2019Ordine degli Architetti della Provincia di Vicenza, i Comuni del territorio, le aziende partner e tutti coloro che si sono impegnati per la buona riuscita della manifestazione e della Settimana dell\u2019Architettura, che ha portato al pubblico proposte di grande qualit\u00e0 e interesse\u201d.<\/p>\n<p>La chiusura dell\u2019edizione 2025 conferma il ruolo del Premio Architettura come osservatorio privilegiato sulle nuove tendenze progettuali e sulla crescita culturale della comunit\u00e0 bassanese.\t\t<\/p>\n","protected":false},"excerpt":{"rendered":"I vincitori del progetto \u201cTabi\u00e0 Santo Stefano\u201d. &#13;La giuria ha inoltre assegnato due menzioni speciali.&#13;Per la categoria Architettura&hellip;\n","protected":false},"author":3,"featured_media":258815,"comment_status":"","ping_status":"","sticky":false,"template":"","format":"standard","meta":{"footnotes":""},"categories":[1446],"tags":[1615,1613,1614,1611,1610,14933,146483,152000,14,1612,203,152001,204,1537,90,89,15,151999],"class_list":{"0":"post-258814","1":"post","2":"type-post","3":"status-publish","4":"format-standard","5":"has-post-thumbnail","7":"category-arte-e-design","8":"tag-arte","9":"tag-arte-e-design","10":"tag-arteedesign","11":"tag-arts","12":"tag-arts-and-design","13":"tag-bassano","14":"tag-bassano-del-grappa","15":"tag-bassanonet","16":"tag-cronaca","17":"tag-design","18":"tag-entertainment","19":"tag-eventi-a-bassano","20":"tag-intrattenimento","21":"tag-it","22":"tag-italia","23":"tag-italy","24":"tag-notizie","25":"tag-opera-estate-festival"},"share_on_mastodon":{"url":"https:\/\/pubeurope.com\/@it\/115712313476227289","error":""},"_links":{"self":[{"href":"https:\/\/www.europesays.com\/it\/wp-json\/wp\/v2\/posts\/258814","targetHints":{"allow":["GET"]}}],"collection":[{"href":"https:\/\/www.europesays.com\/it\/wp-json\/wp\/v2\/posts"}],"about":[{"href":"https:\/\/www.europesays.com\/it\/wp-json\/wp\/v2\/types\/post"}],"author":[{"embeddable":true,"href":"https:\/\/www.europesays.com\/it\/wp-json\/wp\/v2\/users\/3"}],"replies":[{"embeddable":true,"href":"https:\/\/www.europesays.com\/it\/wp-json\/wp\/v2\/comments?post=258814"}],"version-history":[{"count":0,"href":"https:\/\/www.europesays.com\/it\/wp-json\/wp\/v2\/posts\/258814\/revisions"}],"wp:featuredmedia":[{"embeddable":true,"href":"https:\/\/www.europesays.com\/it\/wp-json\/wp\/v2\/media\/258815"}],"wp:attachment":[{"href":"https:\/\/www.europesays.com\/it\/wp-json\/wp\/v2\/media?parent=258814"}],"wp:term":[{"taxonomy":"category","embeddable":true,"href":"https:\/\/www.europesays.com\/it\/wp-json\/wp\/v2\/categories?post=258814"},{"taxonomy":"post_tag","embeddable":true,"href":"https:\/\/www.europesays.com\/it\/wp-json\/wp\/v2\/tags?post=258814"}],"curies":[{"name":"wp","href":"https:\/\/api.w.org\/{rel}","templated":true}]}}