{"id":259427,"date":"2025-12-13T22:17:17","date_gmt":"2025-12-13T22:17:17","guid":{"rendered":"https:\/\/www.europesays.com\/it\/259427\/"},"modified":"2025-12-13T22:17:17","modified_gmt":"2025-12-13T22:17:17","slug":"oro-della-banca-ditalia-il-governo-aggiunge-al-testo-il-rispetto-dei-trattati-ue","status":"publish","type":"post","link":"https:\/\/www.europesays.com\/it\/259427\/","title":{"rendered":"Oro della Banca d\u2019Italia, il governo aggiunge al testo il rispetto dei Trattati Ue"},"content":{"rendered":"<p>    di<br \/>\n    Enrico Marro<\/p>\n<p class=\"summary-art is-line-h-12 is-mr-t-20\">La riformulazione dell\u2019emendamento alla Legge di bilancio. Attesa per la risposta della Bce<\/p>\n<p class=\"chapter-paragraph\">\u00c8 soddisfatto Lucio Malan. Alla fine l\u2019emendamento alla manovra per stabilire che l\u2019oro della Banca d\u2019Italia appartiene \u00abal popolo italiano\u00bb sar\u00e0 approvato. E poco importa che esso non avr\u00e0 effetti pratici perch\u00e9 le riserve auree,  come confermer\u00e0 il testo, continueranno a essere \u00abdetenute\u00bb e \u00abgestite\u00bb da Bankitalia nel rispetto \u2014 come ha preteso la Banca centrale europea  \u2014 della sua indipendenza e autonomia e in conformit\u00e0 ai Trattati europei.<\/p>\n<p>    La decisione nella notte<\/p>\n<p class=\"chapter-paragraph\">Rivendicare che l\u2019oro (del valore di circa 280 miliardi di euro) appartiene al popolo italiano \u00e8 \u00abuna battaglia storica di Fratelli d\u2019Italia \u2014 sottolinea Malan, capogruppo del partito al Senato \u2014. Abbiamo posto il tema in Parlamento  fin dal 2014 con un\u2019iniziativa di Giorgia Meloni. Se ora questa battaglia, come sembra, si trasformer\u00e0  in una legge dello Stato, non potremo che essere molto soddisfatti\u00bb. Il copione \u00e8 gi\u00e0 scritto. Andr\u00e0 in scena questa notte. Alle 23 si riunir\u00e0 la commissione Bilancio del Senato per entrare finalmente nel vivo dell\u2019esame degli  emendamenti alla manovra. Il governo esprimer\u00e0 i pareri (favorevole o contrario) sulle singole proposte di modifica (comprese quelle  riformulate) e sull\u2019emendamento di Malan sull\u2019oro di Bankitalia subordiner\u00e0 il via libera a una ulteriore riformulazione del testo che affermi il principio del pieno rispetto dei Trattati Ue. Una richiesta che Malan accetter\u00e0 perch\u00e9, sostiene, \u00abquesto \u00e8 sempre stato chiaro: non ho mai pensato  che con un emendamento si possano cambiare i Trattati europei\u00bb. Accolta la richiesta, l\u2019approvazione \u00e8 scontata.    &#13;<br \/>\n&#13;<br \/>\n&#13;<br \/>\n&#13;<br \/>\n&#13;<br \/>\n&#13;<br \/>\n&#13;<br \/>\n&#13;<br \/>\n&#13;<br \/>\n&#13;<br \/>\n&#13;<br \/>\n&#13;<br \/>\n&#13;<br \/>\n&#13;<br \/>\n&#13;<br \/>\n&#13;<br \/>\n&#13;<br \/>\n&#13;<br \/>\n&#13;<br \/>\n&#13;<br \/>\n&#13;<br \/>\n&#13;<br \/>\n&#13;<br \/>\n&#13;<br \/>\n&#13;<br \/>\n&#13;<br \/>\n&#13;<br \/>\n&#13;<br \/>\n&#13;<br \/>\n&#13;<br \/>\n&#13;<br \/>\n&#13;<br \/>\n&#13;<br \/>\n&#13;<br \/>\n&#13;<br \/>\n&#13;<br \/>\n&#13;<br \/>\n&#13;<br \/>\n&#13;<br \/>\n&#13;<br \/>\n&#13;<br \/>\n&#13;<br \/>\n&#13;<br \/>\n&#13;<br \/>\n&#13;<br \/>\n&#13;<br \/>\n&#13;<br \/>\n&#13;<br \/>\n&#13;<br \/>\n&#13;<br \/>\n&#13;<br \/>\n&#13;<br \/>\n&#13;\n<\/p>\n<p>    Battaglia di principio<\/p>\n<p class=\"chapter-paragraph\">Tanto rumore per nulla? \u00abAssolutamente no \u2014 risponde Malan \u2014 Anzi, proprio il dibattito che c\u2019\u00e8 stato dimostra che la norma \u00e8 necessaria. Se come hanno sostenuto gli esperti, le riserve auree stanno l\u00ec per far fronte ad eventuali gravi emergenze, chi decide in questi casi? L\u2019Italia, certo nel rispetto dei Trattati Ue, o qualcun altro magari per risolvere problemi altrui?\u00bb. Insomma, per Fratelli d\u2019Italia la battaglia sull\u2019oro sar\u00e0 pure di principio, ma non inutile. E affermare il principio che le riserve auree, detenute e gestite dalla Banca d\u2019Italia e dunque dal sistema Bce, sono del \u00abpopolo italiano\u00bb non fa che allineare l\u2019Italia, per esempio, alla Francia, dove l\u2019oro \u00e8, secondo la legge, di propriet\u00e0 dello Stato anche se \u00e8 detenuto e gestito dalla Banque de France.<\/p>\n<p>    Il confronto con la Bce<\/p>\n<p class=\"chapter-paragraph\">Certo, se questo allineamento avverr\u00e0, molto si deve anche alla mediazione svolta dal ministro dell\u2019Economia, Giancarlo Giorgetti, con la stessa Bce, che per ben due volte ha scritto al governo italiano invitandolo a \u00abriconsiderare\u00bb l\u2019emendamento Malan, ritenendo il testo originario e la prima riformulazione dello stesso non chiari nelle finalit\u00e0. Il nodo \u00e8 stato sciolto  gioved\u00ec scorso in un faccia a faccia a Bruxelles tra lo stesso Giorgetti e la presidente della Bce. \u00abHo chiarito a Christine Lagarde \u2014 ha poi raccontato il ministro \u2014  che questo principio politico era giusto che venisse codificato nelle nostre leggi. Lei ha detto che capiva perfettamente questo, naturalmente rivendicava le prerogative che i trattati pongono in capo alla Bce, ma non poteva negare che l\u2019oro non \u00e8 di propriet\u00e0 della Bce o della Banca d\u2019Italia: \u00e8 gestito da loro ma sicuramente \u00e8 un patrimonio che appartiene al popolo italiano\u00bb. Questione chiusa? S\u00ec, secondo il  governo. Ma conviene aspettare l\u2019ultimo testo e vedere se \u00e8 cos\u00ec anche per la Bce.<\/p>\n<p><a href=\"https:\/\/www.corriere.it\/app-economia\/?intcmp=DL-app_nd_011024_corriere_ss_conomia\" target=\"_blank\" class=\"bck-app-banner\" rel=\"nofollow noopener\"><img decoding=\"async\" class=\"bck-app-img\" src=\"https:\/\/www.europesays.com\/it\/wp-content\/uploads\/2025\/08\/1756449670_863_app.png\"\/><\/p>\n<p>Nuova app <strong>L&#8217;Economia<\/strong>. News, approfondimenti e l&#8217;assistente virtuale al tuo servizio.<\/p>\n<p>SCARICA L&#8217; APP<\/p>\n<p><img decoding=\"async\" src=\"https:\/\/www.europesays.com\/it\/wp-content\/uploads\/2025\/07\/eco.png\"\/><\/a><\/p>\n<p>Iscriviti alle <a href=\"https:\/\/www.corriere.it\/newsletter\/?theme=4\" rel=\"nofollow noopener\" target=\"_blank\">newsletter de L&#8217;Economia<\/a>. Analisi e commenti sui principali avvenimenti\u00a0economici a cura delle firme del Corriere.<\/p>\n<p class=\"is-last-update\" datetime=\"2025-12-13T21:25:01+01:00\">13 dicembre 2025 ( modifica il 13 dicembre 2025 | 21:25)<\/p>\n<p class=\"is-copyright\">\n            \u00a9 RIPRODUZIONE RISERVATA\n        <\/p>\n","protected":false},"excerpt":{"rendered":"di Enrico Marro La riformulazione dell\u2019emendamento alla Legge di bilancio. Attesa per la risposta della Bce \u00c8 soddisfatto&hellip;\n","protected":false},"author":3,"featured_media":238851,"comment_status":"","ping_status":"","sticky":false,"template":"","format":"standard","meta":{"footnotes":""},"categories":[6],"tags":[69325,152380,152381,33974,1421,51798,51802,2233,6537,1033,14,42097,152385,2458,152386,1727,322,323,35340,42132,32233,8,1537,90,1599,89,1207,152378,7,15,82,9,83,10,3206,977,152379,54597,150770,6325,33976,1270,152382,152383,2454,13,21807,152384,997,11,80,84,12,81,85],"class_list":{"0":"post-259427","1":"post","2":"type-post","3":"status-publish","4":"format-standard","5":"has-post-thumbnail","7":"category-ultime-notizie","8":"tag-appartiene","9":"tag-appartiene-popolo","10":"tag-appartiene-popolo-italiano","11":"tag-auree","12":"tag-banca","13":"tag-banca-italia","14":"tag-bankitalia","15":"tag-battaglia","16":"tag-bce","17":"tag-bilancio","18":"tag-cronaca","19":"tag-detenute","20":"tag-detenute-gestite","21":"tag-emendamento","22":"tag-emendamento-malan","23":"tag-europei","24":"tag-fratelli","25":"tag-fratelli-italia","26":"tag-gestite","27":"tag-gestito","28":"tag-giorgetti","29":"tag-headlines","30":"tag-it","31":"tag-italia","32":"tag-italiano","33":"tag-italy","34":"tag-legge","35":"tag-malan","36":"tag-news","37":"tag-notizie","38":"tag-notizie-di-cronaca","39":"tag-notizie-principali","40":"tag-notiziedicronaca","41":"tag-notizieprincipali","42":"tag-oro","43":"tag-popolo","44":"tag-popolo-italiano","45":"tag-principio","46":"tag-riformulazione","47":"tag-riserve","48":"tag-riserve-auree","49":"tag-rispetto","50":"tag-rispetto-trattati","51":"tag-rispetto-trattati-ue","52":"tag-testo","53":"tag-titoli","54":"tag-trattati","55":"tag-trattati-ue","56":"tag-ue","57":"tag-ultime-notizie","58":"tag-ultime-notizie-di-cronaca","59":"tag-ultime-notizie-e-news-di-oggi","60":"tag-ultimenotizie","61":"tag-ultimenotiziedicronaca","62":"tag-ultimenotizieenewsdioggi"},"share_on_mastodon":{"url":"","error":"Validation failed: Text character limit of 500 exceeded"},"_links":{"self":[{"href":"https:\/\/www.europesays.com\/it\/wp-json\/wp\/v2\/posts\/259427","targetHints":{"allow":["GET"]}}],"collection":[{"href":"https:\/\/www.europesays.com\/it\/wp-json\/wp\/v2\/posts"}],"about":[{"href":"https:\/\/www.europesays.com\/it\/wp-json\/wp\/v2\/types\/post"}],"author":[{"embeddable":true,"href":"https:\/\/www.europesays.com\/it\/wp-json\/wp\/v2\/users\/3"}],"replies":[{"embeddable":true,"href":"https:\/\/www.europesays.com\/it\/wp-json\/wp\/v2\/comments?post=259427"}],"version-history":[{"count":0,"href":"https:\/\/www.europesays.com\/it\/wp-json\/wp\/v2\/posts\/259427\/revisions"}],"wp:featuredmedia":[{"embeddable":true,"href":"https:\/\/www.europesays.com\/it\/wp-json\/wp\/v2\/media\/238851"}],"wp:attachment":[{"href":"https:\/\/www.europesays.com\/it\/wp-json\/wp\/v2\/media?parent=259427"}],"wp:term":[{"taxonomy":"category","embeddable":true,"href":"https:\/\/www.europesays.com\/it\/wp-json\/wp\/v2\/categories?post=259427"},{"taxonomy":"post_tag","embeddable":true,"href":"https:\/\/www.europesays.com\/it\/wp-json\/wp\/v2\/tags?post=259427"}],"curies":[{"name":"wp","href":"https:\/\/api.w.org\/{rel}","templated":true}]}}