{"id":25961,"date":"2025-08-03T13:20:19","date_gmt":"2025-08-03T13:20:19","guid":{"rendered":"https:\/\/www.europesays.com\/it\/25961\/"},"modified":"2025-08-03T13:20:19","modified_gmt":"2025-08-03T13:20:19","slug":"vanoli-a-varese-uno-vero-spareggio","status":"publish","type":"post","link":"https:\/\/www.europesays.com\/it\/25961\/","title":{"rendered":"Vanoli: &#8216;A Varese uno vero spareggio&#8217;"},"content":{"rendered":"<p>CREMONA &#8211; \u00abQualcuno dice che la squadra vincitrice della sfida potrebbe essere salva al 90%. Credo che sia una valutazione vicina alla realt\u00e0&#8230;\u00bb. Coach <strong>Gigi Brotto<\/strong> della Vanoli sa bene che contro Varese ci si gioca molto. Sar\u00e0 un campo caldissimo, uno scontro diretto dal peso specifico altissimo per il prosieguo della stagione.<\/p>\n<p><strong>Che gara si aspetta?<\/strong><br \/>\u00abPartiamo dai dati di fatto: Godwin Omenaka non ci sar\u00e0. Non \u00e8 ancora arrivato il suo nullaosta dalla federazione cinese, quindi il debutto sar\u00e0 rimandato. Avr\u00e0 comunque pi\u00f9 tempo per inserirsi nel contesto Vanoli. Per quanto riguarda la gara, posso dire che sar\u00e0 bellissima da giocare: una sfida importante, in un palazzetto pieno di tifosi. Il massimo per chi scende in campo. Vedremo cosa riusciremo a combinare. \u00c8 stata una settimana con qualche problema fisico, ma ci siamo\u00bb.<\/p>\n<p><strong>Ha studiato qualche \u2018trappolone\u2019 per Varese?<\/strong><br \/>\u00abNon abbiamo preparato nulla di particolare a livello tattico, ma spero che la squadra arrivi pronta dal punto di vista psicologico, al termine di un percorso che ci ha permesso di recuperare tanti punti e molta consapevolezza\u00bb.<\/p>\n<p><strong>Come ha visto il nuovo arrivato, Omenaka?<\/strong><br \/>\u00abLe sue dimensioni fisiche sono diverse da quelle a cui siamo abituati in allenamento. Ho visto buona volont\u00e0, e questa \u00e8 gi\u00e0 un\u2019ottima base di partenza. Dal punto di vista tecnico vedremo di inserirlo al meglio. Abbiamo una settimana per lavorarci\u00bb.<\/p>\n<p><strong>Ci sar\u00e0 qualche taglio nel roster?<\/strong><br \/>\u00abNon abbiamo ancora preso decisioni definitive. Dobbiamo valutare se ci saranno possibilit\u00e0 per i ragazzi stranieri gi\u00e0 presenti. Se dovessero arrivare offerte, le valuteremo insieme. Per ora restiamo con sette stranieri\u00bb.<\/p>\n<p><strong>Hands \u00e8 il giocatore pi\u00f9 pericoloso di Varese?<\/strong><br \/>\u00abSe \u00e8 in giornata, servirebbe un esorcista per limitarlo&#8230; La squadra deve essere pronta a darsi una mano su ogni giocatore di Varese\u00bb.<\/p>\n","protected":false},"excerpt":{"rendered":"CREMONA &#8211; \u00abQualcuno dice che la squadra vincitrice della sfida potrebbe essere salva al 90%. Credo che sia&hellip;\n","protected":false},"author":3,"featured_media":25962,"comment_status":"","ping_status":"","sticky":false,"template":"","format":"standard","meta":{"footnotes":""},"categories":[1453],"tags":[1756,1757,5665,26647,26645,26643,26644,26648,1537,90,89,26646,18453,245,244,10352,4103],"class_list":{"0":"post-25961","1":"post","2":"type-post","3":"status-publish","4":"format-standard","5":"has-post-thumbnail","7":"category-basket","8":"tag-basket","9":"tag-basketball","10":"tag-cremona","11":"tag-esorcista","12":"tag-federazione-cinese","13":"tag-gigi-brotto","14":"tag-godwin-omenaka","15":"tag-hands","16":"tag-it","17":"tag-italia","18":"tag-italy","19":"tag-palazzetto","20":"tag-roster","21":"tag-sport","22":"tag-sports","23":"tag-vanoli","24":"tag-varese"},"share_on_mastodon":{"url":"","error":""},"_links":{"self":[{"href":"https:\/\/www.europesays.com\/it\/wp-json\/wp\/v2\/posts\/25961","targetHints":{"allow":["GET"]}}],"collection":[{"href":"https:\/\/www.europesays.com\/it\/wp-json\/wp\/v2\/posts"}],"about":[{"href":"https:\/\/www.europesays.com\/it\/wp-json\/wp\/v2\/types\/post"}],"author":[{"embeddable":true,"href":"https:\/\/www.europesays.com\/it\/wp-json\/wp\/v2\/users\/3"}],"replies":[{"embeddable":true,"href":"https:\/\/www.europesays.com\/it\/wp-json\/wp\/v2\/comments?post=25961"}],"version-history":[{"count":0,"href":"https:\/\/www.europesays.com\/it\/wp-json\/wp\/v2\/posts\/25961\/revisions"}],"wp:featuredmedia":[{"embeddable":true,"href":"https:\/\/www.europesays.com\/it\/wp-json\/wp\/v2\/media\/25962"}],"wp:attachment":[{"href":"https:\/\/www.europesays.com\/it\/wp-json\/wp\/v2\/media?parent=25961"}],"wp:term":[{"taxonomy":"category","embeddable":true,"href":"https:\/\/www.europesays.com\/it\/wp-json\/wp\/v2\/categories?post=25961"},{"taxonomy":"post_tag","embeddable":true,"href":"https:\/\/www.europesays.com\/it\/wp-json\/wp\/v2\/tags?post=25961"}],"curies":[{"name":"wp","href":"https:\/\/api.w.org\/{rel}","templated":true}]}}