{"id":260026,"date":"2025-12-14T09:13:10","date_gmt":"2025-12-14T09:13:10","guid":{"rendered":"https:\/\/www.europesays.com\/it\/260026\/"},"modified":"2025-12-14T09:13:10","modified_gmt":"2025-12-14T09:13:10","slug":"attentato-a-bondi-beach-a-sydney-ci-sono-morti-e-feriti-era-in-corso-la-festa-ebraica-di-hannukkah","status":"publish","type":"post","link":"https:\/\/www.europesays.com\/it\/260026\/","title":{"rendered":"Attentato a Bondi Beach, a Sydney: \u00abCi sono morti e feriti, era in corso la festa ebraica di Hannukkah\u00bb"},"content":{"rendered":"<p>    di<br \/>\n    Redazione Online<\/p>\n<p class=\"summary-art is-line-h-12\">Sparatoria a Bondi Beach, Sydney, una delle spiagge pi\u00f9 famose d&#8217;Australia: secondo alcune testimonianze ci sarebbe stato in corso un festeggiamento ebraico, e ci sarebbero \u00abmorti e feriti\u00bb. La polizia ha fermato due persone<\/p>\n<p class=\"chapter-paragraph\">Attentato a <b>Bondi Beach<\/b>, a <b>Sydney<\/b>, la spiaggia pi\u00f9 famosa d&#8217;Australia.\u00a0<\/p>\n<p class=\"chapter-paragraph\">La polizia del Nuovo Galles del Sud sta rispondendo in questo momento a diverse segnalazioni: secondo quanto riportato dall&#8217;agenzia Reuters avrebbe gi\u00e0 <b>fermato due persone sospette.\u00a0\u00ab<\/b>L&#8217;operazione di polizia \u00e8 ancora in corso, e continuiamo a esortare la gente a evitare la zona. Chiunque si trovi sul posto si metta al riparo\u00bb.\u00bb.    &#13;<br \/>\n&#13;<br \/>\n&#13;<br \/>\n&#13;<br \/>\n&#13;<br \/>\n&#13;<br \/>\n&#13;<br \/>\n&#13;<br \/>\n&#13;<br \/>\n&#13;<br \/>\n&#13;<br \/>\n&#13;<br \/>\n&#13;<br \/>\n&#13;<br \/>\n&#13;<br \/>\n&#13;<br \/>\n&#13;<br \/>\n&#13;<br \/>\n&#13;<br \/>\n&#13;<br \/>\n&#13;<br \/>\n&#13;<br \/>\n&#13;<br \/>\n&#13;<br \/>\n&#13;<br \/>\n&#13;<br \/>\n&#13;<br \/>\n&#13;<br \/>\n&#13;<br \/>\n&#13;<br \/>\n&#13;<br \/>\n&#13;<br \/>\n&#13;<br \/>\n&#13;<br \/>\n&#13;<br \/>\n&#13;<br \/>\n&#13;<br \/>\n&#13;<br \/>\n&#13;<br \/>\n&#13;<br \/>\n&#13;<br \/>\n&#13;<br \/>\n&#13;<br \/>\n&#13;<br \/>\n&#13;<br \/>\n&#13;<br \/>\n&#13;<br \/>\n&#13;<br \/>\n&#13;<br \/>\n&#13;<br \/>\n&#13;<br \/>\n&#13;<br \/>\n&#13;\n<\/p>\n<p class=\"chapter-paragraph\">In un video diffuso sui social, si vedono due uomini, vestiti di nero, che sparano verso la spiaggia. Nel video si sentono almeno 12 colpi.<\/p>\n<p class=\"chapter-paragraph\">Nel video si vedono alcune persone a terra, appena al di fuori di una vettura bianca. I due presunti attentatori sarebbero poi saliti su un ponte che collega un parcheggio alla spiaggia, e di l\u00ec avrebbero continuato a sparare fino ad essere poi colpiti a loro volta.\u00a0<\/p>\n<p class=\"chapter-paragraph\">Il bilancio, al momento, non \u00e8 chiaro, ma diverse testimonianze parlano di diversi tra morti e feriti.<\/p>\n<p class=\"chapter-paragraph\">Secondo quanto riportano altri media nella popolare spiaggia era in corso una celebrazione della festivit\u00e0 ebraica di\u00a0Hanukkah.\u00a0<\/p>\n<p class=\"chapter-paragraph\">Alcuni partecipanti sarebbero stati colpiti, molti sarebbero fuggiti o si starebbero nascondendo.<\/p>\n<p class=\"chapter-paragraph\">Bondi Beach, situata nella periferia orientale di Sydney, \u00e8 uno dei luoghi pi\u00f9 amati della citt\u00e0, ed \u00e8 nota per la sua atmosfera rilassata e la possibilit\u00e0 di fare surf.<\/p>\n<p class=\"chapter-paragraph\">Articolo in aggiornamento&#8230;.<\/p>\n<p class=\"is-last-update\" datetime=\"2025-12-14T09:58:58+01:00\">14 dicembre 2025 ( modifica il 14 dicembre 2025 | 09:58)<\/p>\n<p class=\"is-copyright\">\n            \u00a9 RIPRODUZIONE RISERVATA\n        <\/p>\n","protected":false},"excerpt":{"rendered":"di Redazione Online Sparatoria a Bondi Beach, Sydney, una delle spiagge pi\u00f9 famose d&#8217;Australia: secondo alcune testimonianze ci&hellip;\n","protected":false},"author":3,"featured_media":260027,"comment_status":"","ping_status":"","sticky":false,"template":"","format":"standard","meta":{"footnotes":""},"categories":[160],"tags":[3960,14041,152758,4404,152756,29845,152755,152757,790,14,164,165,826,166,770,50809,7,15,531,13498,11049,11,167,12,168,2392,161,162,163],"class_list":{"0":"post-260026","1":"post","2":"type-post","3":"status-publish","4":"format-standard","5":"has-post-thumbnail","7":"category-mondo","8":"tag-alcune","9":"tag-attentato","10":"tag-attentato-bondi","11":"tag-beach","12":"tag-beach-sydney","13":"tag-bondi","14":"tag-bondi-beach","15":"tag-bondi-beach-sydney","16":"tag-corso","17":"tag-cronaca","18":"tag-dal-mondo","19":"tag-dalmondo","20":"tag-feriti","21":"tag-mondo","22":"tag-morti","23":"tag-morti-feriti","24":"tag-news","25":"tag-notizie","26":"tag-polizia","27":"tag-spiaggia","28":"tag-sydney","29":"tag-ultime-notizie","30":"tag-ultime-notizie-di-mondo","31":"tag-ultimenotizie","32":"tag-ultimenotiziedimondo","33":"tag-video","34":"tag-world","35":"tag-world-news","36":"tag-worldnews"},"share_on_mastodon":{"url":"https:\/\/pubeurope.com\/@it\/115717158059618345","error":""},"_links":{"self":[{"href":"https:\/\/www.europesays.com\/it\/wp-json\/wp\/v2\/posts\/260026","targetHints":{"allow":["GET"]}}],"collection":[{"href":"https:\/\/www.europesays.com\/it\/wp-json\/wp\/v2\/posts"}],"about":[{"href":"https:\/\/www.europesays.com\/it\/wp-json\/wp\/v2\/types\/post"}],"author":[{"embeddable":true,"href":"https:\/\/www.europesays.com\/it\/wp-json\/wp\/v2\/users\/3"}],"replies":[{"embeddable":true,"href":"https:\/\/www.europesays.com\/it\/wp-json\/wp\/v2\/comments?post=260026"}],"version-history":[{"count":0,"href":"https:\/\/www.europesays.com\/it\/wp-json\/wp\/v2\/posts\/260026\/revisions"}],"wp:featuredmedia":[{"embeddable":true,"href":"https:\/\/www.europesays.com\/it\/wp-json\/wp\/v2\/media\/260027"}],"wp:attachment":[{"href":"https:\/\/www.europesays.com\/it\/wp-json\/wp\/v2\/media?parent=260026"}],"wp:term":[{"taxonomy":"category","embeddable":true,"href":"https:\/\/www.europesays.com\/it\/wp-json\/wp\/v2\/categories?post=260026"},{"taxonomy":"post_tag","embeddable":true,"href":"https:\/\/www.europesays.com\/it\/wp-json\/wp\/v2\/tags?post=260026"}],"curies":[{"name":"wp","href":"https:\/\/api.w.org\/{rel}","templated":true}]}}