{"id":260038,"date":"2025-12-14T09:28:15","date_gmt":"2025-12-14T09:28:15","guid":{"rendered":"https:\/\/www.europesays.com\/it\/260038\/"},"modified":"2025-12-14T09:28:15","modified_gmt":"2025-12-14T09:28:15","slug":"joseph-ekuban-intervista-io-mio-fratello-caleb-il-tifo-per-linter","status":"publish","type":"post","link":"https:\/\/www.europesays.com\/it\/260038\/","title":{"rendered":"Joseph Ekuban intervista: &#8220;Io, mio fratello Caleb, il tifo per l&#8217;Inter&#8221;"},"content":{"rendered":"<p>                                Il Latina da salvare, la musica della Champions, e un obiettivo da realizzare: scendere in campo con Caleb. &#8220;Io che vinco la Coppa Italia di Serie C o mio fratello che salva il Genoa con un gol all\u2019ultimo?&#8221;, silenzio&#8230;<\/p>\n<p>            <a class=\"image is-50x50\" href=\"https:\/\/www.gazzetta.it\/collaboratori\/lorenzo-topello\/\" rel=\"nofollow noopener\" target=\"_blank\"><br \/>\n                <img decoding=\"async\" class=\"is-rounded\" src=\"https:\/\/www.europesays.com\/it\/wp-content\/uploads\/2025\/10\/1761672371_630_omino.png\" alt=\"Lorenzo Topello\"\/><br \/>\n            <\/a><\/p>\n<p>Collaboratore<\/p>\n<p>                    14 dicembre &#8211; 08:51  &#8211; MILANO<\/p>\n<p class=\"paragraph\" spellcheck=\"true\">Joseph Ekuban dribbla le domande come fa con gli avversari. Cercando di accelerare il passo. Ma l\u2019interrogativo lo inchioda: \u201cIl tuo Latina che vince la Coppa Italia di Serie C o tuo fratello Caleb che salva il Genoa con un gol all\u2019ultimo?\u201d. Il ragazzo col nerazzurro addosso (in tutti i sensi) ci pensa, ma non si decide: \u201cScegliere \u00e8 impossibile, ma diciamo che il Grifone pu\u00f2 salvarsi anche senza bisogno di arrivare all\u2019ultima giornata\u2026\u201d. E gi\u00f9 un sorriso, come da tradizione di famiglia: Joseph lavora da attaccante come il fratello genoano, con l\u2019obiettivo di non far retrocedere il Latina e allo stesso tempo, magari, regalare ai laziali una storica soddisfazione in Serie C. Dopotutto, il gol decisivo ai quarti di finale lo ha segnato lui.<\/p>\n<p class=\"paragraph\" spellcheck=\"true\"><b>Ecco, partiamo da l\u00ec. Quanto pesava il pallone con cui ha sbloccato la sfida con la Pro Vercelli?<\/b><\/p>\n<p class=\"paragraph\" spellcheck=\"true\"><b>\u00a0<\/b>\u201cMoltissimo, ma eravamo convinti da subito di passare il turno. Dai quarti in poi la Coppa diventa sempre intrigante: ora vogliamo regalarla ai nostri tifosi\u201d.\u00a0<\/p>\n<p class=\"paragraph\" spellcheck=\"true\"><b>Il Latina sta vivendo una particolare situazione: una Coppa da protagonista, un campionato da zona playout.<\/b>\u00a0<\/p>\n<p class=\"paragraph\" spellcheck=\"true\">\u201cMa ne usciremo. Abbiamo il difetto di essere molto giovani, in un campionato dominato dall\u2019esperienza e dalla scaltrezza. Determinate partite le potevamo condurre meglio, anche solo trovando un pari con cui muovere la classifica\u201d.\u00a0<\/p>\n<p class=\"paragraph\" spellcheck=\"true\"><b>E lo avete dimostrato in Coppa. La vittoria agli ottavi con l\u2019Arezzo \u00e8 da libro cuore: in dieci, senza portiere di ruolo, avete passato il turno con il difensore Porro che ha scelto di andare fra i pali.<\/b><\/p>\n<p class=\"paragraph\" spellcheck=\"true\">\u00a0\u201cNulla viene per caso. Loro sono fortissimi e lo dimostrano ogni domenica, noi non volevamo mollare l\u2019osso. C\u2019era tanta voglia di scrivere la storia\u201d.\u00a0 \u00a0 \u00a0 \u00a0 \u00a0 \u00a0 \u00a0 \u00a0 \u00a0 \u00a0 \u00a0 \u00a0 \u00a0 \u00a0 \u00a0 \u00a0 \u00a0 \u00a0 \u00a0 \u00a0 \u00a0 \u00a0 \u00a0 \u00a0 \u00a0 \u00a0 \u00a0 \u00a0 \u00a0 \u00a0\u00a0<\/p>\n<p class=\"paragraph\" spellcheck=\"true\"><b>A Vercelli invece ha segnato il suo secondo gol stagionale. Ha un obiettivo realizzativo?<\/b>\u00a0<\/p>\n<p class=\"paragraph\" spellcheck=\"true\">\u201cParto per segnare il pi\u00f9 possibile, ma sto avendo difficolt\u00e0 ad essere costante. A volte mi sbatto troppo e tralascio la precisione sotto porta\u201d.\u00a0<\/p>\n<p class=\"paragraph\" spellcheck=\"true\"><b>\u00c8 generoso, come suo fratello<\/b>.<\/p>\n<p class=\"paragraph\" spellcheck=\"true\">\u201cCi assomigliamo fisicamente e tecnicamente. Ma ci sono tratti che ci distinguono: lui \u00e8 ambidestro, io il mancino lo uso meno. Lui \u00e8 da scatto nel breve, io sono pi\u00f9 bravo nell\u2019allungo. Ma il lato atletico sicuramente piace a entrambi. Anche perch\u00e9, quando ci vediamo corriamo spesso insieme: pratichiamo pi\u00f9 di uno sport, penso anche al basket\u201d.<\/p>\n<p class=\"paragraph\" spellcheck=\"true\"><b>Quanto conta Caleb nella sua vita?\u00a0<\/b><\/p>\n<p class=\"paragraph\" spellcheck=\"true\">\u201c\u00c8 un punto di riferimento da sempre. Mi lascia fare nelle mie decisioni, ma non nega mai il consiglio. Sa indirizzarmi in maniera positiva verso le soluzioni migliori. In famiglia siamo quattro fratelli, di cui tre maschi, e tutti calciatori: il terzo \u00e8 Timothy, gioca a Lignano Sabbiadoro. Loro due sono pi\u00f9 grandi. Se sono appassionato di sport \u00e8 merito loro\u201d.\u00a0<\/p>\n<p class=\"paragraph\" spellcheck=\"true\"><b>Con Caleb vi siete mancati di poco: lui \u00e8 stato al Partizani Tirana prima di lei.<\/b>\u00a0<\/p>\n<p class=\"paragraph\" spellcheck=\"true\">\u201cE infatti \u00e8 stato mio fratello a consigliarmi di fare un\u2019esperienza l\u00ec. A lui \u00e8 andata meglio, io ho trovato poco spazio in Albania\u201d.\u00a0<\/p>\n<p class=\"paragraph\" spellcheck=\"true\"><b>Ma ha fatto in tempo a sentire la musichetta della Champions e dell\u2019Europa League, durante i preliminari estivi.\u00a0<\/b><\/p>\n<p class=\"paragraph\" spellcheck=\"true\">\u201cS\u00ec, un\u2019emozione unica. Erano le mie primissime partite da professionista, le conservo con affetto. Abbiamo affrontato il Qarabag prima e lo Sheriff poi, siamo pure andati vicini a passare il turno in entrambe le occasioni\u201d.\u00a0<\/p>\n<p class=\"paragraph\" spellcheck=\"true\"><b>Poi, nel 2020, \u00e8 tornato in Italia. Il suo Paese, ormai.<\/b>\u00a0<\/p>\n<p class=\"paragraph\" spellcheck=\"true\">\u201cRispetto ai miei fratelli sono l\u2019unico nato nella terra dei miei genitori, il Ghana. Era il 2000, la mia famiglia era tornata l\u00ec per un po\u2019. Caleb invece \u00e8 nato a Genova nel \u201994, e ha la cittadinanza italiana. A me manca poco per averne diritto\u201d.<\/p>\n<p class=\"paragraph\" spellcheck=\"true\">\u00a0<b>Cosa la lega al Ghana oltre alla famiglia?<\/b>\u00a0<\/p>\n<p class=\"paragraph\" spellcheck=\"true\">\u201cGli idoli, e mi riferisco ai calciatori africani in generale. Sono un tifoso dell\u2019Inter perch\u00e9 mi innamorai di Eto\u2019o da piccolo: aveva qualcosa in pi\u00f9 anche di un mito come Drogba. Ma il mio preferito in assoluto \u00e8 stato Essien: al Chelsea ha fatto la storia, lei deve immaginare che in quel periodo tutto il Ghana guardava la Premier League solo per lui\u201d.<\/p>\n<p class=\"paragraph\" spellcheck=\"true\"><b>Ma Essien poi \u00e8 arrivato al Milan\u2026<\/b><\/p>\n<p class=\"paragraph\" spellcheck=\"true\">\u201cInfatti era il mio idolo ai tempi del Chelsea, dopo un po\u2019 meno (ride, ndr)\u201d.\u00a0<\/p>\n<p class=\"paragraph\" spellcheck=\"true\"><b>Lei \u00e8 interista, suo fratello gioca nel Genoa.<\/b><\/p>\n<p class=\"paragraph\" spellcheck=\"true\">\u00a0\u201cDi solito, in quelle due volte all\u2019anno che si affrontano Inter e la squadra di mio fratello, tifo sempre per un pareggio con un gol di Caleb. Cos\u00ec lui \u00e8\u00a0contento e lo sono anche io: non perde nessuno\u201d.<\/p>\n<p class=\"paragraph\" spellcheck=\"true\"><b>Quanto le piacerebbe giocare contro Caleb?<\/b>\u00a0<\/p>\n<p class=\"paragraph\" spellcheck=\"true\">\u201cBeh, sarebbe un sogno. Che a dir la verit\u00e0 si stava realizzando sei anni fa: io giocavo al Partizani, lui al Trabzonspor, quando la societ\u00e0 mi disse che avevano fissato un\u2019amichevole proprio contro i turchi io andai al settimo cielo. Per\u00f2 lui in quel periodo era infortunato, non riusc\u00ec a scendere in campo\u201d.\u00a0<\/p>\n<p class=\"paragraph\" spellcheck=\"true\"><b>Suo fratello, anni fa, \u00e8 stato vittima di razzismo. A lei \u00e8 mai capitato?<\/b>\u00a0<\/p>\n<p class=\"paragraph\" spellcheck=\"true\">\u201cS\u00ec, mi ricordo: era il 2013, anche se io ero da poco in Italia e ancora non mi rendevo conto della situazione. Nel mio percorso c\u2019\u00e8 stato qualche episodio molto minore di quello, per fortuna: credo che la Federazione e le istituzioni stiano sensibilizzando parecchio, sul tema\u201d.<\/p>\n<p class=\"paragraph\" spellcheck=\"true\"><b>In Serie C il talento non manca. Ci dice un nome da categoria superiore?<\/b><\/p>\n<p class=\"paragraph\" spellcheck=\"true\">\u201cDon Bolsius. Esterno rapido, tecnicamente molto bravo: io ai tempi dell\u2019Andria lo paragonavo a Saelemaekers, \u00e8 un grande amico ancora oggi. In B alla fine \u00e8 arrivato un bomber forte come Patierno, se lo merita. E un altro che mi ha impressionato \u00e8 Pattarello ad Arezzo: salir\u00e0 anche lui, prima o poi\u201d.<\/p>\n<p class=\"paragraph\" spellcheck=\"true\"><b>Un desiderio per l\u2019anno nuovo?<\/b><\/p>\n<p class=\"paragraph\" spellcheck=\"true\">\u201cSalvare il Latina. E vedere pi\u00f9 spesso mio fratello: Caleb \u00e8 diventato padre di due bambini, voglio godermi i miei nipoti\u201d.<b\/><\/p>\n<p class=\"paragraph\" spellcheck=\"true\"><b>Se il Latina si salva, Joseph Ekuban cosa fa?<\/b>\u00a0<\/p>\n<p class=\"paragraph\" spellcheck=\"true\">\u201cNon \u00e8 un obiettivo irraggiungibile, quindi non azzardo fioretti. Faccio una promessa per un traguardo pi\u00f9 grosso: la salvezza con 10 gol miei. Ecco, l\u00ec potrei fare una mezza maratona: tanto corro gi\u00e0 in campo\u2026\u201d.<\/p>\n<p class=\"is-copyright\">\u00a9 RIPRODUZIONE RISERVATA<\/p>\n","protected":false},"excerpt":{"rendered":"Il Latina da salvare, la musica della Champions, e un obiettivo da realizzare: scendere in campo con Caleb.&hellip;\n","protected":false},"author":3,"featured_media":260039,"comment_status":"","ping_status":"","sticky":false,"template":"","format":"standard","meta":{"footnotes":""},"categories":[1452],"tags":[10920,152771,152772,3476,152773,152774,4699,3077,1952,721,110617,1856,921,1969,5368,4297,5006,42745,37656,4876,152759,70794,1909,1740,322,3688,152761,6298,152762,78637,152763,5360,1976,350,1537,90,42746,152764,89,12477,152760,11225,1980,1914,4964,2737,809,4283,152765,3485,152766,1667,4426,2402,152767,152768,8200,8658,152769,22850,1821,152770,2434,786,1739,245,244,1567,76230,3971,38526,19627,10978],"class_list":{"0":"post-260038","1":"post","2":"type-post","3":"status-publish","4":"format-standard","5":"has-post-thumbnail","7":"category-calcio","8":"tag-accelerare","9":"tag-accelerare-passo","10":"tag-accelerare-passo-interrogativo","11":"tag-addosso","12":"tag-addosso-sensi","13":"tag-addosso-sensi-pensa","14":"tag-arezzo","15":"tag-arrivato","16":"tag-calciatori","17":"tag-calcio","18":"tag-caleb","19":"tag-campionato","20":"tag-campo","21":"tag-champions","22":"tag-chelsea","23":"tag-coppa","24":"tag-coppa-italia","25":"tag-coppa-italia-serie","26":"tag-ekuban","27":"tag-esperienza","28":"tag-essien","29":"tag-eto","30":"tag-famiglia","31":"tag-football","32":"tag-fratelli","33":"tag-fratello","34":"tag-fratello-caleb","35":"tag-genoa","36":"tag-genoa-gol","37":"tag-ghana","38":"tag-ghana-famiglia","39":"tag-gioca","40":"tag-gol","41":"tag-inter","42":"tag-it","43":"tag-italia","44":"tag-italia-serie","45":"tag-italia-serie-fratello","46":"tag-italy","47":"tag-joseph","48":"tag-joseph-ekuban","49":"tag-latina","50":"tag-league","51":"tag-li","52":"tag-manca","53":"tag-nato","54":"tag-obiettivo","55":"tag-partite","56":"tag-partizani","57":"tag-passare","58":"tag-passare-turno","59":"tag-periodo","60":"tag-quarti","61":"tag-salva","62":"tag-salva-genoa","63":"tag-salva-genoa-gol","64":"tag-salvare","65":"tag-scendere","66":"tag-scendere-campo","67":"tag-segnato","68":"tag-serie","69":"tag-serie-fratello","70":"tag-si","71":"tag-situazione","72":"tag-soccer","73":"tag-sport","74":"tag-sports","75":"tag-storia","76":"tag-tecnicamente","77":"tag-tempi","78":"tag-tifo","79":"tag-turno","80":"tag-vercelli"},"share_on_mastodon":{"url":"","error":"Validation failed: Text character limit of 500 exceeded"},"_links":{"self":[{"href":"https:\/\/www.europesays.com\/it\/wp-json\/wp\/v2\/posts\/260038","targetHints":{"allow":["GET"]}}],"collection":[{"href":"https:\/\/www.europesays.com\/it\/wp-json\/wp\/v2\/posts"}],"about":[{"href":"https:\/\/www.europesays.com\/it\/wp-json\/wp\/v2\/types\/post"}],"author":[{"embeddable":true,"href":"https:\/\/www.europesays.com\/it\/wp-json\/wp\/v2\/users\/3"}],"replies":[{"embeddable":true,"href":"https:\/\/www.europesays.com\/it\/wp-json\/wp\/v2\/comments?post=260038"}],"version-history":[{"count":0,"href":"https:\/\/www.europesays.com\/it\/wp-json\/wp\/v2\/posts\/260038\/revisions"}],"wp:featuredmedia":[{"embeddable":true,"href":"https:\/\/www.europesays.com\/it\/wp-json\/wp\/v2\/media\/260039"}],"wp:attachment":[{"href":"https:\/\/www.europesays.com\/it\/wp-json\/wp\/v2\/media?parent=260038"}],"wp:term":[{"taxonomy":"category","embeddable":true,"href":"https:\/\/www.europesays.com\/it\/wp-json\/wp\/v2\/categories?post=260038"},{"taxonomy":"post_tag","embeddable":true,"href":"https:\/\/www.europesays.com\/it\/wp-json\/wp\/v2\/tags?post=260038"}],"curies":[{"name":"wp","href":"https:\/\/api.w.org\/{rel}","templated":true}]}}