{"id":260086,"date":"2025-12-14T10:05:11","date_gmt":"2025-12-14T10:05:11","guid":{"rendered":"https:\/\/www.europesays.com\/it\/260086\/"},"modified":"2025-12-14T10:05:11","modified_gmt":"2025-12-14T10:05:11","slug":"sanremo-giovani-2025-cantanti-anticipazioni-tutto-quello-che-ce-da-sapere-sulla-finale-in-onda-stasera","status":"publish","type":"post","link":"https:\/\/www.europesays.com\/it\/260086\/","title":{"rendered":"Sanremo Giovani 2025: cantanti, anticipazioni, tutto quello che c&#8217;\u00e8 da sapere sulla finale in onda stasera"},"content":{"rendered":"<p class=\"chapter-paragraph\">Archiviata la semifinale di Sanremo Giovani 2025, il talent Rai dedicato alla selezione delle Nuove Proposte per il Festival di Sanremo 2026,\u00a0domenica 14 dicembre in prima serata su Rai 1 (in simulcast su Rai Radio2 e RaiPlay) si alzer\u00e0 il sipario su Sar\u00e0 Sanremo. Carlo Conti e Gianluca Gazzoli, in diretta dal teatro del Casin\u00f2 di Sanremo, presenteranno l&#8217;attesa finale del contest. Dei sei concorrenti di\u00a0Sar\u00e0 Sanremo ancora in gara solo due potranno salire a febbraio sul palco dell&#8217;Ariston tra le Nuove Proposte, insieme ai due concorrenti provenienti da Area Sanremo.<\/p>\n","protected":false},"excerpt":{"rendered":"Archiviata la semifinale di Sanremo Giovani 2025, il talent Rai dedicato alla selezione delle Nuove Proposte per il&hellip;\n","protected":false},"author":3,"featured_media":260087,"comment_status":"","ping_status":"","sticky":false,"template":"","format":"standard","meta":{"footnotes":"","_share_on_mastodon":"0"},"categories":[174],"tags":[1266,75278,128510,11747,39902,43913,1615,2852,8807,31551,152781,50322,14096,2942,9797,3155,15298,42787,24900,8494,6920,5631,2239,203,12028,85392,94308,1533,313,152782,152783,4631,20575,1426,629,152778,152779,1598,23812,45884,204,1537,90,89,15416,1562,707,61,1539,1693,48047,2508,103268,63459,152784,893,97538,491,57541,897,17299,4265,152785,152786,179,2848,9143,108609,30160,2061,152780,7701,6862,152787,9065,7908,4409,3161,12099],"class_list":["post-260086","post","type-post","status-publish","format-standard","has-post-thumbnail","category-intrattenimento","tag-amici","tag-angelica","tag-angelica-bove","tag-anticipato","tag-antonia","tag-arrivando","tag-arte","tag-artista","tag-artisti","tag-avvicina","tag-avvicina-musica","tag-bove","tag-brano","tag-cantante","tag-canzoni","tag-classe","tag-concorrenti","tag-contest","tag-cri","tag-debutta","tag-decide","tag-diretta","tag-edizione","tag-entertainment","tag-entra","tag-ep","tag-esibirsi","tag-estate","tag-fase","tag-fase-serale","tag-fase-serale-programma","tag-festival","tag-festival-sanremo","tag-finale","tag-gara","tag-gara-sanremo","tag-gara-sanremo-giovani","tag-giovani","tag-inediti","tag-inedito","tag-intrattenimento","tag-it","tag-italia","tag-italy","tag-liceo","tag-live","tag-maggio","tag-mille","tag-musica","tag-nome","tag-nome-arte","tag-nuove","tag-nuove-proposte","tag-omonimo","tag-omonimo-ep","tag-ottobre","tag-partecipa","tag-percorso","tag-presentare","tag-programma","tag-proposte","tag-pubblica","tag-pubblica-inediti","tag-pubblica-singoli","tag-pubblico","tag-rai","tag-sanremo","tag-sanremo-giovani","tag-scrittura","tag-scuola","tag-scuola-amici","tag-scusa","tag-segue","tag-seltsam","tag-serata","tag-singoli","tag-singolo","tag-tiktok","tag-uscita"],"share_on_mastodon":{"url":"","error":"Validation failed: Text character limit of 500 exceeded"},"_links":{"self":[{"href":"https:\/\/www.europesays.com\/it\/wp-json\/wp\/v2\/posts\/260086","targetHints":{"allow":["GET"]}}],"collection":[{"href":"https:\/\/www.europesays.com\/it\/wp-json\/wp\/v2\/posts"}],"about":[{"href":"https:\/\/www.europesays.com\/it\/wp-json\/wp\/v2\/types\/post"}],"author":[{"embeddable":true,"href":"https:\/\/www.europesays.com\/it\/wp-json\/wp\/v2\/users\/3"}],"replies":[{"embeddable":true,"href":"https:\/\/www.europesays.com\/it\/wp-json\/wp\/v2\/comments?post=260086"}],"version-history":[{"count":0,"href":"https:\/\/www.europesays.com\/it\/wp-json\/wp\/v2\/posts\/260086\/revisions"}],"wp:featuredmedia":[{"embeddable":true,"href":"https:\/\/www.europesays.com\/it\/wp-json\/wp\/v2\/media\/260087"}],"wp:attachment":[{"href":"https:\/\/www.europesays.com\/it\/wp-json\/wp\/v2\/media?parent=260086"}],"wp:term":[{"taxonomy":"category","embeddable":true,"href":"https:\/\/www.europesays.com\/it\/wp-json\/wp\/v2\/categories?post=260086"},{"taxonomy":"post_tag","embeddable":true,"href":"https:\/\/www.europesays.com\/it\/wp-json\/wp\/v2\/tags?post=260086"}],"curies":[{"name":"wp","href":"https:\/\/api.w.org\/{rel}","templated":true}]}}