{"id":260518,"date":"2025-12-14T16:45:17","date_gmt":"2025-12-14T16:45:17","guid":{"rendered":"https:\/\/www.europesays.com\/it\/260518\/"},"modified":"2025-12-14T16:45:17","modified_gmt":"2025-12-14T16:45:17","slug":"marelli-gol-pulisic-regolare-pavlovic-cheddira-era-rigore-per-il-sassuolo","status":"publish","type":"post","link":"https:\/\/www.europesays.com\/it\/260518\/","title":{"rendered":"Marelli: &#8220;Gol Pulisic regolare. Pavlovic-Cheddira era rigore per il Sassuolo"},"content":{"rendered":"<p>L&#8217;analisi degli episodi della gara delle 12.30 fatta dall&#8217;esperto arbitrale di DAZN<\/p>\n<p><strong>Milan-Sassuolo<\/strong> sotto la lente di ingrandimento della moviola. Su <strong>DAZN Luca<\/strong>\u00a0<strong>Marelli<\/strong> ha parlato degli episodi della gara di San Siro e si \u00e8 soffermato sulla rete annullata a Pulisic per un fallo di Loftus-Cheeck: &#8220;\u00c8 una decisione di campo, il VAR non interviene. Nell&#8217;azione <strong>Loftus-Cheeck<\/strong> appoggia le mani su Kant\u00e9, non c&#8217;\u00e8 nessuna spinta. L&#8217;arbitro ha fischiato poco nel corso della gara e a mio parere questo contatto \u00e8 sotto soglia, si \u00e8 poggiato con le mani sul giocatore del Sassuolo ma non \u00e8 fallo e non dovrebbe essere fischiato a mio parere. Il gol era da assegnare. Non c&#8217;erano giocatori in fuorigioco&#8221;.\u00a0<\/p>\n<p>&#8220;Tra Tamori e Laurient\u00e9: c&#8217;\u00e8 un anticipo e poi un contrasto di gioco: non c&#8217;\u00e8 un movimento di Tomori verso il giocatore. C&#8217;era una marcatura, \u00e8 Laurient\u00e9 che inciampa sulla gamba del giocatore rossonero. Nulla di irregolare in questa occasione. Molto pi\u00f9 discutibile l&#8217;episodio in area di rigore rossonera. Pavlovic non tocca il pallone e con la gamba destra incoccia sulla gamba di Cheddira, ceck veloce, ma \u00e8 rigore e serviva una revisione del VAR&#8221;, ha aggiunto sugli altri episodi della gara.<\/p>\n<p class=\"is-copyright\">\u00a9 RIPRODUZIONE RISERVATA<\/p>\n","protected":false},"excerpt":{"rendered":"L&#8217;analisi degli episodi della gara delle 12.30 fatta dall&#8217;esperto arbitrale di DAZN Milan-Sassuolo sotto la lente di ingrandimento&hellip;\n","protected":false},"author":3,"featured_media":260519,"comment_status":"","ping_status":"","sticky":false,"template":"","format":"standard","meta":{"footnotes":""},"categories":[1452],"tags":[721,42312,153015,246,1230,153014,3174,3200,1740,10010,629,564,1537,90,89,3242,6299,1739,245,244,29373],"class_list":{"0":"post-260518","1":"post","2":"type-post","3":"status-publish","4":"format-standard","5":"has-post-thumbnail","7":"category-calcio","8":"tag-calcio","9":"tag-cheddira","10":"tag-cheeck","11":"tag-dazn","12":"tag-episodi","13":"tag-episodi-gara","14":"tag-fallo","15":"tag-fischiato","16":"tag-football","17":"tag-gamba","18":"tag-gara","19":"tag-giocatore","20":"tag-it","21":"tag-italia","22":"tag-italy","23":"tag-rigore","24":"tag-sassuolo","25":"tag-soccer","26":"tag-sport","27":"tag-sports","28":"tag-var"},"share_on_mastodon":{"url":"https:\/\/pubeurope.com\/@it\/115718935399895716","error":""},"_links":{"self":[{"href":"https:\/\/www.europesays.com\/it\/wp-json\/wp\/v2\/posts\/260518","targetHints":{"allow":["GET"]}}],"collection":[{"href":"https:\/\/www.europesays.com\/it\/wp-json\/wp\/v2\/posts"}],"about":[{"href":"https:\/\/www.europesays.com\/it\/wp-json\/wp\/v2\/types\/post"}],"author":[{"embeddable":true,"href":"https:\/\/www.europesays.com\/it\/wp-json\/wp\/v2\/users\/3"}],"replies":[{"embeddable":true,"href":"https:\/\/www.europesays.com\/it\/wp-json\/wp\/v2\/comments?post=260518"}],"version-history":[{"count":0,"href":"https:\/\/www.europesays.com\/it\/wp-json\/wp\/v2\/posts\/260518\/revisions"}],"wp:featuredmedia":[{"embeddable":true,"href":"https:\/\/www.europesays.com\/it\/wp-json\/wp\/v2\/media\/260519"}],"wp:attachment":[{"href":"https:\/\/www.europesays.com\/it\/wp-json\/wp\/v2\/media?parent=260518"}],"wp:term":[{"taxonomy":"category","embeddable":true,"href":"https:\/\/www.europesays.com\/it\/wp-json\/wp\/v2\/categories?post=260518"},{"taxonomy":"post_tag","embeddable":true,"href":"https:\/\/www.europesays.com\/it\/wp-json\/wp\/v2\/tags?post=260518"}],"curies":[{"name":"wp","href":"https:\/\/api.w.org\/{rel}","templated":true}]}}