{"id":260579,"date":"2025-12-14T17:40:10","date_gmt":"2025-12-14T17:40:10","guid":{"rendered":"https:\/\/www.europesays.com\/it\/260579\/"},"modified":"2025-12-14T17:40:10","modified_gmt":"2025-12-14T17:40:10","slug":"milan-come-sta-gabbia-esami-previsti","status":"publish","type":"post","link":"https:\/\/www.europesays.com\/it\/260579\/","title":{"rendered":"Milan, come sta Gabbia: esami previsti"},"content":{"rendered":"<p>Le condizioni del centrale rossonero numero 46, dopo essere uscito malconcio dalla sfida contro il Sassuolo.<\/p>\n<p><strong>Filtra grande preoccupazione, in casa Milan, per le condizioni di <\/strong>uno dei propri leader della rosa uscito malconcio dalla sfida pareggiata in casa a San Siro contro il Sassuolo per 2-2: <strong>Matteo Gabbia.<\/strong> Il numero 46 rossonero \u00e8 stato costretto a uscire intorno al 60\u2019 della sfida con i neroverdi di Fabio Grosso a causa di un <strong>problema al ginocchio destro<\/strong>: nel tentativo di chiudere un traversone basso effettuato da Volpato, il centrale di Allegri ha accusato una problematica all\u2019altezza del ginocchio.<\/p>\n<p>Soccorso immediatamente dallo staff medico rossonero, ha provato a tornare in campo per qualche minuto, prima di alzare bandiera bianca e venire sostituito dal proprio allenatore che ha inserito Koni De Winter al suo posto.<\/p>\n<p>Secondo quanto viene riportato da MilanNews, <strong>ora ci saranno gli esami strumentali di rito che chiariranno le condizioni del problema subito da Gabbia. Tutti i consulti medici verranno sostenuti domani \u2013 luned\u00ec 15 dicembre<\/strong> \u2013 che sar\u00e0 anche il giorno della vigilia della partenza della squadra per l\u2019Arabia Saudita, luogo nel quale il Milan disputer\u00e0 la Supercoppa Italiana. Gioved\u00ec, infatti, \u00e8 prevista la prima semifinale fra il club meneghino e il Napoli campione d\u2019Italia.<\/p>\n<p>Dalle prime indicazioni, <strong>il ginocchio di Gabbia starebbe rispondendo bene: \u00e8 stabile<\/strong>. Una buona notizia in attesa degli esami e per capire se saranno scongiurati eventuali problematiche di una certa entit\u00e0.<\/p>\n","protected":false},"excerpt":{"rendered":"Le condizioni del centrale rossonero numero 46, dopo essere uscito malconcio dalla sfida contro il Sassuolo. Filtra grande&hellip;\n","protected":false},"author":3,"featured_media":260580,"comment_status":"","ping_status":"","sticky":false,"template":"","format":"standard","meta":{"footnotes":""},"categories":[1452],"tags":[1744,153040,721,1740,1537,90,89,153038,553,153039,251,1739,245,244],"class_list":{"0":"post-260579","1":"post","2":"type-post","3":"status-publish","4":"format-standard","5":"has-post-thumbnail","7":"category-calcio","8":"tag-ac-milan","9":"tag-ac-milan-vs-sassuolo","10":"tag-calcio","11":"tag-football","12":"tag-it","13":"tag-italia","14":"tag-italy","15":"tag-m-gabbia","16":"tag-milan","17":"tag-milan-vs-sassuolo","18":"tag-serie-a","19":"tag-soccer","20":"tag-sport","21":"tag-sports"},"share_on_mastodon":{"url":"https:\/\/pubeurope.com\/@it\/115719151578208300","error":""},"_links":{"self":[{"href":"https:\/\/www.europesays.com\/it\/wp-json\/wp\/v2\/posts\/260579","targetHints":{"allow":["GET"]}}],"collection":[{"href":"https:\/\/www.europesays.com\/it\/wp-json\/wp\/v2\/posts"}],"about":[{"href":"https:\/\/www.europesays.com\/it\/wp-json\/wp\/v2\/types\/post"}],"author":[{"embeddable":true,"href":"https:\/\/www.europesays.com\/it\/wp-json\/wp\/v2\/users\/3"}],"replies":[{"embeddable":true,"href":"https:\/\/www.europesays.com\/it\/wp-json\/wp\/v2\/comments?post=260579"}],"version-history":[{"count":0,"href":"https:\/\/www.europesays.com\/it\/wp-json\/wp\/v2\/posts\/260579\/revisions"}],"wp:featuredmedia":[{"embeddable":true,"href":"https:\/\/www.europesays.com\/it\/wp-json\/wp\/v2\/media\/260580"}],"wp:attachment":[{"href":"https:\/\/www.europesays.com\/it\/wp-json\/wp\/v2\/media?parent=260579"}],"wp:term":[{"taxonomy":"category","embeddable":true,"href":"https:\/\/www.europesays.com\/it\/wp-json\/wp\/v2\/categories?post=260579"},{"taxonomy":"post_tag","embeddable":true,"href":"https:\/\/www.europesays.com\/it\/wp-json\/wp\/v2\/tags?post=260579"}],"curies":[{"name":"wp","href":"https:\/\/api.w.org\/{rel}","templated":true}]}}