{"id":260909,"date":"2025-12-14T22:37:15","date_gmt":"2025-12-14T22:37:15","guid":{"rendered":"https:\/\/www.europesays.com\/it\/260909\/"},"modified":"2025-12-14T22:37:15","modified_gmt":"2025-12-14T22:37:15","slug":"verso-il-2026-la-coppa-san-geo-arriva-prima-appuntamento-al-14-febbraio","status":"publish","type":"post","link":"https:\/\/www.europesays.com\/it\/260909\/","title":{"rendered":"VERSO IL 2026. LA COPPA SAN GEO&#8230; ARRIVA PRIMA: APPUNTAMENTO AL 14 FEBBRAIO"},"content":{"rendered":"<p>            <a class=\"category\" href=\"https:\/\/www.tuttobiciweb.it\/articles\/category\/DILETTANTI\" itemprop=\"about\" rel=\"nofollow noopener\" target=\"_blank\">DILETTANTI<\/a> | 13\/12\/2025 | 08:08<\/p>\n<p>La macchina organizzatrice della<strong> 102a edizione della Coppa San Geo &#8211; Caduti Soprazocco &#8211; Memorial Attilio Necchini &#8211; Giancarlo Otelli &#8211; M.O. Tatiana Gozza<\/strong> gira gi\u00e0 a pieno regime. Per metterla in cantiere e portarla felicemente in porto, il presidente dell\u2019omonimo gruppo sportivo Gianni Pozzani, insieme a Luigi Borno e Rudy Zucca da qualche settimana si stanno incontrando per pianificare le tappe di avvicinamento della corsa d\u2019apertura del ciclismo dilettantistico nazionale.\n            <\/p>\n<p>La decisione pi\u00f9 importante assunta in questo periodo \u00e8 lo spostamento della competizione: <strong>nel 2026 si svolger\u00e0 il 14 febbraio con due settimane di anticipo rispetto a quasi tutte le<\/strong><strong>\u00a0precedenti edizioni<\/strong>. Decisione condivisa dai tre moschettieri che costituiscono la punta di riferimento del team organizzatore che pu\u00f2 contare su un centinaio di volontari, polizie locali, carabinieri e polizia della strada.\n            <\/p>\n<p>\u201cAbbiamo deciso di anticipare la corsa per non perdere la primogenitura della stagione dilettantistica \u2013 osserva Gianni Pozzani -. Per questo motivo da qualche settimana stiamo calendarizzando le tappe di avvicinamento alla nostra corsa, sicuramente patrimonio del ciclismo nazionale e internazionale. Ovviamente non possiamo anticipare percorso e quant\u2019altro che andremo a svelare nella presentazione ufficiale che si terr\u00e0 venerd\u00ec 6 febbraio. Siamo comunque a buon punto e ringrazio gli amici Borno e Zucca ancora una volta cardini insostituibili dell\u2019organizzazione\u201d.<\/p>\n<p>Luigi Borno da oltre quarant\u2019anni \u00e8 uno dei punti di riferimento della Milano-Sanremo dei dilettanti e lo sar\u00e0 ancora a lungo. \u201cQuando abbiamo deciso con Codifava, Sellari, Pozzani, Sioli and company di organizzarla con continuit\u00e0 nella nostra provincia, riteniamo di avere fatto una scelta azzeccata \u2013 le parole di Borno -. Sono trascorsi tanti anni ma il nostro entusiasmo \u00e8 pari se non superiore a quello di tanti anni fa\u201d.<\/p>\n<p>\u201cLa Coppa San Geo fa parte della storia del ciclismo nazionale e internazionale \u2013 sostiene Rudy Zucca -. Io sono nell\u2019organizzazione da pochi anni, ma sono davvero felice di questa scelta perch\u00e9 mi ha consentito di vivere un\u2019esperienza sportiva, umana e sociale straordinaria. Ringrazio Pozzani e Borno che mi hanno voluto inserire nei piani alti della regia e sono pronto anche quest\u2019anno a fare la mia parte\u201d.<\/p>\n<p>Copyright &amp;copy TBW<\/p>\n","protected":false},"excerpt":{"rendered":"DILETTANTI | 13\/12\/2025 | 08:08 La macchina organizzatrice della 102a edizione della Coppa San Geo &#8211; Caduti Soprazocco&hellip;\n","protected":false},"author":3,"featured_media":260910,"comment_status":"","ping_status":"","sticky":false,"template":"","format":"standard","meta":{"footnotes":""},"categories":[1456],"tags":[8846,1824,153129,1825,25400,1537,90,89,245,244],"class_list":{"0":"post-260909","1":"post","2":"type-post","3":"status-publish","4":"format-standard","5":"has-post-thumbnail","7":"category-ciclismo","8":"tag-calendario-2026","9":"tag-ciclismo","10":"tag-coppa-san-geo","11":"tag-cycling","12":"tag-dilettanti","13":"tag-it","14":"tag-italia","15":"tag-italy","16":"tag-sport","17":"tag-sports"},"share_on_mastodon":{"url":"https:\/\/pubeurope.com\/@it\/115720319350247305","error":""},"_links":{"self":[{"href":"https:\/\/www.europesays.com\/it\/wp-json\/wp\/v2\/posts\/260909","targetHints":{"allow":["GET"]}}],"collection":[{"href":"https:\/\/www.europesays.com\/it\/wp-json\/wp\/v2\/posts"}],"about":[{"href":"https:\/\/www.europesays.com\/it\/wp-json\/wp\/v2\/types\/post"}],"author":[{"embeddable":true,"href":"https:\/\/www.europesays.com\/it\/wp-json\/wp\/v2\/users\/3"}],"replies":[{"embeddable":true,"href":"https:\/\/www.europesays.com\/it\/wp-json\/wp\/v2\/comments?post=260909"}],"version-history":[{"count":0,"href":"https:\/\/www.europesays.com\/it\/wp-json\/wp\/v2\/posts\/260909\/revisions"}],"wp:featuredmedia":[{"embeddable":true,"href":"https:\/\/www.europesays.com\/it\/wp-json\/wp\/v2\/media\/260910"}],"wp:attachment":[{"href":"https:\/\/www.europesays.com\/it\/wp-json\/wp\/v2\/media?parent=260909"}],"wp:term":[{"taxonomy":"category","embeddable":true,"href":"https:\/\/www.europesays.com\/it\/wp-json\/wp\/v2\/categories?post=260909"},{"taxonomy":"post_tag","embeddable":true,"href":"https:\/\/www.europesays.com\/it\/wp-json\/wp\/v2\/tags?post=260909"}],"curies":[{"name":"wp","href":"https:\/\/api.w.org\/{rel}","templated":true}]}}