{"id":260966,"date":"2025-12-14T23:31:17","date_gmt":"2025-12-14T23:31:17","guid":{"rendered":"https:\/\/www.europesays.com\/it\/260966\/"},"modified":"2025-12-14T23:31:17","modified_gmt":"2025-12-14T23:31:17","slug":"un-anno-fa-uae-team-emirates-joao-almeida-sceglie-gli-stessi-gt-di-tadej-pogacar-saro-al-suo-fianco-incondizionatamente-ma-puo-essere-un-bene-anche-per-me","status":"publish","type":"post","link":"https:\/\/www.europesays.com\/it\/260966\/","title":{"rendered":"Un Anno Fa&#8230; UAE Team Emirates, Joao Almeida sceglie gli stessi GT di Tadej Pogacar: &#8220;Sar\u00f2 al suo fianco incondizionatamente, ma pu\u00f2 essere un bene anche per me&#8221;"},"content":{"rendered":"<p>\t\t<img width=\"1200\" height=\"800\" src=\"https:\/\/www.europesays.com\/it\/wp-content\/uploads\/2025\/12\/Joao-Almeida-Podio-Maglia-Bianca-Tirreno-Adriatico-2023.jpg\" class=\"attachment-full size-full wp-post-image\" alt=\"\" data-main-img=\"1\" decoding=\"async\" fetchpriority=\"high\"  \/><\/p>\n<p>\t\t\t\t\t\t\t \u00a9 Sirotti<\/p>\n<p>\t\t\t\t\t<a href=\"https:\/\/cyclingpro.net\/spaziociclismo\/altro\/scopri-lapp-ufficiale-di-spaziociclismo\/\" title=\"\" rel=\"nofollow noopener\" target=\"_blank\"><br \/>\n\t\t\t\t\t\t<img loading=\"lazy\" decoding=\"async\" src=\"https:\/\/www.europesays.com\/it\/wp-content\/uploads\/2025\/09\/1758060682_662_Banner-App-SpazioCiclismo.png\" alt=\"\" width=\"728\" height=\"91\"\/><br \/>\n\t\t\t\t\t<\/a><\/p>\n<p><strong>Joao Almeida<\/strong> pronto a sacrificarsi a <strong>Tadej Pogacar<\/strong>, ma questo non significa che il portoghese non abbia alte ambizioni anche per s\u00e9. Come dimostrato allo scorso <strong>Tour de France<\/strong>, concluso in quarta posizione malgrado essere stato prezioso supporto dello sloveno, l\u2019essere ultimo uomo della Maglia Gialla ha comunque permesso di lottare per posizioni di vertice, dimostrandosi il migliore alle spalle del trio di dominatori. Certo, non \u00e8 salito sul podio come il compagno <strong>Adam Yates<\/strong> l\u2019anno prima, ma ha confermato che \u00e8 una possibilit\u00e0 concreta e gli ha dato voglia di riprovarci anche per il 2025. Da qui dunque la scelta di non correre il Giro d\u2019Italia, focalizzandosi sul farsi trovare al meglio delle sue possibilit\u00e0 alla Grande Boucle.<\/p>\n<p>\u201cNaturalmente ho pensato al Giro, ma pi\u00f9 ci pensavo e pi\u00f9 mi rendevo conto che avrei preferito correre di nuovo il Tour. Ho gi\u00e0 fatto molte volte il Giro e la Vuelta, quindi <strong>preferirei fare il Tour una seconda volta, nella mia forma migliore, e poi vedr\u00f2 cosa posso ottenere<\/strong>\u201c, ha spiegato a <a href=\"https:\/\/www.radsport-news.com\/sport\/sportnews_140202.htm\" rel=\"nofollow noopener\" target=\"_blank\">radsport-news.com<\/a> senza dunque temere poi di dover lavorare per il campione del mondo nella corsa transalpina\u2026 e poi magari anche alla <strong>Vuelta a Espa\u00f1a<\/strong> poche settimane pi\u00f9 tardi (una decisione non ancora presa, ma che sembra attualmente molto probabile).<\/p>\n<p>Il 27enne lusitano vuole darsi le migliori chance possibili per ottenere il massimo al Tour, anche se questo non significa ovviamente risparmiare la gamba rispetto al lavoro da fare per Pogacar. \u201cDirei che il mio massimo rendimento \u00e8 stato al Giro di Svizzera \u2013 spiega in riferimento alla stagione conclusa \u2013 Poi sono stato un po\u2019 malato e non mi sono sentito al 100% al Tour, ma comunque stavo abbastanza bene [\u2026] <strong>Anche se<\/strong> <strong>sar\u00f2 al Tour per sostenere Tadej, e lo far\u00f2 incondizionatamente, pu\u00f2 essere comunque positivo per me<\/strong>\u201c.<\/p>\n<p>Seguici<\/p>\n<p>\t\t\t\t\t\t\t\t\t\t<a href=\"https:\/\/news.google.com\/publications\/CAAqBwgKMNaVhQswhaiCAw?hl=it&amp;gl=IT&amp;ceid=IT%3Ait\" title=\"Google News\" target=\"_blank\" rel=\"nofollow noopener\" class=\"post-followus-btn google-new-btn\"><br \/>\n\t\t\t\t\t\t<img decoding=\"async\" src=\"https:\/\/cyclingpro.net\/spaziociclismo\/wp-content\/themes\/jannah\/assets\/images\/google-news.svg\" alt=\"Google News\" loading=\"lazy\" width=\"120\" height=\"22\"\/><br \/>\n\t\t\t\t\t<\/a><br \/>\n\t\t\t\t\t\t\t\t\t\t<a href=\"https:\/\/flipboard.com\/@SpazioCiclismo\" title=\"Flipboard\" target=\"_blank\" rel=\"nofollow noopener\" class=\"post-followus-btn flipboard-btn\"><br \/>\n\t\t\t\t\t\t<img decoding=\"async\" src=\"https:\/\/cyclingpro.net\/spaziociclismo\/wp-content\/themes\/jannah\/assets\/images\/flipboard.svg\" alt=\"Flipboard\" loading=\"lazy\" width=\"152\" height=\"30\"\/><br \/>\n\t\t\t\t\t<\/a><\/p>\n","protected":false},"excerpt":{"rendered":"\u00a9 Sirotti Joao Almeida pronto a sacrificarsi a Tadej Pogacar, ma questo non significa che il portoghese non&hellip;\n","protected":false},"author":3,"featured_media":260967,"comment_status":"","ping_status":"","sticky":false,"template":"","format":"standard","meta":{"footnotes":""},"categories":[1456],"tags":[1824,1825,1537,90,89,19069,245,244],"class_list":{"0":"post-260966","1":"post","2":"type-post","3":"status-publish","4":"format-standard","5":"has-post-thumbnail","7":"category-ciclismo","8":"tag-ciclismo","9":"tag-cycling","10":"tag-it","11":"tag-italia","12":"tag-italy","13":"tag-joao-almeida","14":"tag-sport","15":"tag-sports"},"share_on_mastodon":{"url":"https:\/\/pubeurope.com\/@it\/115720532143038177","error":""},"_links":{"self":[{"href":"https:\/\/www.europesays.com\/it\/wp-json\/wp\/v2\/posts\/260966","targetHints":{"allow":["GET"]}}],"collection":[{"href":"https:\/\/www.europesays.com\/it\/wp-json\/wp\/v2\/posts"}],"about":[{"href":"https:\/\/www.europesays.com\/it\/wp-json\/wp\/v2\/types\/post"}],"author":[{"embeddable":true,"href":"https:\/\/www.europesays.com\/it\/wp-json\/wp\/v2\/users\/3"}],"replies":[{"embeddable":true,"href":"https:\/\/www.europesays.com\/it\/wp-json\/wp\/v2\/comments?post=260966"}],"version-history":[{"count":0,"href":"https:\/\/www.europesays.com\/it\/wp-json\/wp\/v2\/posts\/260966\/revisions"}],"wp:featuredmedia":[{"embeddable":true,"href":"https:\/\/www.europesays.com\/it\/wp-json\/wp\/v2\/media\/260967"}],"wp:attachment":[{"href":"https:\/\/www.europesays.com\/it\/wp-json\/wp\/v2\/media?parent=260966"}],"wp:term":[{"taxonomy":"category","embeddable":true,"href":"https:\/\/www.europesays.com\/it\/wp-json\/wp\/v2\/categories?post=260966"},{"taxonomy":"post_tag","embeddable":true,"href":"https:\/\/www.europesays.com\/it\/wp-json\/wp\/v2\/tags?post=260966"}],"curies":[{"name":"wp","href":"https:\/\/api.w.org\/{rel}","templated":true}]}}