{"id":261157,"date":"2025-12-15T02:48:13","date_gmt":"2025-12-15T02:48:13","guid":{"rendered":"https:\/\/www.europesays.com\/it\/261157\/"},"modified":"2025-12-15T02:48:13","modified_gmt":"2025-12-15T02:48:13","slug":"daniel-bruhl-intervista-al-niki-lauda-di-rush-le-auto-dellattore-lalfa-romeo-giulia","status":"publish","type":"post","link":"https:\/\/www.europesays.com\/it\/261157\/","title":{"rendered":"Daniel Bruhl, intervista al Niki Lauda di Rush: le auto dell&#8217;attore, l&#8217;Alfa Romeo Giulia"},"content":{"rendered":"<p>                                Al Torino Film Festival l&#8217;attore tedesco, naturalizzato spagnolo, ha ricordato le emozioni vissute sul set di Rush, in cui ha interpretato la figura di Niki Lauda (&#8220;Era totalmente diverso da me, a volte faceva paura da quanto era onesto&#8221;) e la passione per le auto d&#8217;epoca. &#8220;Ho una\u00a0Peugeot 304 arancione che non funziona pi\u00f9&#8221;<\/p>\n<p>\n                                                                    Emanuele Bigi\n                            <\/p>\n<p>                    14 dicembre &#8211; 14:11  &#8211; MILANO<\/p>\n<p class=\"paragraph\" spellcheck=\"true\">\u00c8 stato una delle stelle del cast di Bastardi senza gloria, il film di <b>Quentin Tarantino<\/b>, che ha come protagonista <b>Brad Pitt<\/b>. Ma gli amanti dei motori ricordano di <b>Daniel Br\u00fchl <\/b>soprattutto le apparizioni in Rush, pellicola cult in cui ha interpretato <b>Niki Lauda<\/b>, il grande rivale di <b>James Hunt <\/b>(<b>Chris Hemsworth<\/b>) nelle sfide appassionanti del campionato del mondo di <b>Formula 1<\/b> degli Anni 70, e in Race for Glory: Audi vs. Lancia (con <b>Riccardo Scamarcio<\/b>). Al <b>Torino Film Festival <\/b>l&#8217;attore tedesco, naturalizzato spagnolo, ha parlato della sua passione per le auto storiche: dall&#8217;<b>Alfa Romeo Giulia<\/b> del 1967, firmata da Bertone, a una <b>Peugeot 304<\/b> arancione che custodisce gelosamente a Berlino (&#8220;Anche se ormai non funziona pi\u00f9&#8221;). Ci ha parlato anche della <b>Volkswagen Golf <\/b>con cui girava da neopatentato e della promessa di visitare il<b> Museo dell&#8217;Auto<\/b> non appena torner\u00e0 all&#8217;ombra della Mole Antonelliana.<\/p>\n<p class=\"paragraph\" spellcheck=\"true\"><b>Come \u00e8 stato interpretare in Rush un&#8217;icona come Niki Lauda?\u00a0<\/b><br \/>&#8220;\u00c8 stata un&#8217;esperienza incredibile perch\u00e9 si tratta di un personaggio peculiare, totalmente diverso da me. Mi sono preparato intensamente. Ho letto molto su di lui, ho visto parecchi documentari, e a un certo punto mi sono deciso a entrare in contatto con Niki per riuscire veramente a incarnarlo. Mi chiam\u00f2 un giorno e mi disse: &#8216;Vieni a Vienna&#8217;. \u00c8 stata una delle esperienze pi\u00f9 belle della mia carriera, perch\u00e9 ho incontrato un uomo affascinante con il quale ho parlato di tutto, della paura della morte e della vanit\u00e0&#8221;.<\/p>\n<p class=\"paragraph\" spellcheck=\"true\"><b>Qual \u00e8 l&#8217;aspetto che pi\u00f9 ti ha colpito di Niki Lauda?\u00a0<\/b><br \/>&#8220;Il suo coraggio come pilota, in pista sfidava ogni giorno la morte, ma anche la sua persona, l&#8217;essere sempre onesto: la verit\u00e0 te la diceva in faccia. A volte faceva paura tanto era onesto. La diplomazia non la contemplava. La trovo una cosa sana: Niki non diceva bugie&#8221;.<\/p>\n<p class=\"paragraph\" spellcheck=\"true\"><b>Quanto ti piacciono le automobili?\u00a0<\/b><br \/>&#8220;Adoro le macchine, soprattutto quelle d&#8217;epoca. Per molto tempo ho avuto un&#8217;Alfa Romeo Giulia del 1967. Sono sempre stato un fan di questo modello firmato da Bertone. Adesso ho una Peugeot 304 arancione disegnata da Pininfarina. Non funziona, ma l&#8217;adoro. La custodisco a Berlino. La prossima volta che verr\u00f2 a Torino vorrei visitare il Museo dell&#8217;Auto&#8221;.<\/p>\n<p class=\"paragraph\" spellcheck=\"true\"><b>Qual \u00e8 stata la tua prima macchina?\u00a0<\/b><br \/>&#8220;Una Volkswagen Golf rossa con cui mi sono divertito molto. \u00c8 un classico, credo che tutti i ragazzi della mia et\u00e0 l&#8217;avessero all&#8217;epoca&#8221;.<\/p>\n<p class=\"is-copyright\">\u00a9 RIPRODUZIONE RISERVATA<\/p>\n","protected":false},"excerpt":{"rendered":"Al Torino Film Festival l&#8217;attore tedesco, naturalizzato spagnolo, ha ricordato le emozioni vissute sul set di Rush, in&hellip;\n","protected":false},"author":3,"featured_media":261158,"comment_status":"","ping_status":"","sticky":false,"template":"","format":"standard","meta":{"footnotes":""},"categories":[1451],"tags":[17784,2382,153261,153262,2765,111527,1621,1620,23583,111533,203,4631,153263,454,204,1537,90,89,62039,62038,45077],"class_list":{"0":"post-261157","1":"post","2":"type-post","3":"status-publish","4":"format-standard","5":"has-post-thumbnail","7":"category-celebrita","8":"tag-arancione","9":"tag-attore","10":"tag-attore-tedesco","11":"tag-attore-tedesco-naturalizzato","12":"tag-auto","13":"tag-bruhl","14":"tag-celebrita","15":"tag-celebrities","16":"tag-daniel","17":"tag-daniel-bruhl","18":"tag-entertainment","19":"tag-festival","20":"tag-festival-attore","21":"tag-film","22":"tag-intrattenimento","23":"tag-it","24":"tag-italia","25":"tag-italy","26":"tag-lauda","27":"tag-niki","28":"tag-niki-lauda"},"share_on_mastodon":{"url":"https:\/\/pubeurope.com\/@it\/115721306358275629","error":""},"_links":{"self":[{"href":"https:\/\/www.europesays.com\/it\/wp-json\/wp\/v2\/posts\/261157","targetHints":{"allow":["GET"]}}],"collection":[{"href":"https:\/\/www.europesays.com\/it\/wp-json\/wp\/v2\/posts"}],"about":[{"href":"https:\/\/www.europesays.com\/it\/wp-json\/wp\/v2\/types\/post"}],"author":[{"embeddable":true,"href":"https:\/\/www.europesays.com\/it\/wp-json\/wp\/v2\/users\/3"}],"replies":[{"embeddable":true,"href":"https:\/\/www.europesays.com\/it\/wp-json\/wp\/v2\/comments?post=261157"}],"version-history":[{"count":0,"href":"https:\/\/www.europesays.com\/it\/wp-json\/wp\/v2\/posts\/261157\/revisions"}],"wp:featuredmedia":[{"embeddable":true,"href":"https:\/\/www.europesays.com\/it\/wp-json\/wp\/v2\/media\/261158"}],"wp:attachment":[{"href":"https:\/\/www.europesays.com\/it\/wp-json\/wp\/v2\/media?parent=261157"}],"wp:term":[{"taxonomy":"category","embeddable":true,"href":"https:\/\/www.europesays.com\/it\/wp-json\/wp\/v2\/categories?post=261157"},{"taxonomy":"post_tag","embeddable":true,"href":"https:\/\/www.europesays.com\/it\/wp-json\/wp\/v2\/tags?post=261157"}],"curies":[{"name":"wp","href":"https:\/\/api.w.org\/{rel}","templated":true}]}}