{"id":261161,"date":"2025-12-15T02:51:15","date_gmt":"2025-12-15T02:51:15","guid":{"rendered":"https:\/\/www.europesays.com\/it\/261161\/"},"modified":"2025-12-15T02:51:15","modified_gmt":"2025-12-15T02:51:15","slug":"quando-inizia-e-possibile-cast","status":"publish","type":"post","link":"https:\/\/www.europesays.com\/it\/261161\/","title":{"rendered":"quando inizia e (possibile) cast"},"content":{"rendered":"<p>Novit\u00e0 per il Grande Fratello Vip, il reality show di punta di Canale 5 che sembrava essere in bilico, tra possibili cancellazioni e sostituzioni. Almeno fino a pochi giorni fa. Come ha rivelato Giuseppe Candela su Dagospia il programma, che vedr\u00e0 probabilmente alla conduzione come sempre <a href=\"https:\/\/www.today.it\/tv\/news\/alfonso-signorini-e-paolo-galimberti-si-sposano-html.html\" rel=\"nofollow noopener\" target=\"_blank\">Alfonso Signorini<\/a>, si far\u00e0. E una data \u00e8 stata fissata.\u00a0<\/p>\n<p>Nonostante i se e il condizionale che resta d&#8217;obbligo in questi casi, la trasmissione potrebbe tornare in onda, in prima serata e sempre di luned\u00ec come da tradizione, il 2 marzo 2026. Il reality, per\u00f2, potrebbe anche anticipare la partenza di qualche giorno per \u201crisolvere alcuni problemi di palinsesto\u201d, come ha anticipato Candela.\u00a0<\/p>\n<p><a href=\"https:\/\/www.today.it\/tv\/news\/berlusconi-natale-madre-ospedale-futuro-mediaset.html\" target=\"_blank\" rel=\"nofollow noopener\">Pier Silvio Berlusconi: &#8220;A Natale sar\u00f2 con mia madre, \u00e8 stata in ospedale. Saremo tutti insieme&#8221;. Poi parla del futuro di Mediaset<\/a> [Il Grande Fratello Vip 2026 si far\u00e0?<\/p>\n<p>Solo pochi giorni fa, durante l&#8217;incontro con la stampa, Pier Silvio Berlusconi aveva parlato del futuro del Grande Fratello Vip e aveva spiegato che la decisione sulla nuova edizione sarebbe stata presa a breve. Entro pochi giorni.\u00a0<\/p>\n<p>\u201cPensiamo &#8211; aveva detto Berlusconi &#8211; che forse sarebbe pi\u00f9 giusto e prudente dare al Grande Fratello un po&#8217; di tempo per riposare. Sono onesto se dico che il Gf \u00e8 una macchina che da un lato si deve rinnovare e per rinnovarsi bisogna tenere calda la fiamma. Quando un progetto viene messo da parte, tranne rarissimi casi tipo &#8216;La Ruota&#8217;, poi \u00e8 molto difficile riaccenderlo\u201d. Per\u00f2, aveva ribadito, &#8220;noi viviamo anche di una struttura di palinsesto, siamo una tv commerciale e avere a disposizione un prodotto che comunque consente di fare tutte quelle serate e che fa un risultato dignitoso, per Canale 5 \u00e8 abbastanza importante. Quindi entro dieci giorni decideremo se fare o no il Grande Fratello&#8221;. E ora pare che la decisione sia stata presa e che ci sia stata la fumata bianca: il Grande Fratello Vip (molto probabilmente) si far\u00e0 e partir\u00e0 a marzo.\u00a0<\/p>\n<p>\u201cIo non dico &#8216;no&#8217;, onestamente non ho visto niente di cos\u00ec criticabile, ma bisogna fare di pi\u00f9 e va profondamente evoluto. Al di l\u00e0 della struttura di palinsesto c&#8217;\u00e8 questione di evoluzione che dovremo valutare entro settimana prossima\u201d, aveva detto l&#8217;ad parlando della nuova edizione. Ci saranno cambiamenti e colpi di scena ora che la versione \u2018Nip\u2019 con Simona Ventura sta per giungere al capolinea?\u00a0<\/p>\n<p><a href=\"https:\/\/www.today.it\/tv\/news\/grande-fratello\/grande-fratello-2025-semifinale-8-dicembre.html\" target=\"_blank\" rel=\"nofollow noopener\">Grande Fratello, riassunto semifinale 8 dicembre: i finalisti e gli eliminati<\/a>Chi ci sar\u00e0 nel cast, tutti i nomi in lizza\u00a0<\/p>\n<p>Ma chi potrebbe esserci nel cast della nuova edizione del Grande Fratello Vip? Nelle ultime settimane stanno circolando diversi nomi (nessuno ancora ufficiale). Da ex volti di Temptation Island a protagonisti di Uomini e Donne, come ha anticipato Lorenzo Pugnaloni, passando per personaggi noti e conosciuti del mondo dello spettacolo. Tra i candidati pi\u00f9 chiacchierati ci sarebbero: Sarah e Rosario che hanno partecipato all&#8217;ultima edizione di Temptation Island, Martina De Ioannon e Gianmarco Steri (di Uomini e Donne), ma anche <a href=\"https:\/\/www.today.it\/tv\/news\/grande-fratello\/rocco-siffredi-cast-signorini.html\" rel=\"nofollow noopener\" target=\"_blank\">Rocco Siffredi<\/a>, Donatella Rettore, Anna La Rosa, l&#8217;ex avvocato di Andrea Sempio Massimo Lovati, Federica Pellegrini, Loredana Lecciso e sua figlia Jasmine Carrisi, Walter Zenga, Aida Yespica, Alba Parietti. Saranno loro a varcare la soglia della porta rossa e a entrare nella casa pi\u00f9 spiata d&#8217;Italia? Ora resta solo da aspettare la conferma ufficiale.\u00a0<\/p>\n<p>\u00a0<\/p>\n","protected":false},"excerpt":{"rendered":"Novit\u00e0 per il Grande Fratello Vip, il reality show di punta di Canale 5 che sembrava essere in&hellip;\n","protected":false},"author":3,"featured_media":261162,"comment_status":"","ping_status":"","sticky":false,"template":"","format":"standard","meta":{"footnotes":""},"categories":[1444],"tags":[19130,153267,153266,203,204,1537,90,89,153265,253],"class_list":{"0":"post-261161","1":"post","2":"type-post","3":"status-publish","4":"format-standard","5":"has-post-thumbnail","7":"category-tv","8":"tag-alfonso-signorini","9":"tag-cast-gf-vip","10":"tag-data-gf-vip","11":"tag-entertainment","12":"tag-intrattenimento","13":"tag-it","14":"tag-italia","15":"tag-italy","16":"tag-quando-inizia-il-grande-fratello-vip","17":"tag-tv"},"share_on_mastodon":{"url":"https:\/\/pubeurope.com\/@it\/115721318089223513","error":""},"_links":{"self":[{"href":"https:\/\/www.europesays.com\/it\/wp-json\/wp\/v2\/posts\/261161","targetHints":{"allow":["GET"]}}],"collection":[{"href":"https:\/\/www.europesays.com\/it\/wp-json\/wp\/v2\/posts"}],"about":[{"href":"https:\/\/www.europesays.com\/it\/wp-json\/wp\/v2\/types\/post"}],"author":[{"embeddable":true,"href":"https:\/\/www.europesays.com\/it\/wp-json\/wp\/v2\/users\/3"}],"replies":[{"embeddable":true,"href":"https:\/\/www.europesays.com\/it\/wp-json\/wp\/v2\/comments?post=261161"}],"version-history":[{"count":0,"href":"https:\/\/www.europesays.com\/it\/wp-json\/wp\/v2\/posts\/261161\/revisions"}],"wp:featuredmedia":[{"embeddable":true,"href":"https:\/\/www.europesays.com\/it\/wp-json\/wp\/v2\/media\/261162"}],"wp:attachment":[{"href":"https:\/\/www.europesays.com\/it\/wp-json\/wp\/v2\/media?parent=261161"}],"wp:term":[{"taxonomy":"category","embeddable":true,"href":"https:\/\/www.europesays.com\/it\/wp-json\/wp\/v2\/categories?post=261161"},{"taxonomy":"post_tag","embeddable":true,"href":"https:\/\/www.europesays.com\/it\/wp-json\/wp\/v2\/tags?post=261161"}],"curies":[{"name":"wp","href":"https:\/\/api.w.org\/{rel}","templated":true}]}}