{"id":261212,"date":"2025-12-15T03:44:20","date_gmt":"2025-12-15T03:44:20","guid":{"rendered":"https:\/\/www.europesays.com\/it\/261212\/"},"modified":"2025-12-15T03:44:20","modified_gmt":"2025-12-15T03:44:20","slug":"un-casa-a-genova-di-210-mq-fra-mare-e-collina","status":"publish","type":"post","link":"https:\/\/www.europesays.com\/it\/261212\/","title":{"rendered":"Un casa a Genova di 210 mq fra mare e collina"},"content":{"rendered":"<p data-journey-content=\"true\" data-node-id=\"1\" class=\"css-6wxqfj emevuu60\">Nel vibrante <strong data-node-id=\"1.1\">quartiere di Castelletto, a <a href=\"https:\/\/www.elledecor.com\/it\/case\/a41931013\/appartamento-piccolo-40-mq-a-genova-organizzato-perfettamente\/\" target=\"_blank\" data-vars-ga-outbound-link=\"https:\/\/www.elledecor.com\/it\/case\/a41931013\/appartamento-piccolo-40-mq-a-genova-organizzato-perfettamente\/\" data-vars-ga-ux-element=\"Hyperlink\" data-vars-ga-call-to-action=\"Genova\" data-node-id=\"1.1.1\" class=\"body-link css-15fjk10 emevuu60\" rel=\"nofollow noopener\">Genova<\/a><\/strong>, c\u2019\u00e8 un <strong data-node-id=\"1.3\">appartamento<\/strong> che traduce le proprie memorie e la propria identit\u00e0 in un racconto di luce. Cos\u00ec lo ha concepito l\u2019architetta <strong data-node-id=\"1.5\">Giulia Grillo<\/strong>, attingendo all\u2019atmosfera unica, verticale e imbevuta di salsedine, della citt\u00e0 ligure per immaginare uno scenario domestico in cui la luce non \u00e8 semplice presenza, ma materia viva e ispirazione. L\u2019intervento, ribattezzato Nimbo, nasce dall\u2019ascolto profondo del contesto. Castelletto \u00e8 un luogo sospeso <strong data-node-id=\"1.9\">tra il mare e la collina<\/strong>, dove gli echi ottocenteschi e i tratti eclettici dei palazzi vegliati dai platani danno alla luce un ritmo diverso, pi\u00f9 aereo e limpido: particolare che Grillo ha saputo incanalare in un linguaggio stratificato e sartoriale, in bilico tra rispetto per le radici e slancio creativo.  <\/p>\n<p><img draggable=\"true\" alt=\"una casa scolpita dalla luce a genova\" title=\"Una casa scolpita dalla luce a Genova \" loading=\"lazy\" width=\"5000\" height=\"3750\" decoding=\"async\" data-nimg=\"1\" style=\"color:transparent;width:100%;height:auto;\"   src=\"https:\/\/www.europesays.com\/it\/wp-content\/uploads\/2025\/12\/giuliagrillo-apt-csofirenze-dscf3984-693c033a2fd27.jpg\" class=\"css-0 e1g79fud0\"\/><a target=\"_blank\" rel=\"noopener nofollow\" data-theme-key=\"base-link\" href=\"https:\/\/pinterest.com\/pin\/create\/button\/?url=https:\/\/www.elledecor.com\/it\/case\/a69708153\/un-casa-a-genova-e-un-anello-di-luce-di-210-metri-quadrati-in-un-luogo-sospeso-fra-mare-e-collina\/&amp;description=elledecoritalia&amp;media=https:\/\/hips.hearstapps.com\/hmg-prod\/images\/giuliagrillo-apt-csofirenze-dscf3984-693c033a2fd27.jpg?resize=1600:*\" class=\"pinterest css-on9hn5 e1c1bym14\"><img decoding=\"async\" data-dynamic-svg=\"true\" src=\"https:\/\/www.elledecor.com\/_assets\/design-tokens\/fre\/static\/icons\/social\/pinterest.e8cf655.svg?primary=%2523ffffff\" loading=\"lazy\" data-testid=\"dynamic-svg-base\" height=\"auto\" width=\"auto\" alt=\"pinterest\" class=\"css-4lml0h e1mlxuuw1\"\/><\/a>Anna Positano, Gaia Cambiaggi | Studio Campo<\/p>\n<p>Una casa scolpita dalla luce a Genova<\/p>\n<p><img draggable=\"true\" alt=\"una casa scolpita dalla luce a genova\" title=\"Una casa scolpita dalla luce a Genova \" loading=\"lazy\" width=\"5000\" height=\"3750\" decoding=\"async\" data-nimg=\"1\" style=\"color:transparent;width:100%;height:auto;\"   src=\"https:\/\/www.europesays.com\/it\/wp-content\/uploads\/2025\/12\/giuliagrillo-apt-csofirenze-dscf3995-693c0384153fb.jpg\" class=\"css-0 e1g79fud0\"\/><a target=\"_blank\" rel=\"noopener nofollow\" data-theme-key=\"base-link\" href=\"https:\/\/pinterest.com\/pin\/create\/button\/?url=https:\/\/www.elledecor.com\/it\/case\/a69708153\/un-casa-a-genova-e-un-anello-di-luce-di-210-metri-quadrati-in-un-luogo-sospeso-fra-mare-e-collina\/&amp;description=elledecoritalia&amp;media=https:\/\/hips.hearstapps.com\/hmg-prod\/images\/giuliagrillo-apt-csofirenze-dscf3995-693c0384153fb.jpg?resize=1600:*\" class=\"pinterest css-on9hn5 e1c1bym14\"><img decoding=\"async\" data-dynamic-svg=\"true\" src=\"https:\/\/www.elledecor.com\/_assets\/design-tokens\/fre\/static\/icons\/social\/pinterest.e8cf655.svg?primary=%2523ffffff\" loading=\"lazy\" data-testid=\"dynamic-svg-base\" height=\"auto\" width=\"auto\" alt=\"pinterest\" class=\"css-4lml0h e1mlxuuw1\"\/><\/a>Anna Positano, Gaia Cambiaggi | Studio Campo<\/p>\n<p>Una casa scolpita dalla luce a Genova<\/p>\n<p data-journey-content=\"true\" data-node-id=\"6\" class=\"css-6wxqfj emevuu60\"><strong data-node-id=\"6.0\">L\u2019appartamento di 210 mq<\/strong>, dalla pianta quadrata, \u00e8 stato ripensato seguendo un principio di fluidit\u00e0: le stanze si rincorrono liberamente, a comporre una sorta di piccola corte domestica, aperta e interconnessa, in cui le ombre si sovrappongono ai riflessi e guidano lo sguardo. Gli elementi storici \u2014 pavimenti in graniglia, <a href=\"https:\/\/www.elledecor.com\/it\/lifestyle\/a43719559\/come-scegliere-i-tipi-di-legno-per-il-parquet\/\" target=\"_blank\" data-vars-ga-outbound-link=\"https:\/\/www.elledecor.com\/it\/lifestyle\/a43719559\/come-scegliere-i-tipi-di-legno-per-il-parquet\/\" data-vars-ga-ux-element=\"Hyperlink\" data-vars-ga-call-to-action=\"parquet\" data-node-id=\"6.2\" class=\"body-link css-15fjk10 emevuu60\" rel=\"nofollow noopener\">parquet<\/a> con intarsi, soffitti in stucco, radiatori in ghisa \u2014 sono stati restaurati con attenzione e affiancati a scelte pi\u00f9 attuali, dalle cementine marocchine alle finiture morbide e naturali delle pareti.<\/p>\n<p><img draggable=\"true\" alt=\"una casa scolpita dalla luce a genova\" title=\"Una casa scolpita dalla luce a Genova \" loading=\"lazy\" width=\"5000\" height=\"3750\" decoding=\"async\" data-nimg=\"1\" style=\"color:transparent;width:100%;height:auto;\"   src=\"https:\/\/www.europesays.com\/it\/wp-content\/uploads\/2025\/12\/giuliagrillo-apt-csofirenze-dscf4082-693c03aea0bbb.jpg\" class=\"css-0 e1g79fud0\"\/><a target=\"_blank\" rel=\"noopener nofollow\" data-theme-key=\"base-link\" href=\"https:\/\/pinterest.com\/pin\/create\/button\/?url=https:\/\/www.elledecor.com\/it\/case\/a69708153\/un-casa-a-genova-e-un-anello-di-luce-di-210-metri-quadrati-in-un-luogo-sospeso-fra-mare-e-collina\/&amp;description=elledecoritalia&amp;media=https:\/\/hips.hearstapps.com\/hmg-prod\/images\/giuliagrillo-apt-csofirenze-dscf4082-693c03aea0bbb.jpg?resize=1600:*\" class=\"pinterest css-on9hn5 e1c1bym14\"><img decoding=\"async\" data-dynamic-svg=\"true\" src=\"https:\/\/www.elledecor.com\/_assets\/design-tokens\/fre\/static\/icons\/social\/pinterest.e8cf655.svg?primary=%2523ffffff\" loading=\"lazy\" data-testid=\"dynamic-svg-base\" height=\"auto\" width=\"auto\" alt=\"pinterest\" class=\"css-4lml0h e1mlxuuw1\"\/><\/a>Anna Positano, Gaia Cambiaggi | Studio Campo<\/p>\n<p>Una casa scolpita dalla luce a Genova<\/p>\n<p><img draggable=\"true\" alt=\"modern bathroom with twin sinks and decorative mirrors\" title=\"Una casa scolpita dalla luce a Genova \" loading=\"lazy\" width=\"5000\" height=\"4661\" decoding=\"async\" data-nimg=\"1\" style=\"color:transparent;width:100%;height:auto;\"   src=\"https:\/\/www.europesays.com\/it\/wp-content\/uploads\/2025\/12\/giuliagrillo-apt-csofirenze-dscf4042-693c04ea7514c.jpg\" class=\"css-0 e1g79fud0\"\/><a target=\"_blank\" rel=\"noopener nofollow\" data-theme-key=\"base-link\" href=\"https:\/\/pinterest.com\/pin\/create\/button\/?url=https:\/\/www.elledecor.com\/it\/case\/a69708153\/un-casa-a-genova-e-un-anello-di-luce-di-210-metri-quadrati-in-un-luogo-sospeso-fra-mare-e-collina\/&amp;description=elledecoritalia&amp;media=https:\/\/hips.hearstapps.com\/hmg-prod\/images\/giuliagrillo-apt-csofirenze-dscf4042-693c04ea7514c.jpg?resize=1600:*\" class=\"pinterest css-on9hn5 e1c1bym14\"><img decoding=\"async\" data-dynamic-svg=\"true\" src=\"https:\/\/www.elledecor.com\/_assets\/design-tokens\/fre\/static\/icons\/social\/pinterest.e8cf655.svg?primary=%2523ffffff\" loading=\"lazy\" data-testid=\"dynamic-svg-base\" height=\"auto\" width=\"auto\" alt=\"pinterest\" class=\"css-4lml0h e1mlxuuw1\"\/><\/a>Anna Positano, Gaia Cambiaggi | Studio Campo<\/p>\n<p>Una casa scolpita dalla luce a Genova<\/p>\n<p data-journey-content=\"true\" data-node-id=\"10\" class=\"css-6wxqfj emevuu60\">Alla luce che filtra dalle<strong data-node-id=\"10.1\"> bay window affacciate sul quartiere<\/strong> \u00e8 assegnato, come gi\u00e0 dicevamo, il ruolo pi\u00f9 importante. Quello di accompagnare dolcemente i percorsi, scolpire le superfici, scandire i momenti quotidiani. In alcune stanze si adagia silenziosa e lieve sui dettagli d\u2019epoca; in altre entra pi\u00f9 netta, rivelando scorci abbaglianti di mare o cartoline urbane in perenne mutamento. \u00c8 attraverso la <a href=\"https:\/\/www.elledecor.com\/it\/luce-design-installazioni\/\" target=\"_blank\" data-vars-ga-outbound-link=\"https:\/\/www.elledecor.com\/it\/luce-design-installazioni\/\" data-vars-ga-ux-element=\"Hyperlink\" data-vars-ga-call-to-action=\"luce\" data-node-id=\"10.3\" class=\"body-link css-15fjk10 emevuu60\" rel=\"nofollow noopener\">luce<\/a> che la bellezza contemplativa del tempo e della natura penetra all\u2019interno, facendosi complice delle esperienze e dei gesti di ogni giorno.  <\/p>\n<p><img draggable=\"true\" alt=\"modern kitchen with blue cabinetry and minimalist design\" title=\"Una casa scolpita dalla luce a Genova \" loading=\"lazy\" width=\"3750\" height=\"5000\" decoding=\"async\" data-nimg=\"1\" style=\"color:transparent;width:100%;height:auto;\"   src=\"https:\/\/www.europesays.com\/it\/wp-content\/uploads\/2025\/12\/giuliagrillo-apt-csofirenze-dscf4093-693c03d797ece.jpg\" class=\"css-0 e1g79fud0\"\/><a target=\"_blank\" rel=\"noopener nofollow\" data-theme-key=\"base-link\" href=\"https:\/\/pinterest.com\/pin\/create\/button\/?url=https:\/\/www.elledecor.com\/it\/case\/a69708153\/un-casa-a-genova-e-un-anello-di-luce-di-210-metri-quadrati-in-un-luogo-sospeso-fra-mare-e-collina\/&amp;description=elledecoritalia&amp;media=https:\/\/hips.hearstapps.com\/hmg-prod\/images\/giuliagrillo-apt-csofirenze-dscf4093-693c03d797ece.jpg?resize=1600:*\" class=\"pinterest css-on9hn5 e1c1bym14\"><img decoding=\"async\" data-dynamic-svg=\"true\" src=\"https:\/\/www.elledecor.com\/_assets\/design-tokens\/fre\/static\/icons\/social\/pinterest.e8cf655.svg?primary=%2523ffffff\" loading=\"lazy\" data-testid=\"dynamic-svg-base\" height=\"auto\" width=\"auto\" alt=\"pinterest\" class=\"css-4lml0h e1mlxuuw1\"\/><\/a>Anna Positano, Gaia Cambiaggi | Studio Campo<\/p>\n<p>Una casa scolpita dalla luce a Genova<\/p>\n<p><img draggable=\"true\" alt=\"una casa scolpita dalla luce a genova\" title=\"Una casa scolpita dalla luce a Genova \" loading=\"lazy\" width=\"3750\" height=\"5000\" decoding=\"async\" data-nimg=\"1\" style=\"color:transparent;width:100%;height:auto;\"   src=\"https:\/\/www.europesays.com\/it\/wp-content\/uploads\/2025\/12\/giuliagrillo-apt-csofirenze-dscf4103-693c03f7a9d80.jpg\" class=\"css-0 e1g79fud0\"\/><a target=\"_blank\" rel=\"noopener nofollow\" data-theme-key=\"base-link\" href=\"https:\/\/pinterest.com\/pin\/create\/button\/?url=https:\/\/www.elledecor.com\/it\/case\/a69708153\/un-casa-a-genova-e-un-anello-di-luce-di-210-metri-quadrati-in-un-luogo-sospeso-fra-mare-e-collina\/&amp;description=elledecoritalia&amp;media=https:\/\/hips.hearstapps.com\/hmg-prod\/images\/giuliagrillo-apt-csofirenze-dscf4103-693c03f7a9d80.jpg?resize=1600:*\" class=\"pinterest css-on9hn5 e1c1bym14\"><img decoding=\"async\" data-dynamic-svg=\"true\" src=\"https:\/\/www.elledecor.com\/_assets\/design-tokens\/fre\/static\/icons\/social\/pinterest.e8cf655.svg?primary=%2523ffffff\" loading=\"lazy\" data-testid=\"dynamic-svg-base\" height=\"auto\" width=\"auto\" alt=\"pinterest\" class=\"css-4lml0h e1mlxuuw1\"\/><\/a>Anna Positano, Gaia Cambiaggi | Studio Campo<\/p>\n<p>Una casa scolpita dalla luce a Genova<\/p>\n<p data-journey-content=\"true\" data-node-id=\"16\" class=\"css-6wxqfj emevuu60\"><strong data-node-id=\"16.0\">Il progetto mantiene un equilibrio sottile tra nostalgia e sensibilit\u00e0 contemporanea<\/strong>. Materiali e colori dal sapore caldo e avvolgente evocano la quiete dei viali alberati, pur concedendosi guizzi pi\u00f9 briosi di verde e azzurro, mentre gli arredi \u2014 essenziali, calibrati, spesso su misura \u2014 lasciano spazio a una <strong data-node-id=\"16.2\">percezione lenta e tattile degli ambienti<\/strong>. Per l\u2019architetta Giulia Grillo, l&#8217;abitazione non doveva \u201cdiventare nuova\u201d, ma tornare a parlare con autenticit\u00e0 del proprio passato: ogni scelta progettuale testimonia questo approccio, mettendo in primo piano l\u2019appartenenza della casa al suo microcosmo cittadino e il dialogo onesto e fecondo tra luce, materia e rituali della quotidianit\u00e0. E cos\u00ec la sfera domestica trova finalmente la sua voce, delicata, ma precisa, da intrecciare a quella di chi la abita, in un coro armonioso e denso di emozione. <\/p>\n<p><img draggable=\"true\" alt=\"casa bellissima a genova\" title=\"Casa bellissima a Genova\" loading=\"lazy\" width=\"3750\" height=\"5000\" decoding=\"async\" data-nimg=\"1\" style=\"color:transparent;width:100%;height:auto;\"   src=\"https:\/\/www.europesays.com\/it\/wp-content\/uploads\/2025\/12\/giuliagrillo-apt-csofirenze-dscf4066-693c5d9deffd3.jpg\" class=\"css-0 e1g79fud0\"\/><a target=\"_blank\" rel=\"noopener nofollow\" data-theme-key=\"base-link\" href=\"https:\/\/pinterest.com\/pin\/create\/button\/?url=https:\/\/www.elledecor.com\/it\/case\/a69708153\/un-casa-a-genova-e-un-anello-di-luce-di-210-metri-quadrati-in-un-luogo-sospeso-fra-mare-e-collina\/&amp;description=elledecoritalia&amp;media=https:\/\/hips.hearstapps.com\/hmg-prod\/images\/giuliagrillo-apt-csofirenze-dscf4066-693c5d9deffd3.jpg?resize=1600:*\" class=\"pinterest css-on9hn5 e1c1bym14\"><img decoding=\"async\" data-dynamic-svg=\"true\" src=\"https:\/\/www.elledecor.com\/_assets\/design-tokens\/fre\/static\/icons\/social\/pinterest.e8cf655.svg?primary=%2523ffffff\" loading=\"lazy\" data-testid=\"dynamic-svg-base\" height=\"auto\" width=\"auto\" alt=\"pinterest\" class=\"css-4lml0h e1mlxuuw1\"\/><\/a><\/p>\n<p>Anna Positano, Gaia Cambiaggi | Studio Campo<\/p>\n<p data-journey-content=\"true\" data-node-id=\"19\" class=\"css-6wxqfj emevuu60\"><a href=\"https:\/\/www.giuliagrilloarchitetto.com\" target=\"_blank\" rel=\"nofollow noopener\" data-vars-ga-outbound-link=\"https:\/\/www.giuliagrilloarchitetto.com\" data-vars-ga-ux-element=\"Hyperlink\" data-vars-ga-call-to-action=\"www.giuliagrilloarchitetto.com\" data-node-id=\"19.0\" class=\"body-link css-15fjk10 emevuu60\">www.giuliagrilloarchitetto.com<\/a><\/p>\n<p><img decoding=\"async\" data-dynamic-svg=\"true\" src=\"https:\/\/www.elledecor.com\/_assets\/design-tokens\/elledecor\/static\/images\/logos\/lettermark.acfb74c.svg?primary=%2523000\" loading=\"lazy\" data-testid=\"dynamic-svg-base\" height=\"100\" width=\"100\" alt=\"Lettermark\" class=\"css-7mevzh ev8dhu50\"\/><\/p>\n<p>Elisa Zagaria \u00e8 un\u2019autrice che ha trasformato in un lavoro la sua pi\u00f9 grande passione: cercare e inventare storie. Quelle che racconta per Elle Decor, in qualit\u00e0 di collaboratrice freelance, hanno per protagonisti case da sogno, personalit\u00e0, eventi e luoghi simbolo del nostro tempo. E poi ci sono altre storie, in forma di romanzi e soprattutto sceneggiature, che scrive per la televisione, in attesa di diventare sufficientemente ricca da potersi comprare una di quelle case da sogno.\u00a0<\/p>\n","protected":false},"excerpt":{"rendered":"Nel vibrante quartiere di Castelletto, a Genova, c\u2019\u00e8 un appartamento che traduce le proprie memorie e la propria&hellip;\n","protected":false},"author":3,"featured_media":261213,"comment_status":"","ping_status":"","sticky":false,"template":"","format":"standard","meta":{"footnotes":""},"categories":[1446],"tags":[1615,1613,1614,1611,1610,5134,1612,203,14162,204,1537,90,89],"class_list":{"0":"post-261212","1":"post","2":"type-post","3":"status-publish","4":"format-standard","5":"has-post-thumbnail","7":"category-arte-e-design","8":"tag-arte","9":"tag-arte-e-design","10":"tag-arteedesign","11":"tag-arts","12":"tag-arts-and-design","13":"tag-casa","14":"tag-design","15":"tag-entertainment","16":"tag-genova","17":"tag-intrattenimento","18":"tag-it","19":"tag-italia","20":"tag-italy"},"share_on_mastodon":{"url":"https:\/\/pubeurope.com\/@it\/115721527316303306","error":""},"_links":{"self":[{"href":"https:\/\/www.europesays.com\/it\/wp-json\/wp\/v2\/posts\/261212","targetHints":{"allow":["GET"]}}],"collection":[{"href":"https:\/\/www.europesays.com\/it\/wp-json\/wp\/v2\/posts"}],"about":[{"href":"https:\/\/www.europesays.com\/it\/wp-json\/wp\/v2\/types\/post"}],"author":[{"embeddable":true,"href":"https:\/\/www.europesays.com\/it\/wp-json\/wp\/v2\/users\/3"}],"replies":[{"embeddable":true,"href":"https:\/\/www.europesays.com\/it\/wp-json\/wp\/v2\/comments?post=261212"}],"version-history":[{"count":0,"href":"https:\/\/www.europesays.com\/it\/wp-json\/wp\/v2\/posts\/261212\/revisions"}],"wp:featuredmedia":[{"embeddable":true,"href":"https:\/\/www.europesays.com\/it\/wp-json\/wp\/v2\/media\/261213"}],"wp:attachment":[{"href":"https:\/\/www.europesays.com\/it\/wp-json\/wp\/v2\/media?parent=261212"}],"wp:term":[{"taxonomy":"category","embeddable":true,"href":"https:\/\/www.europesays.com\/it\/wp-json\/wp\/v2\/categories?post=261212"},{"taxonomy":"post_tag","embeddable":true,"href":"https:\/\/www.europesays.com\/it\/wp-json\/wp\/v2\/tags?post=261212"}],"curies":[{"name":"wp","href":"https:\/\/api.w.org\/{rel}","templated":true}]}}