{"id":261274,"date":"2025-12-15T04:49:19","date_gmt":"2025-12-15T04:49:19","guid":{"rendered":"https:\/\/www.europesays.com\/it\/261274\/"},"modified":"2025-12-15T04:49:19","modified_gmt":"2025-12-15T04:49:19","slug":"milano-picchia-i-poliiziotti-in-via-caracciolo-arrestato","status":"publish","type":"post","link":"https:\/\/www.europesays.com\/it\/261274\/","title":{"rendered":"Milano, picchia i poliiziotti in via Caracciolo. Arrestato"},"content":{"rendered":"<p>Stava disturbando i passanti e per questo qualcuno ha avvertito il numero di emergenza 112. All&#8217;arrivo dei poliziotti si \u00e8 scagliato contro di loro, ferendone due, prima di essere arrestato.<\/p>\n<p>Segnalata persona molesta<\/p>\n<p>\u00c8 successo sabato sera, poco dopo le sette, in via Caracciolo (zona Mac Mahon). Il protagonista \u00e8 un uomo marocchino di 38 anni. Secondo quanto riportato dalla questura di Milano, l&#8217;uomo \u00e8 stato segnalato al 112 come persona molesta.<\/p>\n<p>Poliziotti in ospedale<\/p>\n<p>Sul posto si sono recati gli agenti di polizia, che hanno individuato l&#8217;uomo. Ma lui li ha aggrediti e picchiati, mandandone due al pronto soccorso. Uno ha riportato una distorsione a un ginocchio ed \u00e8 stato giudicato guaribile in 12 giorni. L&#8217;altro, con una contusione a una gamba, ne avr\u00e0 invece per 10 giorni. Alla fine l&#8217;uomo \u00e8 stato arrestato: si trova in attesa del processo per direttissima.<\/p>\n","protected":false},"excerpt":{"rendered":"Stava disturbando i passanti e per questo qualcuno ha avvertito il numero di emergenza 112. All&#8217;arrivo dei poliziotti&hellip;\n","protected":false},"author":3,"featured_media":261275,"comment_status":"","ping_status":"","sticky":false,"template":"","format":"standard","meta":{"footnotes":""},"categories":[79],"tags":[2864,14,93,94,1537,90,89,7,15,11,84,91,12,85,92],"class_list":{"0":"post-261274","1":"post","2":"type-post","3":"status-publish","4":"format-standard","5":"has-post-thumbnail","7":"category-italia","8":"tag-aggressioni","9":"tag-cronaca","10":"tag-cronaca-italiana","11":"tag-cronacaitaliana","12":"tag-it","13":"tag-italia","14":"tag-italy","15":"tag-news","16":"tag-notizie","17":"tag-ultime-notizie","18":"tag-ultime-notizie-e-news-di-oggi","19":"tag-ultime-notizie-italia","20":"tag-ultimenotizie","21":"tag-ultimenotizieenewsdioggi","22":"tag-ultimenotizieitalia"},"share_on_mastodon":{"url":"https:\/\/pubeurope.com\/@it\/115721782226358683","error":""},"_links":{"self":[{"href":"https:\/\/www.europesays.com\/it\/wp-json\/wp\/v2\/posts\/261274","targetHints":{"allow":["GET"]}}],"collection":[{"href":"https:\/\/www.europesays.com\/it\/wp-json\/wp\/v2\/posts"}],"about":[{"href":"https:\/\/www.europesays.com\/it\/wp-json\/wp\/v2\/types\/post"}],"author":[{"embeddable":true,"href":"https:\/\/www.europesays.com\/it\/wp-json\/wp\/v2\/users\/3"}],"replies":[{"embeddable":true,"href":"https:\/\/www.europesays.com\/it\/wp-json\/wp\/v2\/comments?post=261274"}],"version-history":[{"count":0,"href":"https:\/\/www.europesays.com\/it\/wp-json\/wp\/v2\/posts\/261274\/revisions"}],"wp:featuredmedia":[{"embeddable":true,"href":"https:\/\/www.europesays.com\/it\/wp-json\/wp\/v2\/media\/261275"}],"wp:attachment":[{"href":"https:\/\/www.europesays.com\/it\/wp-json\/wp\/v2\/media?parent=261274"}],"wp:term":[{"taxonomy":"category","embeddable":true,"href":"https:\/\/www.europesays.com\/it\/wp-json\/wp\/v2\/categories?post=261274"},{"taxonomy":"post_tag","embeddable":true,"href":"https:\/\/www.europesays.com\/it\/wp-json\/wp\/v2\/tags?post=261274"}],"curies":[{"name":"wp","href":"https:\/\/api.w.org\/{rel}","templated":true}]}}