{"id":261296,"date":"2025-12-15T05:14:22","date_gmt":"2025-12-15T05:14:22","guid":{"rendered":"https:\/\/www.europesays.com\/it\/261296\/"},"modified":"2025-12-15T05:14:22","modified_gmt":"2025-12-15T05:14:22","slug":"condhotel-a-riccione-operazione-manhattan-gia-venduto-lattico-da-27-milioni","status":"publish","type":"post","link":"https:\/\/www.europesays.com\/it\/261296\/","title":{"rendered":"Condhotel a Riccione, operazione Manhattan. Gi\u00e0 venduto l\u2019attico da 2,7 milioni"},"content":{"rendered":"<p>Riccione, 14 dicembre 2025 \u2013 Sventola la bandiera a stelle strisce in <strong>viale Martinelli.<\/strong> E\u2019 qui che il cantiere in corso per la realizzazione del <strong>Manhattan,<\/strong> struttura residenziale parte di un<strong> condhotel,<\/strong> ha visto l\u2019impresa costruttrice arrivare al tetto, issando la doppia bandiera, tricolore e americana.<\/p>\n<p>C\u2019\u00e8 un significato che va oltre il nome dell\u2019edificio che ricorda la Grande Mela. Il proprietario della societ\u00e0 che ha realizzato l\u2019intervento \u00e8 un italiano che vive negli Stati Uniti. Ma si \u00e8 innamorato della Perla verde ed \u00e8 qui che ha investito.<\/p>\n<p> <img alt=\"Il Manhattan in corso di realizzazione in viale Martinelli\" loading=\"lazy\" width=\"1600\" height=\"1066\" decoding=\"async\" data-nimg=\"1\" style=\"color:transparent;max-width:100%;height:auto\"   src=\"https:\/\/www.europesays.com\/it\/wp-content\/uploads\/2025\/12\/il-manhattan-in-corso-di-realizzazione-in-viale-martinelli.webp\"\/><\/p>\n<p>Il Manhattan in corso di realizzazione in viale Martinelli<\/p>\n<p>Quanto costa l\u2019attico pi\u00f9 ampio del Manhattan <\/p>\n<p>L\u2019operazione che ha puntato sul <strong>prestigio.<\/strong> L\u2019esempio sta in sette cifre: 2.700.000 euro. E\u2019 il costo dell\u2019attico pi\u00f9 ampio che \u00e8 gi\u00e0 stato venduto. A curare le vendite \u00e8 <strong>Coldwell Banker Riccione<\/strong>. &#8220;L\u2019intervento &#8211; spiega la referente Federica Gigio &#8211; \u00e8 senza dubbio di pregio. E\u2019 gi\u00e0 stato acquistato l\u2019attico da 2,7 milioni e ne rimane un altro. La struttura ha in tutto 18 appartamenti e sono in atto trattative. Alcuni di questi alloggi sono gi\u00e0 riservati&#8221;.<\/p>\n<p> <img alt=\"Un dettaglio di come sar\u00e0 un interno del Condhotel Manhattan\" loading=\"lazy\" width=\"1600\" height=\"1066\" decoding=\"async\" data-nimg=\"1\" style=\"color:transparent;max-width:100%;height:auto\"   src=\"https:\/\/www.europesays.com\/it\/wp-content\/uploads\/2025\/12\/un-dettaglio-di-come-sara-un-interno-del-condhotel-manhattan.webp\"\/><\/p>\n<p>Un dettaglio di come sar\u00e0 un interno del Condhotel Manhattan<\/p>\n<p>Il Manhattan sorto al posto degli hotel Eden e Casadio <\/p>\n<p>Il Manhattan \u00e8 il frutto di un\u2019operazione urbanistica che ha fatto forza sulla norma dei condhotel. In viale Martinelli sussistevano due vecchie strutture alberghiere, l\u2019<strong>Eden<\/strong> e il <strong>Casadio.<\/strong> Attraverso la norma del condhotel \u00e8 stato possibile per la nuova propriet\u00e0 demolire entrambi gli edifici e realizzarne due nuovi seguendo le prescrizioni della norma regionale recepita dal Comune di Riccione. Ne sono venute due strutture, una completamente residenziale con 18 appartamenti di ampie metrature, e una Rta, ovvero una residenza turistica alberghiera. La norma sui condhotel prevede che anche gli appartamenti in vendita siano legati ai <strong>servizi<\/strong> forniti dalla parte turistico alberghiera, il che consente ai proprietari degli alloggi di poter utilizzare piscina, centro benessere e i servizi della Rta. Infine il Comune ha approvato una norma che permette a chi acquista una seconda casa a Riccione di ottenere anche la residenza.<\/p>\n<p> <img alt=\"Le bandiere sul tetto\" loading=\"lazy\" width=\"1600\" height=\"1066\" decoding=\"async\" data-nimg=\"1\" style=\"color:transparent;max-width:100%;height:auto\"   src=\"https:\/\/www.europesays.com\/it\/wp-content\/uploads\/2025\/12\/le-bandiere-sul-tetto.webp\"\/><\/p>\n<p>Le bandiere sul tetto<\/p>\n<p>A che punto \u00e8 il cantiere <\/p>\n<p>Chiusa la parte burocratica eccoci al Manhattan. Nei giorni scorsi il cantiere ha visto il completamento della copertura, con tanto di bandiere issate. Un rito in edilizia festeggiato con una piccola cerimonia. Erano presenti le maestranze dell\u2019impresa Nappa, i tecnici e diversi ospiti con il proprietario che ha tenuto un discorso in cui ha raccontato il percorso che lo ha portato negli Stati Uniti per poi innamorarsi di una Perla Verde affacciata sull\u2019Adriatico, decedendo di investirvi.<\/p>\n<p>Erano presenti<strong> Raffaele Simonetti<\/strong> per l\u2019impresa Nappa, gli architetti <strong>Massimo e Nicoletta Della Rosa<\/strong>, l\u2019ingegnere <strong>Fabio Berni<\/strong> e i tre capi cantiere.<\/p>\n<p>La fine lavori si avvicina come si avvicinano al rogito le vendite di diversi appartamenti.<\/p>\n<p>Intanto l\u2019attico pi\u00f9 costoso (il secondo arriva a 2,4 milioni di euro) \u00e8 stato acquistato con i sue due piani per 255 metri quadrati di superficie.<\/p>\n","protected":false},"excerpt":{"rendered":"Riccione, 14 dicembre 2025 \u2013 Sventola la bandiera a stelle strisce in viale Martinelli. E\u2019 qui che il&hellip;\n","protected":false},"author":3,"featured_media":261297,"comment_status":"","ping_status":"","sticky":false,"template":"","format":"standard","meta":{"footnotes":""},"categories":[172],"tags":[178,47583,177,153333,1537,90,89,19603,811,2751,27663],"class_list":{"0":"post-261296","1":"post","2":"type-post","3":"status-publish","4":"format-standard","5":"has-post-thumbnail","7":"category-affari","8":"tag-affari","9":"tag-attico","10":"tag-business","11":"tag-condhotel","12":"tag-it","13":"tag-italia","14":"tag-italy","15":"tag-manhattan","16":"tag-operazione","17":"tag-riccione","18":"tag-venduto"},"share_on_mastodon":{"url":"https:\/\/pubeurope.com\/@it\/115721880673855307","error":""},"_links":{"self":[{"href":"https:\/\/www.europesays.com\/it\/wp-json\/wp\/v2\/posts\/261296","targetHints":{"allow":["GET"]}}],"collection":[{"href":"https:\/\/www.europesays.com\/it\/wp-json\/wp\/v2\/posts"}],"about":[{"href":"https:\/\/www.europesays.com\/it\/wp-json\/wp\/v2\/types\/post"}],"author":[{"embeddable":true,"href":"https:\/\/www.europesays.com\/it\/wp-json\/wp\/v2\/users\/3"}],"replies":[{"embeddable":true,"href":"https:\/\/www.europesays.com\/it\/wp-json\/wp\/v2\/comments?post=261296"}],"version-history":[{"count":0,"href":"https:\/\/www.europesays.com\/it\/wp-json\/wp\/v2\/posts\/261296\/revisions"}],"wp:featuredmedia":[{"embeddable":true,"href":"https:\/\/www.europesays.com\/it\/wp-json\/wp\/v2\/media\/261297"}],"wp:attachment":[{"href":"https:\/\/www.europesays.com\/it\/wp-json\/wp\/v2\/media?parent=261296"}],"wp:term":[{"taxonomy":"category","embeddable":true,"href":"https:\/\/www.europesays.com\/it\/wp-json\/wp\/v2\/categories?post=261296"},{"taxonomy":"post_tag","embeddable":true,"href":"https:\/\/www.europesays.com\/it\/wp-json\/wp\/v2\/tags?post=261296"}],"curies":[{"name":"wp","href":"https:\/\/api.w.org\/{rel}","templated":true}]}}