{"id":261300,"date":"2025-12-15T05:16:14","date_gmt":"2025-12-15T05:16:14","guid":{"rendered":"https:\/\/www.europesays.com\/it\/261300\/"},"modified":"2025-12-15T05:16:14","modified_gmt":"2025-12-15T05:16:14","slug":"ex-avvocato-condannato-per-circonvenzione-di-incapace","status":"publish","type":"post","link":"https:\/\/www.europesays.com\/it\/261300\/","title":{"rendered":"ex avvocato condannato per circonvenzione di incapace"},"content":{"rendered":"<p>BRINDISI &#8211; Tra beni mobili e immobili avrebbe ereditato un milione di euro, ma \u201ccon subdole azioni di suggestione\u201d, per usare le parole del pm. Un ex avvocato del Foro di Taranto nei giorni scorsi \u00e8 stato condannato dal tribunale di Brindisi &#8211; in composizione monocratica, giudice Adriano Zullo &#8211; a una pena pari a due anni e tre mesi di reclusione, oltre a una multa da 300 euro. Poi: provvisionale da 25 mila euro, risarcimento danni nei confronti della parte civili da quantificare in altra sede e, dettaglio importante vista la vicenda, dichiarazione di indegnit\u00e0 a succedere. Infatti, l&#8217;accusa di circonvenzione di incapace per la quale era a processo riguardava il lascito testamentario di una ultranovantenne di Erchie.<\/p>\n<p>La donna, deceduta nel 2019 all&#8217;et\u00e0 di 94 anni, era dal 2013 invalida al 100 per cento. Affetta da demenza senile e altre patologie, riceveva &#8211; stando a quanto ricostruito dal pm titolare del fascicolo, Gualberto Buccarelli &#8211; sporadicamente le visite di Gregorio Andrisano (52 anni, di Manduria). \u00c8 questo infatti il nome dell&#8217;ex avvocato condannato in primo grado per questa vicenda. Da considerarsi allo stato innocente, in quanto una volta lette le motivazioni (termine per il deposito di 90 giorni), il suo difensore &#8211; avvocato Franz Pesare &#8211; potr\u00e0 presentare appello.<\/p>\n<p>L&#8217;ex professionista nel maggio 2017 avrebbe indotto l&#8217;anziana a nominarlo erede universale, con un testamento pubblico. Nel tempo, l&#8217;avrebbe accompagnata al cimitero e avrebbe intrattenuto con lei conversazioni amichevoli, fino a convincerla di essere stato lui a prendersi cura di lei. E facendole revocare un precedente testamento, redatto a favore del nipote. Insomma, per il pm avrebbe compiuto tutte queste azioni col solo fine di farsi nominare erede universale. Una volta morta la donna, aveva avanzato richiesta per la registrazione del testamento. Per\u00f2, come detto, \u00e8 stato condannato, mentre il nipote \u00e8 stato parte civile in questo processo, assistito dall&#8217;avvocato Francesco Mancini.<\/p>\n<p>Rimani aggiornato sulle notizie dalla tua provincia iscrivendoti al nostro canale whatsapp: <a href=\"https:\/\/whatsapp.com\/channel\/0029VaKWoMlHVvTdyOiOzY2a\" rel=\"nofollow noopener\" target=\"_blank\">clicca qui<\/a><\/p>\n<p>Seguici gratuitamente anche sul canale Facebook: <a href=\"https:\/\/m.me\/j\/Abampv2kioahdYYR\/?fbclid=IwZXh0bgNhZW0CMTAAAR29fhbvEPBoqO0AXcm08uabvybjbX6Vl8SoolvjtSYOebOXvXAZ-222Rrk_aem_aWYjeKkf52MbBu56JCWyxw\" target=\"_blank\" rel=\"nofollow\">https:\/\/m.me\/j\/Abampv2kioahdYYR\/<\/a><\/p>\n","protected":false},"excerpt":{"rendered":"BRINDISI &#8211; Tra beni mobili e immobili avrebbe ereditato un milione di euro, ma \u201ccon subdole azioni di&hellip;\n","protected":false},"author":3,"featured_media":261301,"comment_status":"","ping_status":"","sticky":false,"template":"","format":"standard","meta":{"footnotes":""},"categories":[79],"tags":[153335,805,14,93,94,10899,153334,1537,90,89,7,15,11,84,91,12,85,92],"class_list":{"0":"post-261300","1":"post","2":"type-post","3":"status-publish","4":"format-standard","5":"has-post-thumbnail","7":"category-italia","8":"tag-circonvenzione-di-incapace","9":"tag-condanna","10":"tag-cronaca","11":"tag-cronaca-italiana","12":"tag-cronacaitaliana","13":"tag-eredita","14":"tag-ex-avvocato","15":"tag-it","16":"tag-italia","17":"tag-italy","18":"tag-news","19":"tag-notizie","20":"tag-ultime-notizie","21":"tag-ultime-notizie-e-news-di-oggi","22":"tag-ultime-notizie-italia","23":"tag-ultimenotizie","24":"tag-ultimenotizieenewsdioggi","25":"tag-ultimenotizieitalia"},"share_on_mastodon":{"url":"https:\/\/pubeurope.com\/@it\/115721888309621342","error":""},"_links":{"self":[{"href":"https:\/\/www.europesays.com\/it\/wp-json\/wp\/v2\/posts\/261300","targetHints":{"allow":["GET"]}}],"collection":[{"href":"https:\/\/www.europesays.com\/it\/wp-json\/wp\/v2\/posts"}],"about":[{"href":"https:\/\/www.europesays.com\/it\/wp-json\/wp\/v2\/types\/post"}],"author":[{"embeddable":true,"href":"https:\/\/www.europesays.com\/it\/wp-json\/wp\/v2\/users\/3"}],"replies":[{"embeddable":true,"href":"https:\/\/www.europesays.com\/it\/wp-json\/wp\/v2\/comments?post=261300"}],"version-history":[{"count":0,"href":"https:\/\/www.europesays.com\/it\/wp-json\/wp\/v2\/posts\/261300\/revisions"}],"wp:featuredmedia":[{"embeddable":true,"href":"https:\/\/www.europesays.com\/it\/wp-json\/wp\/v2\/media\/261301"}],"wp:attachment":[{"href":"https:\/\/www.europesays.com\/it\/wp-json\/wp\/v2\/media?parent=261300"}],"wp:term":[{"taxonomy":"category","embeddable":true,"href":"https:\/\/www.europesays.com\/it\/wp-json\/wp\/v2\/categories?post=261300"},{"taxonomy":"post_tag","embeddable":true,"href":"https:\/\/www.europesays.com\/it\/wp-json\/wp\/v2\/tags?post=261300"}],"curies":[{"name":"wp","href":"https:\/\/api.w.org\/{rel}","templated":true}]}}