{"id":261457,"date":"2025-12-15T07:54:12","date_gmt":"2025-12-15T07:54:12","guid":{"rendered":"https:\/\/www.europesays.com\/it\/261457\/"},"modified":"2025-12-15T07:54:12","modified_gmt":"2025-12-15T07:54:12","slug":"paolo-virzi-sulla-separazione-da-micaela-ramazzotti-la-sposai-per-farla-recitare-in-un-mio-film-dilei","status":"publish","type":"post","link":"https:\/\/www.europesays.com\/it\/261457\/","title":{"rendered":"Paolo Virz\u00ec sulla separazione da Micaela Ramazzotti: \u201cLa sposai per farla recitare in un mio film\u201d &#8211; DiLei"},"content":{"rendered":"<ol>\n<li><a href=\"https:\/\/news.google.com\/rss\/articles\/CBMitwFBVV95cUxPUDJENXBWUU9HbnRIRS1EYUM3UEQ1LXJyX3hjMXQxNnh3bHk2SHNVVm5jeDJzY1Q5Q0YzNWpYY3JKSDVfa2hUNlJHeFhOUWFZU0xDQ2FBLVl6U09QajhyWjdfZXQ5X3J5Ym1pbUxSb1JjS0VDMWMxcXNsUVVJRkpXZ3VjM21ISTJvYjkwV0ZidmVTYzVlNFhWcVVSdElENl95dXlRN3pCTlBJdWpkeXhjbnY5c3JTbE3SAbwBQVVfeXFMTVhoS256bm9FUkdPNnBtM2JaMVB5cUFjZXUyU2VoVi1JT1EwdGlMRDNjbW9seFYwMjJFNVV6RW50MVM0WlJGZlotY1JpSTBlX3E5RnNnTkY1WFlrZHZDQlQ4cTA4RTBKcUlPSnpGUkx1cG5hNkJxQVZLTzFYTXRxTl9JNlQyZWZoQ0phVnpvX21HdkpDelIwMTYxVGQtRk5xUC1BTnBhbTR0MURnYlpzTHdQN3ZSa2lqOF9qMVA?oc=5\" target=\"_blank\" rel=\"nofollow noopener\">Paolo Virz\u00ec sulla separazione da Micaela Ramazzotti: \u201cLa sposai per farla recitare in un mio film\u201d<\/a>&nbsp;&nbsp;DiLei<\/li>\n<li><a href=\"https:\/\/news.google.com\/rss\/articles\/CBMisgFBVV95cUxNb19Ld2ZtYjEtWGduYzhubkhsMTR3QzVBOFZOT0d2SlJBRkd5Y3dfdkk5VVlBNWtrUkVJbkQzMmxTWVFCYXhCUEcwdFViZmJqSGlYUWh6eG9CaldQSHhaVDY1LThuWDNzTjJjczNjck9sTU5ZcXFzQnRrNTRBMVBTTEs2MjFwRkowTEJFNXZfWW9pTXgtTGVoMWhHUXEtOEtNNWpoR2hQa0M4WWhKTG45VFhB0gG3AUFVX3lxTE5TZzB4UklmWWJXU093MUhrQlBlejVuYXJnbjZrYkk5Q0VrbFZmSGZLM0lTci11WWl5Q2RmVVhNV0lGcE1wUFNNNElVbFU5NW9wenJTYkNPMVdGVTFuRGgwNmVEa2dvOVJPQVdmUEg2dWR3VWJ4b0JIR2tpSXQ1R3pZdS1MMmZsUWVXdkZ6aklXbjA3VUZPTXFDcUY0ZUtPX1hfYVRmU256R1l0V0lySi1waC1KZllVZw?oc=5\" target=\"_blank\" rel=\"nofollow noopener\">Paolo Virz\u00ec: &#8220;Sabrina Ferilli mi faceva girare la testa. Sposai Ramazzotti per farla recitare in un mio film&#8221;<\/a>&nbsp;&nbsp;La Gazzetta dello Sport<\/li>\n<li><a href=\"https:\/\/news.google.com\/rss\/articles\/CBMisgJBVV95cUxNVGhjMy14eHYxS211M2FYcXlYTmhDUElRYXU3SmktOVRCNjV6QnNEZWw4NFZYbDFOUG42ZnFiRzBNdWRDV2J4UEZLZDBpcmthOV81ODg0U19lVklQRGFlU2FFRnNUTUREaDJWMUw1bE1kZFY3ZnpUMzR3RkJhMDdzMlliWXdpM0J2MW13VHBqSkZrU1h1dkZKVU91T3UxeDNJQ3I0UFpOTk5jOWpaNmM5VGQ2OWZoQ000Ni1STHdsN3RGV01OZTd0X0k3ZW5LY1psc0IzX3Etcmg1SWxKYXZKUDJSYnlnVXJCU24ySHF4QUxnbVMyQktVQVlyN1dwa0VIbks4ZFQ3YndZS1RrWk5EUUY0R0J4VDV1M0VHem1XeHVCVDlRaHU1YnNsbFlHNDVYVEE?oc=5\" target=\"_blank\" rel=\"nofollow noopener\">Paolo Virz\u00ec: &#8220;Con Micaela ero Furio di Verdone, ora proviamo a collaborare&#8221;<\/a>&nbsp;&nbsp;Il Fatto Quotidiano<\/li>\n<li><a href=\"https:\/\/news.google.com\/rss\/articles\/CBMibkFVX3lxTE4wZlFfOVJnTHVEeVNQakJLZncwWDVUNGxSSXVVQ19vOUc5M0s4eEpyQWZwa3hsbVUwVnNjRFo3MHcyS0NvdGpRZmlpMFMyZUxFN2d3cExOLVFTUFlPc1lhSGtkd0pUR2p1QnlzdWhR0gFuQVVfeXFMTWRCeHRUcUlwbGpkMXJvVzQxdmxrQWlpd05Ub2wzdmhoQjhnenhQUl85RzhhY1c0NF9UT3ZuRVg4elROb0d2SW9BX1BEWnRlWXJpSnJrN3FaWUhjY3dXeVpVUUo2UDRBa0Z3NDZCalE?oc=5\" target=\"_blank\" rel=\"nofollow noopener\">Virz\u00ec dopo anni rivela: &#8220;Ecco perch\u00e9 ho sposato Micaela Ramazzotti. La morte di mia madre? Non la richiamai, suon\u00f2 il telefono ed era l&#8217;infermiere&#8221;<\/a>&nbsp;&nbsp;today.it<\/li>\n<li><a href=\"https:\/\/news.google.com\/rss\/articles\/CBMiuwFBVV95cUxPd1Q5V29kUWg0S090My1UcUlBQThKWVNheDhwSm14a0VDZ0xRdG1nMktWbXNGOXdUQ2lCdnloVjlEbGZqZE1fWWM3cTVTckJnaVg4aGdoaGFfeGlrRnZ4Y3hhNmpOTU5hUDdNYmh0aE1oN0ZrWGhLTlEtTXNHYmhEUGMtNkxKdDRJcEF1ejlfWFRLcmQ0b3dsU2VTdGdmRl9MZXhBU2ZtZUNOekVmWWlSSmV5NnVNNjFQVTNz?oc=5\" target=\"_blank\" rel=\"nofollow noopener\">Paolo Virz\u00ec: \u00abSposai Micaela Ramazzotti per farla recitare in un mio film, Sabrina Ferilli mi fece girare la testa. La mia nuova compagna? E&#8217; spiritosissima\u00bb<\/a>&nbsp;&nbsp;Il Messaggero<\/li>\n<\/ol>\n","protected":false},"excerpt":{"rendered":"Paolo Virz\u00ec sulla separazione da Micaela Ramazzotti: \u201cLa sposai per farla recitare in un mio film\u201d&nbsp;&nbsp;DiLei Paolo Virz\u00ec:&hellip;\n","protected":false},"author":3,"featured_media":261458,"comment_status":"","ping_status":"","sticky":false,"template":"","format":"standard","meta":{"footnotes":""},"categories":[1451],"tags":[1621,1620,640,203,204,1537,90,89,59476,100092,86],"class_list":{"0":"post-261457","1":"post","2":"type-post","3":"status-publish","4":"format-standard","5":"has-post-thumbnail","7":"category-celebrita","8":"tag-celebrita","9":"tag-celebrities","10":"tag-cinema","11":"tag-entertainment","12":"tag-intrattenimento","13":"tag-it","14":"tag-italia","15":"tag-italy","16":"tag-micaela-ramazzotti","17":"tag-paolo-virzi","18":"tag-vip"},"share_on_mastodon":{"url":"","error":""},"_links":{"self":[{"href":"https:\/\/www.europesays.com\/it\/wp-json\/wp\/v2\/posts\/261457","targetHints":{"allow":["GET"]}}],"collection":[{"href":"https:\/\/www.europesays.com\/it\/wp-json\/wp\/v2\/posts"}],"about":[{"href":"https:\/\/www.europesays.com\/it\/wp-json\/wp\/v2\/types\/post"}],"author":[{"embeddable":true,"href":"https:\/\/www.europesays.com\/it\/wp-json\/wp\/v2\/users\/3"}],"replies":[{"embeddable":true,"href":"https:\/\/www.europesays.com\/it\/wp-json\/wp\/v2\/comments?post=261457"}],"version-history":[{"count":0,"href":"https:\/\/www.europesays.com\/it\/wp-json\/wp\/v2\/posts\/261457\/revisions"}],"wp:featuredmedia":[{"embeddable":true,"href":"https:\/\/www.europesays.com\/it\/wp-json\/wp\/v2\/media\/261458"}],"wp:attachment":[{"href":"https:\/\/www.europesays.com\/it\/wp-json\/wp\/v2\/media?parent=261457"}],"wp:term":[{"taxonomy":"category","embeddable":true,"href":"https:\/\/www.europesays.com\/it\/wp-json\/wp\/v2\/categories?post=261457"},{"taxonomy":"post_tag","embeddable":true,"href":"https:\/\/www.europesays.com\/it\/wp-json\/wp\/v2\/tags?post=261457"}],"curies":[{"name":"wp","href":"https:\/\/api.w.org\/{rel}","templated":true}]}}