{"id":261461,"date":"2025-12-15T07:57:15","date_gmt":"2025-12-15T07:57:15","guid":{"rendered":"https:\/\/www.europesays.com\/it\/261461\/"},"modified":"2025-12-15T07:57:15","modified_gmt":"2025-12-15T07:57:15","slug":"francesca-fialdini-balla-canta-e-fa-il-pieno-di-voti","status":"publish","type":"post","link":"https:\/\/www.europesays.com\/it\/261461\/","title":{"rendered":"Francesca Fialdini balla, canta e fa il pieno di voti"},"content":{"rendered":"<p>Vola Francesca Fialdini nella semifinale di<a href=\"https:\/\/www.today.it\/tag\/ballando-con-le-stelle\/\" target=\"_blank\" rel=\"nofollow noopener\"> Ballando con le Stelle 2025<\/a>. La puntata di sabato 13 dicembre va avanti con le ultime coppie che devono ancora scendere in pista per conquistarsi un posto nella serata finale dello storico show di Rai Uno guidato da Milly Carlucci.<\/p>\n<p>Martina Colombari e Luca Favilla<\/p>\n<p>Dopo l&#8217;apprezzata <a href=\"https:\/\/tv\/news\/ballando-stelle\/barbara-d-urso-applausi.html\" target=\"_blank\" rel=\"nofollow\">performance di Barbara D&#8217;Urso<\/a>, uno spazio di alleggerimento con protagonista la signora Coriandoli; poi per\u00f2 si ricomincia a danzare ed \u00e8 il turno di Martina Colombari e Luca Favilla. Nella clip si racconta la loro settimana difficile, perch\u00e8 il maestro ha un bambino nato un mese fa che non sta bene, ha problemi di salute, quindi fa la notte ed \u00e8 preoccupato. Nonostante questo, lui va in sala prove e non ha voluto essere sostituito da un altro maestro.\u00a0<\/p>\n<p>Poi la coppia balla e, ancora una volta, si prende tanti complimenti, dice la ex miss Italia: \u201cBallando mi ha dato uno schiaffo, mi ha fatto mettere in discussione tante cose, bisognava togliere. La possibilit\u00e0 di essere libera di respirare, \u00e8 meraviglioso\u201d.<\/p>\n<p><a href=\"https:\/\/www.today.it\/tv\/news\/ballando-stelle\/francesca-fialdini-intervista.html\" target=\"_blank\" rel=\"nofollow noopener\">Francesca Fialdini: &#8220;La femminilit\u00e0? Mia madre mi ha insegnato la libert\u00e0. Scriver\u00f2 un romanzo. Io in prima serata? Chiss\u00e0&#8221;<\/a>Fialdini fa il pieno di voti (e canta il brano su cui balla)<\/p>\n<p>Gli ultimi a esibirsi sono Francesca Fialdini e Giovanni Pernice, tra i favoriti alla vittoria. Nella clip di introduzione vediamo a sorpresa la mamma della conduttrice, pazza del suo maestro di ballo, che chiede loro di dedicare la coreografia di questa sera alla nonna della Fialdini. Mentre i due ballano il loro perfetto quickstep, dai tavolini, ad applaudirli, c&#8217;\u00e8 Bianca Guaccero, vincitrice con Pernice della scorsa edizione di Ballando, e diventata anche compagna di vita del suo allora maestro di ballo. Un vero e proprio riconoscimento che spegne qualsiasi ipotesi di gelosia. \u00a0<\/p>\n<p>Si scopre poi che, per preparare l&#8217;esibizione di questa serata, la conduttrice di Da Noi a Ruota Libera non si \u00e8 limitata a sudare in sala prove. Fabio Canino svela infatti, a sorpresa, che la coppia ha ballato su un brano in cui la stessa Francesca Fialdini ha cantato, quindi altro talento sbloccato per lei che, anche questa sera, riscuote praticamente solo complimenti dalla giuria, dai tecnici e da Matano. \u201cMolto bello, \u00e8 stato tutto giusto: i passi, il modo in cui i corpi si muovevano insieme\u201d, ha commentato Caroly Smith. \u201cNessuno come te a Ballando ha collezionato cos\u00ec tanti haters\u201d, ha detto Selvaggia a Francesca, \u201cmi sono chiesta perch\u00e9, poi l&#8217;ho capito: sei intelligente, hai personalit\u00e0, sai ballare. Dagli torto, inneschi un meccanismo di invidia, perch\u00e9 \u00e8 difficile trovarti un difetto\u201d. \u201cTu porti allegria, gioia\u201d, ha concluso Guillermo Mariotto. Alla fine il suo punteggio da parte della giuria \u00e8 il pi\u00f9 alto della serata: 49 punti e primo posto (temporaneo) in classifica.<\/p>\n<p><img loading=\"lazy\" decoding=\"async\" style=\"aspect-ratio:977\/1200;\" src=\"https:\/\/www.europesays.com\/it\/wp-content\/uploads\/2025\/12\/screenshot-2025-12-15-083606.jpg\" alt=\"Screenshot 2025-12-15 083606\" title=\"Screenshot 2025-12-15 083606\" width=\"977\" height=\"1200\"\/>L&#8217;esibizione di Francesca Fialdini e Giovanni Pernice<\/p>\n<blockquote class=\"instagram-media\" style=\"background-color:#FFF;border-radius:3px;border-width:0;box-shadow:0 0 1px 0 rgba(0,0,0,0.5),0 1px 10px 0 rgba(0,0,0,0.15);margin:1px;max-width:540px;min-width:326px;padding:0;width:calc(100% - 2px);\" data-instgrm-captioned=\"\" data-instgrm-permalink=\"https:\/\/www.instagram.com\/p\/DSOQg1pDCJz\/?utm_source=ig_embed&amp;utm_campaign=loading\" data-instgrm-version=\"14\"\/>\n<p>testo Testo testo<\/p>\n<p>      <script async src=\"\/\/www.instagram.com\/embed.js\"><\/script><\/p>\n","protected":false},"excerpt":{"rendered":"Vola Francesca Fialdini nella semifinale di Ballando con le Stelle 2025. La puntata di sabato 13 dicembre va&hellip;\n","protected":false},"author":3,"featured_media":261462,"comment_status":"","ping_status":"","sticky":false,"template":"","format":"standard","meta":{"footnotes":""},"categories":[1444],"tags":[16556,203,32124,204,1537,90,89,253],"class_list":{"0":"post-261461","1":"post","2":"type-post","3":"status-publish","4":"format-standard","5":"has-post-thumbnail","7":"category-tv","8":"tag-ballando-con-le-stelle","9":"tag-entertainment","10":"tag-francesca-fialdini","11":"tag-intrattenimento","12":"tag-it","13":"tag-italia","14":"tag-italy","15":"tag-tv"},"share_on_mastodon":{"url":"https:\/\/pubeurope.com\/@it\/115722521778854021","error":""},"_links":{"self":[{"href":"https:\/\/www.europesays.com\/it\/wp-json\/wp\/v2\/posts\/261461","targetHints":{"allow":["GET"]}}],"collection":[{"href":"https:\/\/www.europesays.com\/it\/wp-json\/wp\/v2\/posts"}],"about":[{"href":"https:\/\/www.europesays.com\/it\/wp-json\/wp\/v2\/types\/post"}],"author":[{"embeddable":true,"href":"https:\/\/www.europesays.com\/it\/wp-json\/wp\/v2\/users\/3"}],"replies":[{"embeddable":true,"href":"https:\/\/www.europesays.com\/it\/wp-json\/wp\/v2\/comments?post=261461"}],"version-history":[{"count":0,"href":"https:\/\/www.europesays.com\/it\/wp-json\/wp\/v2\/posts\/261461\/revisions"}],"wp:featuredmedia":[{"embeddable":true,"href":"https:\/\/www.europesays.com\/it\/wp-json\/wp\/v2\/media\/261462"}],"wp:attachment":[{"href":"https:\/\/www.europesays.com\/it\/wp-json\/wp\/v2\/media?parent=261461"}],"wp:term":[{"taxonomy":"category","embeddable":true,"href":"https:\/\/www.europesays.com\/it\/wp-json\/wp\/v2\/categories?post=261461"},{"taxonomy":"post_tag","embeddable":true,"href":"https:\/\/www.europesays.com\/it\/wp-json\/wp\/v2\/tags?post=261461"}],"curies":[{"name":"wp","href":"https:\/\/api.w.org\/{rel}","templated":true}]}}