{"id":261549,"date":"2025-12-15T09:11:11","date_gmt":"2025-12-15T09:11:11","guid":{"rendered":"https:\/\/www.europesays.com\/it\/261549\/"},"modified":"2025-12-15T09:11:11","modified_gmt":"2025-12-15T09:11:11","slug":"denk-per-la-mia-red-bull-bora-hansgrohe-voglio-40-vittorie-un-grande-giro-un-monumento-e-con-remco","status":"publish","type":"post","link":"https:\/\/www.europesays.com\/it\/261549\/","title":{"rendered":"DENK. \u00abPER LA MIA RED BULL BORA HANSGROHE VOGLIO 40 VITTORIE, UN GRANDE GIRO, UN MONUMENTO E CON REMCO&#8230;\u00bb"},"content":{"rendered":"<p>Alla presentazione della sua <strong>Red Bull \u2013 Bora Hansgrohe, il general manager del team tedesco Ralph Denk<\/strong> \u00e8 apparso sorridente, pronto a partire per una stagione nella quale vuole essere protagonista.\n            <\/p>\n<p>\u00abSiamo riusciti a <strong>prolungare i contratti di giovani talenti come Lorenzo Finn\u00a0 e Giulio Pellizzar\u00a0<\/strong> e sebbene si vociferasse che si sarebbe trasferito in un&#8217;altra squadra, <strong>anche Florian Lipowitz ha prolungato il suo contratto<\/strong> con noi. Ho pensato che questo fosse importante. E naturalmente, devo anche menzionare &#8211; come dovrei chiamarlo? &#8211; certo, la superstar che si \u00e8 unita al nostro team: <strong>Remco Evenepoel.\u00a0<\/strong>In quale altro modo si pu\u00f2 descrivere un due volte campione olimpico e quattro volte campione del mondo? Sono incredibilmente orgoglioso di avere Remco nel nostro team\u00bb.\n            <\/p>\n<p>L\u2019arrivo di Evenepoel \u00e8 stato tutt\u2019altro che scontato e sono serviti anni di lavoro costante per portare il belga nella Red Bull \u2013 Bora Hansgrohe. \u00ab<strong>Ho iniziato a seguire Remco nel 2020. \u00c8 passato molto tempo<\/strong>, ma lo considero anche una prova della mia convinzione che lui sia la persona e il corridore giusto per la mia squadra. <strong>Posso dire che si \u00e8 trattato di un vero e proprio inseguimento<\/strong>, ma capisco come la sua squadra precedente abbia lottato per tenerlo. Ma sono contento che alla fine abbiamo raggiunto un accordo\u00bb.\u00a0<\/p>\n<p><strong>Non sono mancati poi i riferimenti a Patrick Lefevere<\/strong> e a quelle frasi offensive che pi\u00f9 volte nel corso degli anni ha usato per definire Ralph Denk. Tra le varie frasi pronunciate da Lefevre verso Denk, in molti ricorderanno queste: Quel cretino della BORA; quel monello della BORA; quel Denk con quella testa cattiva. Sembravi il Dottor Male. Lo sapeva?<\/p>\n<p>\u00abNe sono stato informato e<strong> in parte lo capisco, perch\u00e9 \u00e8 stato il padre e il fondatore della sua squadra,<\/strong> e fa parte del nostro sport avere opinioni diverse ed esprimerle sui media. Quindi, se \u00e8 nel suo stile esprimere queste cose, posso conviverci, <strong>ma anche trattare con i ciclisti fa parte del business<\/strong>. Ho sentito che \u00e8 finito di nuovo in ospedale nei giorni scorsi. Spero che si riprenda presto\u00bb.<\/p>\n<p>Per quanto riguarda il mercato belga, il trasferimento di Evenepoel \u00e8 stato seguito con molta attenzione e <strong>una sua partecipazione al Giro delle Fiandre, sarebbe stata di grande importanza.<\/strong> Ma sia lui che la squadra hanno detto che non avverr\u00e0 quest\u2019anno.<\/p>\n<p>\u00ab<strong>Quel no \u00e8 definitivo. Come ha spiegato lo stesso Remco, vogliamo evitare rischi con lui in questa stagione<\/strong> \u2013 ha detto Denk -. Ha bisogno di una stagione stabile, in cui possa correre dall&#8217;inizio alla fine senza grossi problemi o contrattempi fisici e<strong> tutti sanno come le Classiche sul pav\u00e8 comportino sempre dei rischi, quindi il nostro \u00e8 un no definitivo.<\/strong> Mi aspetto che Remco faccia il suo debutto al Giro delle Fiandre nei prossimi anni, ma solo quando sar\u00e0 il momento giusto\u00bb.<\/p>\n<p>La squadra ha optato per un programma ben calibrato, dove Tour de France e Mondiale saranno gli obiettivi principali.\u00a0<br \/>\u00abAbbiamo fatto delle scelte ben ponderate. <strong>Analizzando le sue prestazioni negli ultimi anni, si vede come sia molto bravo a prepararsi attraverso l&#8217;allenamento<\/strong> e che quindi non ha bisogno di fare gare di preparazione. Ricordiamo tutti il \u200b\u200bsuo ritorno l&#8217;anno scorso e quanto sia stato forte nella Freccia del Brabante. Ha battuto Wout van Aert nella sua prima gara dopo una lunga pausa. <strong>Crediamo fermamente in una buona preparazione attraverso l&#8217;allenamento, invece di correre per mettersi in forma.<\/strong> Per il momento il programma \u00e8 questo, ma se si sentir\u00e0 bene potremo aggiungere un&#8217;altra gara al suo calendario, ma al momento non \u00e8 cos\u00ec. Abbiamo un programma un po\u2019 pi\u00f9 limitato per lui\u00bb.\u00a0\u00a0<\/p>\n<p>Remco \u00e8 la star indiscussa del ciclismo belga ed \u00e8 uno dei corridori pi\u00f9 forti al mondo, capace di vincere Classiche e grandi giri, come ha fatto alla Vuelta e salendo sul podio del Tour de France e poi, \u00e8 considerato il corridore pi\u00f9 forte al mondo nelle prove a cronometro. <strong>Denk si aspetta di avere molte vittorie e spera che Evenepoel con le sue qualit\u00e0 possa contribuire ad aumentare i successi della squadra.<\/strong><\/p>\n<p>\u00abLa qualit\u00e0 supera la quantit\u00e0 e<strong> voglio vincere almeno quaranta corse quest&#8217;anno, tra cui un Grande Giro e una Classica Monumento.<\/strong> Non importa quale sar\u00e0, perch\u00e9 ho gi\u00e0 vinto la Parigi-Roubaix con Peter Sagan nel 2018. Quindi preferisco una delle altre quattro. <strong>Se poi Remco vincesse la Liegi-Bastogne-Liegi sarei contentissim<\/strong>o, perch\u00e9 sono gi\u00e0 arrivato secondo e terzo a Liegi una volta nel 2019 con Davide Formolo e poi con Maximilian Schachmann\u00bb.<\/p>\n<p><strong>L\u2019obiettivo principale resta per\u00f2 il Tour de France, dove la Red Bull \u2013 Bora Hansgrohe potr\u00e0 contare sia su Evenepoel che Lipowitz.<\/strong><br \/>\u00abIl Tour \u00e8 un obiettivo molto importante, ma ogni corsa \u00e8 importante. Sono convinto che faremo meglio dell&#8217;anno scorso. Abbiamo una squadra pi\u00f9 forte e, se ci prepariamo ancora meglio, tutto sar\u00e0 possibile, anche se potremmo dover aspettare che Pogacar o Vingegaard commettano un errore. Anche loro sono umani\u00bb.<\/p>\n<p>Il 2026 non ci sar\u00e0 solo il Tour e il Ceo della Red Bull ha in mente molte cose.\u00a0<br \/>\u00abLa nostra stagione non si fermer\u00e0 dopo il Tour.<strong> Per Remco, anche le corse di un giorno in Canada, i Campionati del Mondo e il Giro di Lombardia sono obiettivi importanti<\/strong> con possibilit\u00e0 di vittoria. Queste gare sono gi\u00e0 saldamente nel suo calendario\u00bb.<\/p>\n<p>La stagione 2025 della vostrta squadra non \u00e8 stata esattamente straordinaria, anche se risultati importanti ci sono stati.\u00a0<br \/>\u00ab<strong>Le Classiche di primavera non sono andate bene. Dobbiamo migliorare in quella parte dell\u2019anno<\/strong>, ed \u00e8 anche per questo che abbiamo ingaggiato un corridore come<strong> Gianni Vermeersch<\/strong>. La nostra squadra per le classiche ha molto talento, ma <strong>ci mancava un leader. Forse Gianni pu\u00f2 colmare questo vuoto.<\/strong> Poi dobbiamo ricordare il terzo posto di Florian al Tour, per noi\u00a0 \u00e8 stato molto bello, ha cercato di inseguire il pi\u00f9 a lungo possibile, ma nessuno \u00e8 riuscito a mettere in difficolt\u00e0 Pogacar al Tour. Inoltre, alla Volta a Catalunya, Primoz Roglic ha vinto con aplomb. Non \u00e8 facile correre cos\u00ec nelle corse pi\u00f9 importanti, ma questo \u00e8 il nostro obiettivo e Remco pu\u00f2 aiutarci in questo. Vogliamo partire bene e abbiamo una squadra che ci permetter\u00e0 di farlo, ma il ciclismo \u00e8 uno sport difficile e devi sperare che non accada nulla durante la stagione e che i tuoi ragazzi riescano ad arrivare a fine anno senza incidenti, solo cos\u00ec puoi garantirti una stagione di alto livello\u00bb.\u00a0<\/p>\n","protected":false},"excerpt":{"rendered":"Alla presentazione della sua Red Bull \u2013 Bora Hansgrohe, il general manager del team tedesco Ralph Denk \u00e8&hellip;\n","protected":false},"author":3,"featured_media":261550,"comment_status":"","ping_status":"","sticky":false,"template":"","format":"standard","meta":{"footnotes":""},"categories":[1456],"tags":[1824,1825,17133,1537,90,89,41368,103605,245,244,1826],"class_list":{"0":"post-261549","1":"post","2":"type-post","3":"status-publish","4":"format-standard","5":"has-post-thumbnail","7":"category-ciclismo","8":"tag-ciclismo","9":"tag-cycling","10":"tag-evenepoel","11":"tag-it","12":"tag-italia","13":"tag-italy","14":"tag-ralph-denk","15":"tag-red-bull-bora","16":"tag-sport","17":"tag-sports","18":"tag-tour-de-france"},"share_on_mastodon":{"url":"https:\/\/pubeurope.com\/@it\/115722812364659148","error":""},"_links":{"self":[{"href":"https:\/\/www.europesays.com\/it\/wp-json\/wp\/v2\/posts\/261549","targetHints":{"allow":["GET"]}}],"collection":[{"href":"https:\/\/www.europesays.com\/it\/wp-json\/wp\/v2\/posts"}],"about":[{"href":"https:\/\/www.europesays.com\/it\/wp-json\/wp\/v2\/types\/post"}],"author":[{"embeddable":true,"href":"https:\/\/www.europesays.com\/it\/wp-json\/wp\/v2\/users\/3"}],"replies":[{"embeddable":true,"href":"https:\/\/www.europesays.com\/it\/wp-json\/wp\/v2\/comments?post=261549"}],"version-history":[{"count":0,"href":"https:\/\/www.europesays.com\/it\/wp-json\/wp\/v2\/posts\/261549\/revisions"}],"wp:featuredmedia":[{"embeddable":true,"href":"https:\/\/www.europesays.com\/it\/wp-json\/wp\/v2\/media\/261550"}],"wp:attachment":[{"href":"https:\/\/www.europesays.com\/it\/wp-json\/wp\/v2\/media?parent=261549"}],"wp:term":[{"taxonomy":"category","embeddable":true,"href":"https:\/\/www.europesays.com\/it\/wp-json\/wp\/v2\/categories?post=261549"},{"taxonomy":"post_tag","embeddable":true,"href":"https:\/\/www.europesays.com\/it\/wp-json\/wp\/v2\/tags?post=261549"}],"curies":[{"name":"wp","href":"https:\/\/api.w.org\/{rel}","templated":true}]}}