{"id":261616,"date":"2025-12-15T10:09:10","date_gmt":"2025-12-15T10:09:10","guid":{"rendered":"https:\/\/www.europesays.com\/it\/261616\/"},"modified":"2025-12-15T10:09:10","modified_gmt":"2025-12-15T10:09:10","slug":"milan-e-sbocciato-davide-bartesaghi-prima-doppietta-in-serie-a-per-il-terzino-21enne-anche-se-il-sassuolo-gli-rovina-la-festa","status":"publish","type":"post","link":"https:\/\/www.europesays.com\/it\/261616\/","title":{"rendered":"Milan, \u00e8 sbocciato Davide Bartesaghi: prima doppietta in Serie A per il terzino 21enne (anche se il Sassuolo gli rovina la festa)"},"content":{"rendered":"<p>    di<br \/>\n    Salvatore Riggio<\/p>\n<p class=\"summary-art is-line-h-12\">La partita \u00e8 finita 2-2 contro gli emiliani. Quando ha segnato il primo gol, era gi\u00e0 diventato il pi\u00f9 giovane difensore milanista \u2013 a 19 anni e 350 giorni \u2013 a segnare dai tempi di Paolo Maldini (19 anni e 247 giorni il 28 febbraio 1988)<\/p>\n<p class=\"chapter-paragraph\"><b>La doppietta, il record e l\u2019abbraccio con Bernardo Corradi<\/b>. Sembra il resoconto di una magia nel pomeriggio freddo di San Siro davanti agli occhi di una leggenda, Franco Baresi, tornato allo stadio per la prima volta dalla malattia. A riportare tutti alla realt\u00e0 e rovinare un po\u2019 la festa di Davide Bartesaghi, esterno sinistro nato a Erba (in provincia di Como) che compir\u00e0 20 anni il 29 dicembre, ci pensa Laurient\u00e9 con il gol del 2-2 che regala un punto al Sassuolo. Gettando nello sconforto il Diavolo, che con le neopromosse al Meazza ha racimolato soltanto due punti su nove.\u00a0<\/p>\n<p class=\"chapter-paragraph\">Troppo poco per chi sogna la seconda stella. Al di l\u00e0 del risultato, resta il pomeriggio meraviglioso vissuto da Bartesaghi, che da piccolo in camera aveva il poster di Paolo Maldini e Marcelo e pi\u00f9 volte ha detto di ispirarsi a Theo Hernandez e Spinazzola. Con la doppietta realizzata al Sassuolo Bartesaghi \u00e8 diventato il difensore italiano pi\u00f9 giovane a firmare due reti nella stessa gara di A con la maglia rossonera. <b>Gi\u00e0 cos\u00ec \u00e8 qualcosa di incredibile.\u00a0<\/b>    &#13;<br \/>\n&#13;<br \/>\n&#13;<br \/>\n&#13;<br \/>\n&#13;<br \/>\n&#13;<br \/>\n&#13;<br \/>\n&#13;<br \/>\n&#13;<br \/>\n&#13;<br \/>\n&#13;<br \/>\n&#13;<br \/>\n&#13;<br \/>\n&#13;<br \/>\n&#13;<br \/>\n&#13;<br \/>\n&#13;<br \/>\n&#13;<br \/>\n&#13;<br \/>\n&#13;<br \/>\n&#13;<br \/>\n&#13;<br \/>\n&#13;<br \/>\n&#13;<br \/>\n&#13;<br \/>\n&#13;<br \/>\n&#13;<br \/>\n&#13;<br \/>\n&#13;<br \/>\n&#13;<br \/>\n&#13;<br \/>\n&#13;<br \/>\n&#13;<br \/>\n&#13;<br \/>\n&#13;<br \/>\n&#13;<br \/>\n&#13;<br \/>\n&#13;<br \/>\n&#13;<br \/>\n&#13;<br \/>\n&#13;<br \/>\n&#13;<br \/>\n&#13;<br \/>\n&#13;<br \/>\n&#13;<br \/>\n&#13;<br \/>\n&#13;<br \/>\n&#13;<br \/>\n&#13;<br \/>\n&#13;<br \/>\n&#13;<br \/>\n&#13;<br \/>\n&#13;\n<\/p>\n<p class=\"chapter-paragraph\">E quando ha segnato il primo gol, era gi\u00e0 diventato il pi\u00f9 giovane difensore milanista \u2013 a 19 anni e 350 giorni \u2013 a segnare dai tempi di Paolo Maldini (19 anni e 247 giorni il 28 febbraio 1988): \u00ab<b>Non sapevo di esserlo diventato, mi fa piacere \u2013 le sue parole dopo il 2-2 con il Sassuolo<\/b> \u2013. Devo tanto a questa squadra, ai miei compagni e al mister per la loro fiducia. Il pi\u00f9 difficile \u00e8 stato il primo gol: una palla venuta dall\u2019esterno, c\u2019erano tante persone davanti, ma ci ho creduto e ho chiuso il secondo palo. Poi avevo tutta la porta libera e ho dovuto solo spingerla in porta. L\u2019abbraccio con Magnanelli e Corradi? Devo tanto a loro due, soprattutto a mister Corradi che \u00e8 stato anche un mio allenatore in Nazionale. L\u2019altro giorno mi ha chiesto <b>\u201cMa quando me lo fai un gol?\u201d<\/b>. Ci siamo abbracciati per quello. Credo che anche i miei e la mia famiglia siano contenti. Io ho la fiducia di tutti e so che devo stare tranquillo\u00bb.\u00a0<\/p>\n<p class=\"chapter-paragraph\">Il Milan, per\u00f2, continua a fare fatica con le piccole: \u00abCerchiamo di entrare in campo con lo stesso atteggiamento\u00bb, ha concluso l\u2019esterno sinistro. Anche Massimiliano Allegri \u00e8 contento per il 19enne, ma resta l\u2019amarezza per il risultato: \u00ab<b>Davide ha fatto due gol su due bellissimi inserimenti, peccato davvero non averla vinta<\/b>, dovevamo sfruttare meglio le altre occasioni\u00bb, le sue parole. Ora Bartesaghi partir\u00e0 per Riad, Arabia Saudita, con il resto della squadra per la Supercoppa Italiana. Chiss\u00e0 se in quel viaggio in aereo ripenser\u00e0 alla convocazione per il ritiro estivo della prima squadra dell\u2019estate 2022. Era a Jesolo con gli amici e fu convocato da Stefano Pioli. Da l\u00ec \u00e8 iniziato il suo sogno. Fino a diventare il titolare della fascia sinistra, relegando Estupinan alla panchina. <b>Il c.t. Rino Gattuso avr\u00e0 preso sicuramente appunti.<\/b><\/p>\n<p class=\"is-mr-t-20 is-mr-b-20\"><b><br \/>\n                    <a href=\"https:\/\/milano.corriere.it\/?intcmp=Notizielocali_nd_010623_corriere_ss_milano\" target=\"_blank\" rel=\"nofollow noopener\">Vai a tutte le notizie di Milano<\/a><br \/>\n            <\/b><\/p>\n<p class=\"chapter-paragraph\"><b><a href=\"https:\/\/www.corriere.it\/newsletter\/?theme=41&amp;intcmp=IIIcolonna_NL_CorMilano\" target=\"_blank\" rel=\"nofollow noopener\">Iscriviti alla newsletter di Corriere Milano<\/a><\/b><\/p>\n<p class=\"is-last-update\" datetime=\"2025-12-15T07:17:31+01:00\">15 dicembre 2025<\/p>\n<p class=\"is-copyright\">\n            \u00a9 RIPRODUZIONE RISERVATA\n        <\/p>\n","protected":false},"excerpt":{"rendered":"di Salvatore Riggio La partita \u00e8 finita 2-2 contro gli emiliani. Quando ha segnato il primo gol, era&hellip;\n","protected":false},"author":3,"featured_media":261617,"comment_status":"","ping_status":"","sticky":false,"template":"","format":"standard","meta":{"footnotes":""},"categories":[1452],"tags":[14226,36017,721,87833,8506,153500,1891,4053,153501,153502,7438,3073,153503,1595,2217,3593,1740,229,153504,153505,1976,153506,153507,1537,90,89,20361,153508,553,32897,153509,153510,652,20362,6299,1739,245,244,1857],"class_list":{"0":"post-261616","1":"post","2":"type-post","3":"status-publish","4":"format-standard","5":"has-post-thumbnail","7":"category-calcio","8":"tag-abbraccio","9":"tag-bartesaghi","10":"tag-calcio","11":"tag-corradi","12":"tag-davide","13":"tag-davide-bartesaghi","14":"tag-devo","15":"tag-difensore","16":"tag-difensore-milanista","17":"tag-difensore-milanista-segnare","18":"tag-doppietta","19":"tag-esterno","20":"tag-esterno-sinistro","21":"tag-febbraio","22":"tag-festa","23":"tag-fiducia","24":"tag-football","25":"tag-giovane","26":"tag-giovane-difensore","27":"tag-giovane-difensore-milanista","28":"tag-gol","29":"tag-gol-giovane","30":"tag-gol-giovane-difensore","31":"tag-it","32":"tag-italia","33":"tag-italy","34":"tag-maldini","35":"tag-maldini-febbraio","36":"tag-milan","37":"tag-milanista","38":"tag-milanista-segnare","39":"tag-milanista-segnare-tempi","40":"tag-paolo","41":"tag-paolo-maldini","42":"tag-sassuolo","43":"tag-soccer","44":"tag-sport","45":"tag-sports","46":"tag-squadra"},"share_on_mastodon":{"url":"","error":"Validation failed: Text character limit of 500 exceeded"},"_links":{"self":[{"href":"https:\/\/www.europesays.com\/it\/wp-json\/wp\/v2\/posts\/261616","targetHints":{"allow":["GET"]}}],"collection":[{"href":"https:\/\/www.europesays.com\/it\/wp-json\/wp\/v2\/posts"}],"about":[{"href":"https:\/\/www.europesays.com\/it\/wp-json\/wp\/v2\/types\/post"}],"author":[{"embeddable":true,"href":"https:\/\/www.europesays.com\/it\/wp-json\/wp\/v2\/users\/3"}],"replies":[{"embeddable":true,"href":"https:\/\/www.europesays.com\/it\/wp-json\/wp\/v2\/comments?post=261616"}],"version-history":[{"count":0,"href":"https:\/\/www.europesays.com\/it\/wp-json\/wp\/v2\/posts\/261616\/revisions"}],"wp:featuredmedia":[{"embeddable":true,"href":"https:\/\/www.europesays.com\/it\/wp-json\/wp\/v2\/media\/261617"}],"wp:attachment":[{"href":"https:\/\/www.europesays.com\/it\/wp-json\/wp\/v2\/media?parent=261616"}],"wp:term":[{"taxonomy":"category","embeddable":true,"href":"https:\/\/www.europesays.com\/it\/wp-json\/wp\/v2\/categories?post=261616"},{"taxonomy":"post_tag","embeddable":true,"href":"https:\/\/www.europesays.com\/it\/wp-json\/wp\/v2\/tags?post=261616"}],"curies":[{"name":"wp","href":"https:\/\/api.w.org\/{rel}","templated":true}]}}