{"id":261711,"date":"2025-12-15T11:17:16","date_gmt":"2025-12-15T11:17:16","guid":{"rendered":"https:\/\/www.europesays.com\/it\/261711\/"},"modified":"2025-12-15T11:17:16","modified_gmt":"2025-12-15T11:17:16","slug":"prime-piogge-in-sardegna-e-sulle-coste-tirreniche-il-bel-tempo-ha-le-ore-contate","status":"publish","type":"post","link":"https:\/\/www.europesays.com\/it\/261711\/","title":{"rendered":"Prime piogge in Sardegna e sulle coste tirreniche. Il bel tempo ha le ore contate"},"content":{"rendered":"<p>    di<br \/>\n    Redazione Cronache<\/p>\n<p class=\"summary-art is-line-h-12\">Le previsioni di Stefano Rossi de iLMeteo.it: \u00abPrimo peggioramento preludio a una fase decisamente pi\u00f9 turbolenta: attesi temporali e nevicate\u00bb<\/p>\n<p class=\"chapter-paragraph\">Condizioni del tempo in progressivo peggioramento, con piogge che luned\u00ec partiranno dalla Sardegna e lambiranno alcune regioni del Centro e del Nord. <b>In vista di una nuova perturbazione che a partire da marted\u00ec<\/b> dovrebbe interessare un maggior numero di regioni.<\/p>\n<p class=\"chapter-paragraph\">\u00abL\u2019alta pressione, responsabile di questo periodo di indiscussa stabilit\u00e0\u00a0\u2014 spiega Stefano Rossi de iLmeteo.it\u00a0\u2014 inizia a essere gradualmente erosa dal flusso atlantico a partire dall\u2019area pi\u00f9 occidentale del nostro continente, per effetto di una saccatura che dal Regno Unito comincia a spostarsi verso la Penisola Iberica. <b>Associata a questo rinforzo del flusso oceanico troviamo una perturbazione che, in queste ore, ha gi\u00e0 raggiunto con la sua parte pi\u00f9 avanzata la Sardegna<\/b>, dove si segnalano le prime deboli piogge a carico del settore pi\u00f9 orientale dell\u2019isola. Con il passare delle ore, nubi via via sempre pi\u00f9 compatte si faranno strada proprio dalla Sardegna verso le regioni tirreniche del Centro e il Nord-Ovest. Saranno questi i settori in cui ci attendiamo l\u2019arrivo delle prime precipitazioni nel corso della giornata, pi\u00f9 incisive sulla Sardegna e, entro sera, anche sulla Liguria e sui litorali della Toscana.    &#13;<br \/>\n&#13;<br \/>\n&#13;<br \/>\n&#13;<br \/>\n&#13;<br \/>\n&#13;<br \/>\n&#13;<br \/>\n&#13;<br \/>\n&#13;<br \/>\n&#13;<br \/>\n&#13;<br \/>\n&#13;<br \/>\n&#13;<br \/>\n&#13;<br \/>\n&#13;<br \/>\n&#13;<br \/>\n&#13;<br \/>\n&#13;<br \/>\n&#13;<br \/>\n&#13;<br \/>\n&#13;<br \/>\n&#13;<br \/>\n&#13;<br \/>\n&#13;<br \/>\n&#13;<br \/>\n&#13;<br \/>\n&#13;<br \/>\n&#13;<br \/>\n&#13;<br \/>\n&#13;<br \/>\n&#13;<br \/>\n&#13;<br \/>\n&#13;<br \/>\n&#13;<br \/>\n&#13;<br \/>\n&#13;<br \/>\n&#13;<br \/>\n&#13;<br \/>\n&#13;<br \/>\n&#13;<br \/>\n&#13;<br \/>\n&#13;<br \/>\n&#13;<br \/>\n&#13;<br \/>\n&#13;<br \/>\n&#13;<br \/>\n&#13;<br \/>\n&#13;<br \/>\n&#13;<br \/>\n&#13;<br \/>\n&#13;<br \/>\n&#13;<br \/>\n&#13;\n<\/p>\n<p class=\"chapter-paragraph\">Nella serata di luned\u00ec \u00e8 prevista \u00abuna fase di maltempo si innescher\u00e0 ancora una volta a partire dalla Sardegna, con forti piogge e temporali che tenderanno successivamente a estendersi verso le coste pi\u00f9 settentrionali della Toscana, della Liguria e fino al basso Piemonte. <b>Attenzione anche alla neve che, sempre in serata, potr\u00e0 imbiancare l\u2019area alpina del basso Piemonte,<\/b> seppur a quote piuttosto elevate e generalmente non inferiori ai 1700\/1800 metri\u00bb.<br \/>\u00a0<\/p>\n<p class=\"chapter-paragraph\">Sul resto <b>del Paese il panorama meteorologico continuer\u00e0 a essere influenzato dall\u2019alta pressione<\/b> e, nonostante un progressivo e generale aumento della nuvolosit\u00e0 sulle regioni del Nord, del Centro e sulla Sicilia, il rischio di pioggia si manterr\u00e0 ancora contenuto.<\/p>\n<p class=\"chapter-paragraph\">\u00abSi tratter\u00e0 tuttavia solo di una questione di ore\u00a0\u2014 conclude Rossi de iLMeteo.it\u00a0\u2014 questo primo peggioramento del tempo rappresenter\u00e0 infatti il preludio a una fase decisamente pi\u00f9 turbolenta, attesa a partire dalla giornata di marted\u00ec 16, quando molte regioni d\u2019Italia dovranno fare i conti con l\u2019arrivo di piogge anche intense, temporali e nevicate che, su alcune zone, potranno spingersi fino a bassa quota\u00bb.<\/p>\n<p class=\"is-last-update\" datetime=\"2025-12-15T08:44:51+01:00\">15 dicembre 2025<\/p>\n<p class=\"is-copyright\">\n            \u00a9 RIPRODUZIONE RISERVATA\n        <\/p>\n","protected":false},"excerpt":{"rendered":"di Redazione Cronache Le previsioni di Stefano Rossi de iLMeteo.it: \u00abPrimo peggioramento preludio a una fase decisamente pi\u00f9&hellip;\n","protected":false},"author":3,"featured_media":261712,"comment_status":"","ping_status":"","sticky":false,"template":"","format":"standard","meta":{"footnotes":""},"categories":[6],"tags":[3960,7554,31168,841,1262,104,14,277,153580,153581,313,8,153582,153583,1537,90,89,7,101,15,82,9,83,10,3530,41257,18103,4425,137,9509,153584,153585,3954,103,13,11,80,84,12,81,85],"class_list":{"0":"post-261711","1":"post","2":"type-post","3":"status-publish","4":"format-standard","5":"has-post-thumbnail","7":"category-ultime-notizie","8":"tag-alcune","9":"tag-alta","10":"tag-alta-pressione","11":"tag-area","12":"tag-arrivo","13":"tag-centro","14":"tag-cronaca","15":"tag-de","16":"tag-de-ilmeteo","17":"tag-de-ilmeteo-it","18":"tag-fase","19":"tag-headlines","20":"tag-ilmeteo","21":"tag-ilmeteo-it","22":"tag-it","23":"tag-italia","24":"tag-italy","25":"tag-news","26":"tag-nord","27":"tag-notizie","28":"tag-notizie-di-cronaca","29":"tag-notizie-principali","30":"tag-notiziedicronaca","31":"tag-notizieprincipali","32":"tag-partire","33":"tag-peggioramento","34":"tag-piogge","35":"tag-prime","36":"tag-regioni","37":"tag-rossi","38":"tag-rossi-de","39":"tag-rossi-de-ilmeteo","40":"tag-sardegna","41":"tag-temporali","42":"tag-titoli","43":"tag-ultime-notizie","44":"tag-ultime-notizie-di-cronaca","45":"tag-ultime-notizie-e-news-di-oggi","46":"tag-ultimenotizie","47":"tag-ultimenotiziedicronaca","48":"tag-ultimenotizieenewsdioggi"},"share_on_mastodon":{"url":"","error":"Validation failed: Text character limit of 500 exceeded"},"_links":{"self":[{"href":"https:\/\/www.europesays.com\/it\/wp-json\/wp\/v2\/posts\/261711","targetHints":{"allow":["GET"]}}],"collection":[{"href":"https:\/\/www.europesays.com\/it\/wp-json\/wp\/v2\/posts"}],"about":[{"href":"https:\/\/www.europesays.com\/it\/wp-json\/wp\/v2\/types\/post"}],"author":[{"embeddable":true,"href":"https:\/\/www.europesays.com\/it\/wp-json\/wp\/v2\/users\/3"}],"replies":[{"embeddable":true,"href":"https:\/\/www.europesays.com\/it\/wp-json\/wp\/v2\/comments?post=261711"}],"version-history":[{"count":0,"href":"https:\/\/www.europesays.com\/it\/wp-json\/wp\/v2\/posts\/261711\/revisions"}],"wp:featuredmedia":[{"embeddable":true,"href":"https:\/\/www.europesays.com\/it\/wp-json\/wp\/v2\/media\/261712"}],"wp:attachment":[{"href":"https:\/\/www.europesays.com\/it\/wp-json\/wp\/v2\/media?parent=261711"}],"wp:term":[{"taxonomy":"category","embeddable":true,"href":"https:\/\/www.europesays.com\/it\/wp-json\/wp\/v2\/categories?post=261711"},{"taxonomy":"post_tag","embeddable":true,"href":"https:\/\/www.europesays.com\/it\/wp-json\/wp\/v2\/tags?post=261711"}],"curies":[{"name":"wp","href":"https:\/\/api.w.org\/{rel}","templated":true}]}}