{"id":261714,"date":"2025-12-15T11:25:25","date_gmt":"2025-12-15T11:25:25","guid":{"rendered":"https:\/\/www.europesays.com\/it\/261714\/"},"modified":"2025-12-15T11:25:25","modified_gmt":"2025-12-15T11:25:25","slug":"le-10-pagine-piu-lette-su-wikipedia-in-italiano-il-2025-e-lanno-dei-papi-e-del-tennis-sinner-e-ancora-il-primo","status":"publish","type":"post","link":"https:\/\/www.europesays.com\/it\/261714\/","title":{"rendered":"Le 10 pagine pi\u00f9 lette su Wikipedia in italiano: il 2025 \u00e8 l&#8217;anno dei papi e del tennis (Sinner \u00e8 ancora il primo)"},"content":{"rendered":"<p class=\"chapter-paragraph\">Tennis, papi, Sanremo e cronaca nera. L&#8217;anno italiano si pu\u00f2 riassumere in quattro categorie. Questo \u00e8 la \u00absintesi\u00bb che si scopre grazie alla classifica delle <b>dieci pagine pi\u00f9 lette di Wikipedia nella nostra lingua<\/b>.<br \/>\u200bUna prospettiva privilegiata sugli interessi e le passioni dei nostri connazionali, che racconta anche cosa \u00e8 successo di importante durante l&#8217;anno che sta per chiudersi. Come, d&#8217;altronde, fanno le altre \u00abretrospettive\u00bb sul 2025: da <a href=\"https:\/\/www.corriere.it\/tecnologia\/cards\/spotify-wrapped-2025-bad-bunny-l-artista-piu-ascoltato-nel-mondo-e-sfera-ebbasta-in-italia-le-classifiche\/gli-artisti-piu-ascoltati-al-mondo_principale.shtml\" target=\"_blank\" rel=\"nofollow noopener\">Spotify Wrapped<\/a> alla <a href=\"https:\/\/www.corriere.it\/tecnologia\/cards\/spotify-wrapped-2025-bad-bunny-l-artista-piu-ascoltato-nel-mondo-e-sfera-ebbasta-in-italia-le-classifiche\/gli-artisti-piu-ascoltati-al-mondo_principale.shtml\" target=\"_blank\" rel=\"nofollow noopener\">parola dell&#8217;anno per l&#8217;Oxford Dictionary<\/a>, dalle <a href=\"https:\/\/www.corriere.it\/tecnologia\/25_dicembre_04\/google-ricerche-2025-lucio-corsi-olly-musetti-sinner-64cb431b-47d8-4338-8913-385ba26eexlk.shtml\" target=\"_blank\" rel=\"nofollow noopener\">ricerche pi\u00f9 popolari su Google<\/a> alle <a href=\"https:\/\/www.corriere.it\/tecnologia\/cards\/le-app-e-i-giochi-migliori-dell-anno-secondo-apple-i-premiati-dagli-app-store-award-2025\/il-premio_principale.shtml\" target=\"_blank\" rel=\"nofollow noopener\">app dell&#8217;anno sull&#8217;Apple Store<\/a>. Senza dimenticare ovviamente la top 20 delle <a href=\"https:\/\/www.corriere.it\/tecnologia\/25_dicembre_03\/le-pagine-di-wikipedia-piu-popolari-nel-2025-al-primo-posto-c-e-quella-su-charlie-kirk-letta-170-volte-al-secondo-dopo-il-suo-b82cc4c2-42cc-4d87-8e9d-45aff9d0dxlk.shtml\" target=\"_blank\" rel=\"nofollow noopener\">pagine pi\u00f9 lette su Wikipedia in lingua inglese<\/a>\u00a0di quest&#8217;anno.<br \/>\u200bCon questa classifica internazionale avevamo scoperto che gli occhi del mondo erano puntati soprattutto sul true crime (e infatti la top 3 erano pagine legate a casi di cronaca nera). Un punto di contatto, seppur minimo, rispetto alle tendenze italiane. L&#8217;anno scorso, per\u00f2, i punti in comune fra Wikipedia in inglese e l&#8217;Italia erano di pi\u00f9: nel 2024 il tennista <b>Jannik Sinner<\/b> era arrivato al primo posto nella classifica &#8220;generale&#8221; di Wikipedia. Quest&#8217;anno \u00e8 stato scalzato dalla top 20 in inglese ma \u00e8 rimasto ben saldo al primo posto della classifica delle pagine pi\u00f9 lette in italiano nel 2025.<\/p>\n","protected":false},"excerpt":{"rendered":"Tennis, papi, Sanremo e cronaca nera. L&#8217;anno italiano si pu\u00f2 riassumere in quattro categorie. Questo \u00e8 la \u00absintesi\u00bb&hellip;\n","protected":false},"author":3,"featured_media":261715,"comment_status":"","ping_status":"","sticky":false,"template":"","format":"standard","meta":{"footnotes":""},"categories":[1457],"tags":[1265,3077,7919,391,3363,4627,1045,52026,1684,1932,153591,153592,139395,17144,153593,11075,3020,24570,14,23492,8348,2446,6217,2266,1250,6057,91480,2759,27564,27565,1570,1537,90,627,1599,89,1269,1717,153586,153588,3088,113,5791,30335,28151,5541,8968,153587,153589,690,47509,6324,9143,366,245,244,1273,3413,25695,153590,8484,2938,8112,54178],"class_list":{"0":"post-261714","1":"post","2":"type-post","3":"status-publish","4":"format-standard","5":"has-post-thumbnail","7":"category-tennis","8":"tag-alcaraz","9":"tag-arrivato","10":"tag-atp","11":"tag-ben","12":"tag-carlos","13":"tag-carlos-alcaraz","14":"tag-casi","15":"tag-chiudersi","16":"tag-ciao","17":"tag-classifica","18":"tag-classifica-pagine","19":"tag-classifica-voci","20":"tag-collezionato","21":"tag-compare","22":"tag-consultate","23":"tag-contatto","24":"tag-corsi","25":"tag-crime","26":"tag-cronaca","27":"tag-cronaca-nera","28":"tag-dedicata","29":"tag-delitto","30":"tag-delitto-garlasco","31":"tag-firenze","32":"tag-francesco","33":"tag-garlasco","34":"tag-gein","35":"tag-giovanni","36":"tag-giovanni-paolo","37":"tag-giovanni-paolo-ii","38":"tag-inglese","39":"tag-it","40":"tag-italia","41":"tag-italiani","42":"tag-italiano","43":"tag-italy","44":"tag-jannik","45":"tag-jannik-sinner","46":"tag-lette","47":"tag-lette-wikipedia","48":"tag-lingua","49":"tag-lista","50":"tag-mostro","51":"tag-nera","52":"tag-olly","53":"tag-pagina","54":"tag-pagine","55":"tag-pagine-lette","56":"tag-pagine-lette-wikipedia","57":"tag-papa","58":"tag-papi","59":"tag-posizione","60":"tag-sanremo","61":"tag-sinner","62":"tag-sport","63":"tag-sports","64":"tag-tennis","65":"tag-top","66":"tag-true","67":"tag-true-crime","68":"tag-visite","69":"tag-voce","70":"tag-voci","71":"tag-wikipedia"},"share_on_mastodon":{"url":"","error":"Validation failed: Text character limit of 500 exceeded"},"_links":{"self":[{"href":"https:\/\/www.europesays.com\/it\/wp-json\/wp\/v2\/posts\/261714","targetHints":{"allow":["GET"]}}],"collection":[{"href":"https:\/\/www.europesays.com\/it\/wp-json\/wp\/v2\/posts"}],"about":[{"href":"https:\/\/www.europesays.com\/it\/wp-json\/wp\/v2\/types\/post"}],"author":[{"embeddable":true,"href":"https:\/\/www.europesays.com\/it\/wp-json\/wp\/v2\/users\/3"}],"replies":[{"embeddable":true,"href":"https:\/\/www.europesays.com\/it\/wp-json\/wp\/v2\/comments?post=261714"}],"version-history":[{"count":0,"href":"https:\/\/www.europesays.com\/it\/wp-json\/wp\/v2\/posts\/261714\/revisions"}],"wp:featuredmedia":[{"embeddable":true,"href":"https:\/\/www.europesays.com\/it\/wp-json\/wp\/v2\/media\/261715"}],"wp:attachment":[{"href":"https:\/\/www.europesays.com\/it\/wp-json\/wp\/v2\/media?parent=261714"}],"wp:term":[{"taxonomy":"category","embeddable":true,"href":"https:\/\/www.europesays.com\/it\/wp-json\/wp\/v2\/categories?post=261714"},{"taxonomy":"post_tag","embeddable":true,"href":"https:\/\/www.europesays.com\/it\/wp-json\/wp\/v2\/tags?post=261714"}],"curies":[{"name":"wp","href":"https:\/\/api.w.org\/{rel}","templated":true}]}}