{"id":261746,"date":"2025-12-15T11:51:12","date_gmt":"2025-12-15T11:51:12","guid":{"rendered":"https:\/\/www.europesays.com\/it\/261746\/"},"modified":"2025-12-15T11:51:12","modified_gmt":"2025-12-15T11:51:12","slug":"altezza-dei-placcaggi-test-per-il-rugby-professionistico-ai-mondiali-u20-del-2026","status":"publish","type":"post","link":"https:\/\/www.europesays.com\/it\/261746\/","title":{"rendered":"Altezza dei placcaggi: test per il rugby professionistico ai Mondiali U20 del 2026"},"content":{"rendered":"<p>Il torneo planetario giovanile dell\u2019anno prossimo sar\u00e0 il \u201cbanco di prova\u201d per un eventuale cambio di regole <\/p>\n<p>\t\t\t\t\t\t<img fetchpriority=\"high\" decoding=\"async\" aria-describedby=\"caption-attachment-294802\" class=\"wp-image-294802 size-full\" src=\"https:\/\/www.europesays.com\/it\/wp-content\/uploads\/2025\/12\/Italia-Under-20.jpg\" alt=\"\" width=\"800\" height=\"533\"  \/><\/p>\n<p id=\"caption-attachment-294802\" class=\"wp-caption-text\">Altezza dei placcaggi: test per il rugby professionistico ai Mondiali U20 del 2026 (Ph. Sebastiano Pessina)<\/p>\n<p>Dopo essere intervenuta con una proposta per quanto riguarda il rugby di base, World Rugby \u201callarga i confini\u201d della sua decisione rispetto al tema dell\u2019altezza dei placcaggi andando a introdurre la questione anche per il rugby professionistico passando da una \u201cfase di test\u201d molto importante come quella che potranno rappresentare i Mondiali U20 del 2026, che si disputeranno in Georgia.<\/p>\n<p>Leggi anche, <a href=\"https:\/\/www.onrugby.it\/2025\/12\/05\/world-rugby-sta-lavorando-per-regolamentare-laltezza-dei-placcaggi-nel-rugby-di-base\/\" target=\"_blank\" rel=\"noopener nofollow\">World Rugby sta lavorando per regolamentare l\u2019altezza dei placcaggi nel rugby di base<\/a><\/p>\n<p>Altezza dei placcaggi: test per il rugby professionistico ai Mondiali U20 del 2026<\/p>\n<p>Nel corso del torneo planetario della prossima estate, che sar\u00e0 disputato da 16 squadre fra cui anche l\u2019Italia, <strong>questi saranno gli indirizzi di World Rugby:<\/strong><\/p>\n<p>\u2013 Altezza del placcaggio in corrispondenza dello sterno, cos\u00ec come proposto per il rugby di base;<br \/>\u2013 Eventuali idee per la modifica del regolamento, in maniera tale che possa comunque essere tutelato lo spirito del gioco;<br \/>\u2013 Raccolta di dati e feedback per capire sino a che punto potersi \u201cspingere in avanti\u201d sul regolamento.<\/p>\n<p><strong>Nel concreto, ai Mondiali U20 del 2026 vi saranno dei focus sul:<\/strong><\/p>\n<p>\u2013 Consentire azioni di \u201cPick &amp; Go\u201d vicino alle ruck e ai giocatori con la volont\u00e0 di segnare, momento nel quale l\u2019altezza dello sterno diventa molto pi\u00f9 difficile da placcare,\u00a0 a causa del baricentro pi\u00f9 basso del giocatore che compie l\u2019azione;<\/p>\n<p>\u2013 Sanzionare i portatori di palla che attaccano utilizzando in maniera pericolosa la testa (\u201cl\u2019incornata);<\/p>\n<p>\u2013 Consentire ai difensori di compiere placcaggi in raddoppio (1 vs 2), a patto che il primo placcatore compia un intervento sul pallone stando sempre sotto lo sterno del portatore dell\u2019ovale.<\/p>\n<p>La decisione di effettuare questo \u201cpasso di prova\u201d da parte di World Rugby arriva con cos\u00ec tanti mesi rispetto all\u2019inizio del torneo per consentire a squadre e alla componente arbitrale di prepararsi adeguatamente allo svolgersi degli incontri.<\/p>\n<p>World Rugby inoltre, nel comunicato pubblicato sul suo sito ufficiale, ci ha tenuto a specificare che la sperimentazione arriva nel rugby d\u2019alto livello dopo una lunga consultazione con: l\u2019International Rugby Players Association, l\u2019International Rugby Match Officials, i Boardi di Sei Nazioni, United Rugby Championship, Major League Rugby, Ligue National de Rugby, Rugby Football Union, South Africa Rugby Union, SANZAAR Rugby, F\u00e9d\u00e9ration Fran\u00e7aise de Rugby e vari esperti internazionali indipendenti.\t<\/p>\n<p>onrugby.it \u00a9 riproduzione riservata<\/p>\n<p>Cari Lettori,<\/p>\n<p>OnRugby, da oltre 10 anni, Vi offre gratuitamente un\u2019informazione puntuale e quotidiana sul<br \/>\n\t\t\t\t\t\t\t\tmondo della palla ovale. <b>Il nostro lavoro ha un costo che viene ripagato dalla pubblicit\u00e0, in particolare quella personalizzata.<\/b><\/p>\n<p>Quando Vi viene proposta l\u2019informativa sul rilascio di cookie o tecnologie simili, Vi chiediamo di sostenerci dando il Vostro consenso.<\/p>\n","protected":false},"excerpt":{"rendered":"Il torneo planetario giovanile dell\u2019anno prossimo sar\u00e0 il \u201cbanco di prova\u201d per un eventuale cambio di regole Altezza&hellip;\n","protected":false},"author":3,"featured_media":261747,"comment_status":"","ping_status":"","sticky":false,"template":"","format":"standard","meta":{"footnotes":""},"categories":[1458],"tags":[1537,90,89,1840,245,244],"class_list":{"0":"post-261746","1":"post","2":"type-post","3":"status-publish","4":"format-standard","5":"has-post-thumbnail","7":"category-rugby","8":"tag-it","9":"tag-italia","10":"tag-italy","11":"tag-rugby","12":"tag-sport","13":"tag-sports"},"share_on_mastodon":{"url":"https:\/\/pubeurope.com\/@it\/115723441684592485","error":""},"_links":{"self":[{"href":"https:\/\/www.europesays.com\/it\/wp-json\/wp\/v2\/posts\/261746","targetHints":{"allow":["GET"]}}],"collection":[{"href":"https:\/\/www.europesays.com\/it\/wp-json\/wp\/v2\/posts"}],"about":[{"href":"https:\/\/www.europesays.com\/it\/wp-json\/wp\/v2\/types\/post"}],"author":[{"embeddable":true,"href":"https:\/\/www.europesays.com\/it\/wp-json\/wp\/v2\/users\/3"}],"replies":[{"embeddable":true,"href":"https:\/\/www.europesays.com\/it\/wp-json\/wp\/v2\/comments?post=261746"}],"version-history":[{"count":0,"href":"https:\/\/www.europesays.com\/it\/wp-json\/wp\/v2\/posts\/261746\/revisions"}],"wp:featuredmedia":[{"embeddable":true,"href":"https:\/\/www.europesays.com\/it\/wp-json\/wp\/v2\/media\/261747"}],"wp:attachment":[{"href":"https:\/\/www.europesays.com\/it\/wp-json\/wp\/v2\/media?parent=261746"}],"wp:term":[{"taxonomy":"category","embeddable":true,"href":"https:\/\/www.europesays.com\/it\/wp-json\/wp\/v2\/categories?post=261746"},{"taxonomy":"post_tag","embeddable":true,"href":"https:\/\/www.europesays.com\/it\/wp-json\/wp\/v2\/tags?post=261746"}],"curies":[{"name":"wp","href":"https:\/\/api.w.org\/{rel}","templated":true}]}}