{"id":261816,"date":"2025-12-15T12:46:13","date_gmt":"2025-12-15T12:46:13","guid":{"rendered":"https:\/\/www.europesays.com\/it\/261816\/"},"modified":"2025-12-15T12:46:13","modified_gmt":"2025-12-15T12:46:13","slug":"lorenzo-musetti-premiato-come-atleta-dellanno-in-italia-ma-in-grado-di-essere-il-terzo-incomodo-tra-sinner-e-alcaraz","status":"publish","type":"post","link":"https:\/\/www.europesays.com\/it\/261816\/","title":{"rendered":"Lorenzo Musetti premiato come atleta dell&#8217;anno in Italia, ma in grado di essere il terzo incomodo tra Sinner e Alcaraz?"},"content":{"rendered":"<p><strong>Lorenzo Musetti<\/strong> \u00e8 stato protagonista di una grande stagione. Il tennista toscano ha concluso l\u2019anno in top-10 (n.8 del ranking), centrando il suo vero obiettivo stagionale:<strong> giocare le ATP Finals a Torino<\/strong>. Un percorso accidentato il suo, condizionato anche da qualche infortunio che non ne ha favorito l\u2019incedere. Vero \u00e8 che le prestazioni messe in mostra in questo 2025, soprattutto sulla terra rossa, sono state degne di un top-player.<\/p>\n<p><strong>Cammino che ha giustificato, secondo la Gazzetta dello Sport, il riconoscimento di \u201catleta dell\u2019anno\u201d al classe 2002 del Bel Paese<\/strong>. Un premio che ha alimentato qualche polemica, visto quanto fatto da <strong>Jannik Sinner<\/strong> nel 2025 e anche altri rappresentanti italici di discipline diverse. Non \u00e8 un caso che sui media spagnoli ci stata un po\u2019 di sorpresa per questo responso.<\/p>\n<p>Al di l\u00e0 di questo discorso, per\u00f2, la domanda \u00e8 la seguente: <strong>sar\u00e0 in grado Musetti di essere il terzo incomodo tra Sinner e Carlos Alcaraz?<\/strong> Un quesito a cui dare una risposta certa \u00e8 complicato, parlando poi di giocatori di giovane et\u00e0 e in evoluzione. \u00c8 oggettivo pensare che per Lorenzo sar\u00e0 arduo riuscire a essere a livello degli attuali dominatori del circuito.<\/p>\n<p><strong>Il tennis che lui propone, molto bello da vedere, non \u00e8 cos\u00ec facile da rendere pratico ed efficace in tutte le circostanze<\/strong>. Lo si evidenzia soprattutto rispetto al suo rendimento sul cemento outdoor, superficie sulla quale nel corso della sua giovane carriera a livello ATP ha fatto pi\u00f9 fatica. Certo, ci sono i quarti di finale raggiunti agli US Open e la finale disputata a Chengdu quest\u2019anno, per\u00f2 il gap in termini di livello nella sfida tra il carrarino e Sinner a New York \u00e8 stato rilevante.<\/p>\n<p>Per evolvere il suo gioco, ha inserito una figura nuova nel suo staff. Il riferimento \u00e8 a <strong>Jos\u00e9 Perlas<\/strong>, coach spagnolo di grandissima esperienza, che ha guidato in passato Carlos Moya, Albert Costa, Guillermo Coria, Nicolas Almagro, Juan Carlos Ferrero, Janko Tipsarevic, Fabio Fognini e Dusan Lajovic. Un innesto volto a favorire una crescita ulteriore nel proprio modo di stare in campo e proporre tennis.<\/p>\n<p>\u201c\u00c8 una figura importante che credo possa offrirmi qualcosa in pi\u00f9 del mio storico allenatore, Simone Tartarini. Credo che lavorare insieme possa aiutarci a fare passi avanti, a fare il salto definitivo che cerco. Abbiamo iniziato la pre-season due settimane fa, stiamo lavorando sodo e le sensazioni sono molto buone. La nostra prima tappa sar\u00e0 l\u2019Australia e ho solo buone intenzioni per questa nuova stagione\u201c, <strong>aveva sottolineato Lorenzo a margine della premiazione citata<\/strong>.<\/p>\n<p>\u201cQuesta stagione ha mostrato il divario tra Sinner-Alcaraz e gli altri; sono entrambi un passo avanti a tutti. La mia decisione di aggiungere alcune figure chiave alla mia squadra \u00e8 proprio per cercare di fare un grande passo in quella direzione, per colmare un divario che \u00e8 stato molto evidente quest\u2019anno. Spero di poter raggiungere in futuro quel terzo gradino del podio \u201c, <strong>aveva ammesso Musetti<\/strong>. Non resta che attendere.<\/p>\n","protected":false},"excerpt":{"rendered":"Lorenzo Musetti \u00e8 stato protagonista di una grande stagione. Il tennista toscano ha concluso l\u2019anno in top-10 (n.8&hellip;\n","protected":false},"author":3,"featured_media":238147,"comment_status":"","ping_status":"","sticky":false,"template":"","format":"standard","meta":{"footnotes":""},"categories":[1457],"tags":[1537,90,89,1863,245,244,1273],"class_list":{"0":"post-261816","1":"post","2":"type-post","3":"status-publish","4":"format-standard","5":"has-post-thumbnail","7":"category-tennis","8":"tag-it","9":"tag-italia","10":"tag-italy","11":"tag-lorenzo-musetti","12":"tag-sport","13":"tag-sports","14":"tag-tennis"},"share_on_mastodon":{"url":"https:\/\/pubeurope.com\/@it\/115723657923362809","error":""},"_links":{"self":[{"href":"https:\/\/www.europesays.com\/it\/wp-json\/wp\/v2\/posts\/261816","targetHints":{"allow":["GET"]}}],"collection":[{"href":"https:\/\/www.europesays.com\/it\/wp-json\/wp\/v2\/posts"}],"about":[{"href":"https:\/\/www.europesays.com\/it\/wp-json\/wp\/v2\/types\/post"}],"author":[{"embeddable":true,"href":"https:\/\/www.europesays.com\/it\/wp-json\/wp\/v2\/users\/3"}],"replies":[{"embeddable":true,"href":"https:\/\/www.europesays.com\/it\/wp-json\/wp\/v2\/comments?post=261816"}],"version-history":[{"count":0,"href":"https:\/\/www.europesays.com\/it\/wp-json\/wp\/v2\/posts\/261816\/revisions"}],"wp:featuredmedia":[{"embeddable":true,"href":"https:\/\/www.europesays.com\/it\/wp-json\/wp\/v2\/media\/238147"}],"wp:attachment":[{"href":"https:\/\/www.europesays.com\/it\/wp-json\/wp\/v2\/media?parent=261816"}],"wp:term":[{"taxonomy":"category","embeddable":true,"href":"https:\/\/www.europesays.com\/it\/wp-json\/wp\/v2\/categories?post=261816"},{"taxonomy":"post_tag","embeddable":true,"href":"https:\/\/www.europesays.com\/it\/wp-json\/wp\/v2\/tags?post=261816"}],"curies":[{"name":"wp","href":"https:\/\/api.w.org\/{rel}","templated":true}]}}