{"id":261951,"date":"2025-12-15T14:44:19","date_gmt":"2025-12-15T14:44:19","guid":{"rendered":"https:\/\/www.europesays.com\/it\/261951\/"},"modified":"2025-12-15T14:44:19","modified_gmt":"2025-12-15T14:44:19","slug":"forbidden-fruit-anticipazioni-puntate-dal-22-al-24-dicembre","status":"publish","type":"post","link":"https:\/\/www.europesays.com\/it\/261951\/","title":{"rendered":"Forbidden Fruit, anticipazioni puntate dal 22 al 24 dicembre"},"content":{"rendered":"<p>Nella settimana che va da<strong> luned\u00ec 22 a mercoled\u00ec 24 dicembre<\/strong>, <strong>Forbidden Fruit <\/strong>accompagna anche le festivit\u00e0 con nuovi episodi della seconda stagione.\u00a0<\/p>\n<p>Forbidden Fruit 2 va in onda alle <strong>14.10<\/strong> su Canale 5. Tutti gli episodi sono disponibili anche in streaming su<strong> Mediaset Infinity<\/strong>.<\/p>\n<p>\u00a0<\/p>\n<p><strong>Le anticipazioni di \u201cForbidden Fruit \u201d dal 22 al 24 dicembre<\/strong><\/p>\n<p>L&#8217;intrigante <strong>Ender<\/strong>, sempre composta, mostra un lato inaspettato durante un&#8217;importante cena professionale. Quando <strong>Kaya<\/strong> diventa il bersaglio di sfacciate avances, la reazione di <strong>Ender<\/strong> \u00e8 immediata: una bruciante gelosia che riaccende la dinamica tra i due e fa presagire sviluppi sorprendenti nel loro complesso rapporto.\u00a0<\/p>\n<p>\u00a0<\/p>\n<p>Intanto, <strong>Asuman<\/strong> non riesce pi\u00f9 a sopportare il peso della verit\u00e0 su <strong>Mustafa<\/strong>. Cerca il momento\u00a0<\/p>\n<p>perfetto per confessare a <strong>Zeynep<\/strong> l&#8217;intera faccenda.\u00a0<\/p>\n<p>\u00a0<\/p>\n<p>Nel frattempo, la situazione precipita per <strong>Zeynep<\/strong>. Trovatasi prigioniera, si rende conto con orrore che <strong>D\u00fcndar<\/strong> ha oltrepassato ogni limite, cadendo in una vera e propria ossessione.\u00a0<\/p>\n<p>\u00a0<\/p>\n<p>Mettendo da parte la paura, <strong>Zeynep<\/strong> affronta il suo rapitore. La drammatica vicenda si conclude grazie all&#8217;intervento di <strong>Alihan<\/strong>, che riesce a liberare <strong>Zeynep<\/strong>. Nonostante sia finalmente al sicuro tra le mura di casa, la giovane \u00e8 profondamente turbata dall&#8217;esperienza vissuta.\u00a0<\/p>\n","protected":false},"excerpt":{"rendered":"Nella settimana che va da luned\u00ec 22 a mercoled\u00ec 24 dicembre, Forbidden Fruit accompagna anche le festivit\u00e0 con&hellip;\n","protected":false},"author":3,"featured_media":261952,"comment_status":"","ping_status":"","sticky":false,"template":"","format":"standard","meta":{"footnotes":""},"categories":[1443],"tags":[1518,685,203,4860,204,1537,90,89,1538,1539],"class_list":{"0":"post-261951","1":"post","2":"type-post","3":"status-publish","4":"format-standard","5":"has-post-thumbnail","7":"category-musica","8":"tag-anticipazioni","9":"tag-canale-5","10":"tag-entertainment","11":"tag-forbidden-fruit","12":"tag-intrattenimento","13":"tag-it","14":"tag-italia","15":"tag-italy","16":"tag-music","17":"tag-musica"},"share_on_mastodon":{"url":"https:\/\/pubeurope.com\/@it\/115724122011329698","error":""},"_links":{"self":[{"href":"https:\/\/www.europesays.com\/it\/wp-json\/wp\/v2\/posts\/261951","targetHints":{"allow":["GET"]}}],"collection":[{"href":"https:\/\/www.europesays.com\/it\/wp-json\/wp\/v2\/posts"}],"about":[{"href":"https:\/\/www.europesays.com\/it\/wp-json\/wp\/v2\/types\/post"}],"author":[{"embeddable":true,"href":"https:\/\/www.europesays.com\/it\/wp-json\/wp\/v2\/users\/3"}],"replies":[{"embeddable":true,"href":"https:\/\/www.europesays.com\/it\/wp-json\/wp\/v2\/comments?post=261951"}],"version-history":[{"count":0,"href":"https:\/\/www.europesays.com\/it\/wp-json\/wp\/v2\/posts\/261951\/revisions"}],"wp:featuredmedia":[{"embeddable":true,"href":"https:\/\/www.europesays.com\/it\/wp-json\/wp\/v2\/media\/261952"}],"wp:attachment":[{"href":"https:\/\/www.europesays.com\/it\/wp-json\/wp\/v2\/media?parent=261951"}],"wp:term":[{"taxonomy":"category","embeddable":true,"href":"https:\/\/www.europesays.com\/it\/wp-json\/wp\/v2\/categories?post=261951"},{"taxonomy":"post_tag","embeddable":true,"href":"https:\/\/www.europesays.com\/it\/wp-json\/wp\/v2\/tags?post=261951"}],"curies":[{"name":"wp","href":"https:\/\/api.w.org\/{rel}","templated":true}]}}