{"id":261959,"date":"2025-12-15T14:48:15","date_gmt":"2025-12-15T14:48:15","guid":{"rendered":"https:\/\/www.europesays.com\/it\/261959\/"},"modified":"2025-12-15T14:48:15","modified_gmt":"2025-12-15T14:48:15","slug":"raffaella-fico-e-armando-izzo-il-nostro-bambino-di-5-mesi-ci-ha-lasciati-troppo-presto-restera-per-sempre-nei-nostri-cuori","status":"publish","type":"post","link":"https:\/\/www.europesays.com\/it\/261959\/","title":{"rendered":"Raffaella Fico e Armando Izzo: \u00abIl nostro bambino di 5 mesi ci ha lasciati troppo presto, rester\u00e0 per sempre nei nostri cuori\u00bb"},"content":{"rendered":"<p class=\"has-dropcap\">Poche righe, per raccontare un dolore che non ha bisogno di spiegazioni. Armando Izzo e Raffaella Fico hanno perso il bambino che aspettavano, al quinto mese di gravidanza. A renderlo pubblico \u00e8 stato lo stesso difensore del Monza, con un messaggio condiviso nelle storie Instagram: \u00abPrima che si creino false speculazioni, io e la mia compagna, Raffaella Fico, desideriamo comunicare che abbiamo avuto una grave perdita, <strong>purtroppo il nostro bambino di 5 mesi ci ha lasciati troppo presto e rester\u00e0 per sempre nei nostri cuori<\/strong>\u00bb.<\/p>\n<p>E ancora: \u00abIn questo momento di immenso dolore chiediamo rispetto, silenzio e sensibilit\u00e0, evitando qualsiasi forma di speculazione su una perdita cos\u00ec delicata. <strong>L&#8217;unica forza che ci permette di andare avanti in questo momento \u00e8 il nostro amore.<\/strong> Grazie\u00bb.<\/p>\n<p><img decoding=\"async\" alt=\"Raffaella Fico e Armando Izzo \u00abIl nostro bambino di 5 mesi ci ha lasciati troppo presto rester\u00e0 per sempre nei nostri cuori\u00bb\" loading=\"lazy\" class=\"ResponsiveImageContainer-eNxvmU cfBbTk responsive-image__image\"   src=\"https:\/\/www.europesays.com\/it\/wp-content\/uploads\/2025\/12\/izzo.png\"\/><\/p>\n<p>La notizia arriva a pochi mesi da quando Raffaella Fico aveva raccontato, anche in televisione, la serenit\u00e0 ritrovata accanto ad Armando Izzo, classe 1992, e pochi giorni dopo <strong><a href=\"https:\/\/www.vanityfair.it\/article\/raffaella-fico-e-incinta-dopo-tanta-sfortuna-in-amore-finalmente-ho-trovato-unanima-simile-alla-mia\" target=\"_blank\" rel=\"nofollow noopener\">l\u2019annuncio gioioso di una gravidanza<\/a>.<\/strong> Ospite a Verissimo, la showgirl aveva parlato di un amore nato in modo inatteso ma subito sentito come autentico: \u00ab\u00c8 arrivato un po&#8217; inaspettatamente. <strong>\u00c8 stato bravo, mi ha corteggiata, siamo due anime simili. \u00c8 come se stessi scoprendo per la prima volta l&#8217;amore<\/strong>\u00bb.<\/p>\n<p>In quella stessa occasione aveva spiegato quanto un figlio fosse un progetto desiderato da entrambi: \u00abSono felicissima. <strong>Siamo entrambi super contenti, anche perch\u00e9 lo abbiamo tanto voluto<\/strong>\u00bb.<\/p>\n<p><strong>Raffaella Fico \u00e8 gi\u00e0 mamma di\u00a0<a href=\"https:\/\/www.vanityfair.it\/people\/gossip\/2019\/05\/17\/raffaella-fico-balotelli-oggi-uniti-figlia-pia-foto-gossip\" target=\"_blank\" rel=\"nofollow noopener\">Pia<\/a><\/strong><a href=\"https:\/\/www.vanityfair.it\/people\/gossip\/2019\/05\/17\/raffaella-fico-balotelli-oggi-uniti-figlia-pia-foto-gossip\" target=\"_blank\" rel=\"nofollow noopener\">, la bambina nata nel 2012 dalla relazione con Mario Balotelli<\/a>. \u00abAnche lei \u00e8 felicissima, ha sempre voluto un fratellino o una sorellina\u00bb, aveva raccontato Raffaella. \u00abQuando gliel&#8217;ho comunicato ha fatto i salti di gioia\u00bb.<\/p>\n<p>La prima gravidanza, per Raffaella, non era stata facilissima, come\u00a0<a href=\"https:\/\/www.vanityfair.it\/people\/italia\/2021\/09\/22\/raffaella-fico-al-grande-fratello-vip-ero-incinta-e-mario-balotelli-mi-caccio-di-casa-gossip\" target=\"_blank\" rel=\"nofollow noopener\">aveva raccontato dalla casa del \u00abGrande fratello Vip\u00bb<\/a>, a causa della relazione tormentata con il suo compagno di allora, Mario Balotelli. \u00abCercavamo un figlio\u00bb. Poi per\u00f2 lui\u00a0un figlio \u00abnon lo voleva pi\u00f9\u00bb, aveva raccontato ai compagni della Casa, spiegando che poi, dopo la nascita della bambina, lui \u00e8 cambiato (nel frattempo anche lui \u00e8 diventato pap\u00e0 per la seconda volta,\u00a0<a href=\"https:\/\/www.vanityfair.it\/people\/italia\/2021\/06\/12\/mario-balotelli-papa-di-pia-e-lion-raffaella-fico-foto-gossip\" target=\"_blank\" rel=\"nofollow noopener\">con la nascita di Lion<\/a>) e oggi sono sereni.\u00a0\u00abAnche lui ama da morire Pia\u00bb, aveva raccontato.<\/p>\n","protected":false},"excerpt":{"rendered":"Poche righe, per raccontare un dolore che non ha bisogno di spiegazioni. Armando Izzo e Raffaella Fico hanno&hellip;\n","protected":false},"author":3,"featured_media":261960,"comment_status":"","ping_status":"","sticky":false,"template":"","format":"standard","meta":{"footnotes":""},"categories":[174],"tags":[203,204,1537,90,89,37954],"class_list":{"0":"post-261959","1":"post","2":"type-post","3":"status-publish","4":"format-standard","5":"has-post-thumbnail","7":"category-intrattenimento","8":"tag-entertainment","9":"tag-intrattenimento","10":"tag-it","11":"tag-italia","12":"tag-italy","13":"tag-raffaella-fico"},"share_on_mastodon":{"url":"https:\/\/pubeurope.com\/@it\/115724138160266789","error":""},"_links":{"self":[{"href":"https:\/\/www.europesays.com\/it\/wp-json\/wp\/v2\/posts\/261959","targetHints":{"allow":["GET"]}}],"collection":[{"href":"https:\/\/www.europesays.com\/it\/wp-json\/wp\/v2\/posts"}],"about":[{"href":"https:\/\/www.europesays.com\/it\/wp-json\/wp\/v2\/types\/post"}],"author":[{"embeddable":true,"href":"https:\/\/www.europesays.com\/it\/wp-json\/wp\/v2\/users\/3"}],"replies":[{"embeddable":true,"href":"https:\/\/www.europesays.com\/it\/wp-json\/wp\/v2\/comments?post=261959"}],"version-history":[{"count":0,"href":"https:\/\/www.europesays.com\/it\/wp-json\/wp\/v2\/posts\/261959\/revisions"}],"wp:featuredmedia":[{"embeddable":true,"href":"https:\/\/www.europesays.com\/it\/wp-json\/wp\/v2\/media\/261960"}],"wp:attachment":[{"href":"https:\/\/www.europesays.com\/it\/wp-json\/wp\/v2\/media?parent=261959"}],"wp:term":[{"taxonomy":"category","embeddable":true,"href":"https:\/\/www.europesays.com\/it\/wp-json\/wp\/v2\/categories?post=261959"},{"taxonomy":"post_tag","embeddable":true,"href":"https:\/\/www.europesays.com\/it\/wp-json\/wp\/v2\/tags?post=261959"}],"curies":[{"name":"wp","href":"https:\/\/api.w.org\/{rel}","templated":true}]}}