{"id":262031,"date":"2025-12-15T15:47:13","date_gmt":"2025-12-15T15:47:13","guid":{"rendered":"https:\/\/www.europesays.com\/it\/262031\/"},"modified":"2025-12-15T15:47:13","modified_gmt":"2025-12-15T15:47:13","slug":"torna-la-pioggia-a-rischio-anche-le-feste-natalizie","status":"publish","type":"post","link":"https:\/\/www.europesays.com\/it\/262031\/","title":{"rendered":"Torna la pioggia, a rischio anche le feste natalizie"},"content":{"rendered":"\n<p>\u00abL\u2019anticiclone, responsabile di clima molto mite, stabilit\u00e0 atmosferica ma anche nubi basse, nebbie e qualit\u00e0 dell\u2019aria scadente in molte zone dello Stivale, nel corso di questa settimana  inizier\u00e0 a indebolirsi da Ovest, stante<strong class=\"nero\"> l\u2019ingresso di una nuova intensa perturbazione<\/strong>\u00bb.Lo conferma il meteorologo di <a href=\"https:\/\/www.3bmeteo.com\/\" target=\"_blank\" rel=\"nofollow noopener\">3bmeteo.com<\/a> Manuel Mazzoleni, che spiega: \u00abQuest\u2019ultima gi\u00e0 entro luned\u00ec sera 15 dicembre porter\u00e0 un peggioramento anche sulla Bergamasca. Ma sar\u00e0 <strong class=\"nero\">marted\u00ec che interesser\u00e0 in maniera decisa lo Stivale con fenomeni anche di forte intensit\u00e0 <\/strong>tra Nordovest, versante Tirrenico, Sicilia e Ioniche meridionali, con accumuli localmente anche oltre i 60\/70mm e rischio nubifragi su Liguria di Levante e Toscana occidentale\u00bb.<\/p>\n<p>  Anche sulla Bergamasca <\/p>\n<p>Maltempo anche su Bergamo. \u00abOltre alla pioggia &#8211; prosegue Mazzoleni &#8211; la neve torner\u00e0 a interessare le Alpi centro-occidentali, mediamente oltre gli 800-1100m, a tratti sin verso i 300\/500m sul basso Piemonte e sull\u2019entroterra ligure di Ponente con il ritorno della dama bianca anche a Cuneo\u00bb.  Tra mercoled\u00ec e gioved\u00ec la perturbazione tender\u00e0 gradualmente ad allontanarsi, favorendo un lento e graduale miglioramento che, tuttavia, non durer\u00e0 molto.<\/p>\n<p>  Brutto tempo su tutta Italia <\/p>\n<p>\u00abIl passaggio di questa perturbazione &#8211; prosegue Mazzoleni &#8211; innescher\u00e0 una circolazione depressionaria tra l\u2019Iberia e il Nord Africa che nel corso del fine settimana si avviciner\u00e0 alle nostre regioni meridionali, sospinta da una nuova intensa perturbazione in avvicinamento dall\u2019Europa nordoccidentale. L\u2019azione congiunta dei due sistemi porter\u00e0 cos\u00ec venerd\u00ec un nuovo peggioramento tra Isole Maggiori ed Estremo Sud, ma anche i primi fenomeni su Ovest Alpi e alto Tirreno. Nel corso del fine settimana, pur con le dovute incertezze dettate dalla distanza temporale, il peggioramento si far\u00e0 strada al Sud, sulle regioni tirreniche e al Nordovest, mentre rimarranno ancora ai margini del peggioramento il Nordest e le regioni adriatiche\u00bb.<\/p>\n<p>  Natale con meteo ancora incerto: possibile neve <\/p>\n<p>\u00abLa tendenza vede cos\u00ec un nuovo <strong class=\"nero\">probabile peggioramento del tempo a inizio della settimana che ci traghetter\u00e0 al Santo Natale<\/strong>. Tra luned\u00ec e marted\u00ec il maltempo dovrebbe coinvolgere tutto lo Stivale con fenomeni localmente ancora intensi e nevicate sui settori alpini a quote medio-alte, mentre la Vigilia potrebbe vedere ancora locale maltempo al Centro-Sud e all\u2019estremo Nordest\u00bb precisa il meteorologo di 3bmeteo che aggiunge: \u00abDa Natale in poi la situazione resta ancora molto incerta. Tuttavia i modelli intravedono l\u2019irruzione di correnti pi\u00f9 fredde dall\u2019Europa nordorientale, convogliate sullo Stivale da un robusto anticiclone in rinforzo sui Paesi scandinavi. La seconda parte della settimana di Natale potrebbe cos\u00ec presentarsi a tratti ancora instabile e via via pi\u00f9 fredda, con temperature che torneranno sotto le medie del periodo, in particolar modo al Nord, dove<strong class=\"nero\"> la neve potrebbe spingersi sino a quote collinari o localmente anche pi\u00f9 in basso<\/strong>\u00bb conclude Mazzoleni di 3bmeteo.<\/p>\n","protected":false},"excerpt":{"rendered":"\u00abL\u2019anticiclone, responsabile di clima molto mite, stabilit\u00e0 atmosferica ma anche nubi basse, nebbie e qualit\u00e0 dell\u2019aria scadente in&hellip;\n","protected":false},"author":3,"featured_media":262032,"comment_status":"","ping_status":"","sticky":false,"template":"","format":"standard","meta":{"footnotes":""},"categories":[79],"tags":[39641,6489,4924,14,93,94,9043,133874,7578,8477,1537,90,89,32368,419,7,15,5065,11,84,91,12,85,92],"class_list":{"0":"post-262031","1":"post","2":"type-post","3":"status-publish","4":"format-standard","5":"has-post-thumbnail","7":"category-italia","8":"tag-3bmeteo-com","9":"tag-allerta-meteo","10":"tag-ambiente","11":"tag-cronaca","12":"tag-cronaca-italiana","13":"tag-cronacaitaliana","14":"tag-disastri","15":"tag-disastri-meteorologici","16":"tag-incidenti","17":"tag-inquinamento","18":"tag-it","19":"tag-italia","20":"tag-italy","21":"tag-manuel-mazzoleni","22":"tag-meteo","23":"tag-news","24":"tag-notizie","25":"tag-previsioni","26":"tag-ultime-notizie","27":"tag-ultime-notizie-e-news-di-oggi","28":"tag-ultime-notizie-italia","29":"tag-ultimenotizie","30":"tag-ultimenotizieenewsdioggi","31":"tag-ultimenotizieitalia"},"share_on_mastodon":{"url":"https:\/\/pubeurope.com\/@it\/115724369610226592","error":""},"_links":{"self":[{"href":"https:\/\/www.europesays.com\/it\/wp-json\/wp\/v2\/posts\/262031","targetHints":{"allow":["GET"]}}],"collection":[{"href":"https:\/\/www.europesays.com\/it\/wp-json\/wp\/v2\/posts"}],"about":[{"href":"https:\/\/www.europesays.com\/it\/wp-json\/wp\/v2\/types\/post"}],"author":[{"embeddable":true,"href":"https:\/\/www.europesays.com\/it\/wp-json\/wp\/v2\/users\/3"}],"replies":[{"embeddable":true,"href":"https:\/\/www.europesays.com\/it\/wp-json\/wp\/v2\/comments?post=262031"}],"version-history":[{"count":0,"href":"https:\/\/www.europesays.com\/it\/wp-json\/wp\/v2\/posts\/262031\/revisions"}],"wp:featuredmedia":[{"embeddable":true,"href":"https:\/\/www.europesays.com\/it\/wp-json\/wp\/v2\/media\/262032"}],"wp:attachment":[{"href":"https:\/\/www.europesays.com\/it\/wp-json\/wp\/v2\/media?parent=262031"}],"wp:term":[{"taxonomy":"category","embeddable":true,"href":"https:\/\/www.europesays.com\/it\/wp-json\/wp\/v2\/categories?post=262031"},{"taxonomy":"post_tag","embeddable":true,"href":"https:\/\/www.europesays.com\/it\/wp-json\/wp\/v2\/tags?post=262031"}],"curies":[{"name":"wp","href":"https:\/\/api.w.org\/{rel}","templated":true}]}}