{"id":262036,"date":"2025-12-15T15:56:10","date_gmt":"2025-12-15T15:56:10","guid":{"rendered":"https:\/\/www.europesays.com\/it\/262036\/"},"modified":"2025-12-15T15:56:10","modified_gmt":"2025-12-15T15:56:10","slug":"la-stoccata-di-maurizio-landini-jannik-sinner-paghi-la-patrimoniale-in-italia-gli-basta-vincere-qualche-torneo-e-rientra-con-gli-interessi","status":"publish","type":"post","link":"https:\/\/www.europesays.com\/it\/262036\/","title":{"rendered":"La stoccata di Maurizio Landini: \u00abJannik Sinner paghi la patrimoniale in Italia, gli basta vincere qualche torneo e rientra con gli interessi\u00bb"},"content":{"rendered":"<p>    di<br \/>\n    Tiziano Grottolo<\/p>\n<p class=\"summary-art is-line-h-12\">Il segretario della Cgil: \u00abGiocavo a tennis, Jannik mi piace ma sul piano tecnico preferisco Alcaraz e Musetti\u00bb<\/p>\n<p class=\"chapter-paragraph\">In questi giorni il segretario della Cgil, <b><a href=\"https:\/\/corrierefiorentino.corriere.it\/notizie\/cronaca\/25_dicembre_12\/firenze-in-piazza-per-lo-sciopero-generale-questa-manovra-e-sbagliata-ingiusta-e-pericolosa-c4d28d26-a6d6-4323-aafa-93d7d646bxlk.shtml\" title=\"Firenze in piazza per lo sciopero generale con Landini: \u00abQuesta manovra \u00e8 sbagliata, ingiusta e pericolosa\u00bb\" rel=\"nofollow noopener\" target=\"_blank\">Maurizio Landini<\/a>,<\/b> \u00e8 stato ospite della trasmissione di Rai Radio 1 \u00abUn giorno da pecora\u00bb, affrontando vari argomenti. Tra una domanda sullo <b>sciopero generale\u00a0<\/b>e una sull\u2019ultima <b>manovra economica <\/b>del governo Meloni, il leader del sindacato ha parlato anche di sport. \u00ab<b>Giocavo a tennis<\/b> \u2014 ha ricordato Landini \u2014 lo faccio ancora d\u2019estate, quando ho tempo\u00bb. Subito dopo, il conduttore Giorgio Lauro ha posto un quesito inevitabile quando si affronta l&#8217;argomento: \u00abLe piace<b> <a href=\"https:\/\/www.corriere.it\/sport\/tennis\/25_dicembre_09\/entry-list-australian-open-2026-354c41da-f3aa-4da3-9f81-cce8ac65fxlk.shtml\" title=\"Entry list Australian Open 2026: non solo Sinner, ben 9 azzurri nel torneo maschile e 2 in quello femminile\" rel=\"nofollow noopener\" target=\"_blank\">Jannik Sinner<\/a><\/b>?\u00bb. \u00abS\u00ec, \u00e8 molto bravo\u00bb, la replica del segretario della Cgil che per\u00f2 ha specificato: \u00abA dire il vero, sul piano tecnico, mi piacciono di pi\u00f9 <b>Alcaraz <\/b>e <b>Musetti<\/b>\u00bb. Landini ha comunque elogiato la forza e la concentrazione del campione altoatesino.<\/p>\n<p>    La tassa patrimoniale<\/p>\n<p class=\"chapter-paragraph\">Com\u2019\u00e8 noto, Sinner ha <b>trasferito <\/b>da tempo la sua <b>residenza a Montecarlo<\/b>, cos\u00ec\u00a0la conversazione si \u00e8 spostata\u00a0sulla <b>tassa patrimoniale <\/b>dell&#8217;1,3% che il sindacalista vorrebbe introdurre in Italia. Riferendosi a Sinner, Landini ha spiegato: \u00abLui rimarrebbe ricco ma <b>farebbe funzionare meglio il suo Paese,<\/b> gli basterebbe vincere qualche torneo per recuperare con gli interessi\u00bb. Detto questo, il leader della Cgil ha ammesso: \u00abNon conosco Sinner personalmente, ma <b>mi piacerebbe incontrarlo\u00bb.<\/b> Chiss\u00e0 che questo ipotetico incontro non diventi l\u2019occasione per intavolare una trattativa sulla patrimoniale.    &#13;<br \/>\n&#13;<br \/>\n&#13;<br \/>\n&#13;<br \/>\n&#13;<br \/>\n&#13;<br \/>\n&#13;<br \/>\n&#13;<br \/>\n&#13;<br \/>\n&#13;<br \/>\n&#13;<br \/>\n&#13;<br \/>\n&#13;<br \/>\n&#13;<br \/>\n&#13;<br \/>\n&#13;<br \/>\n&#13;<br \/>\n&#13;<br \/>\n&#13;<br \/>\n&#13;<br \/>\n&#13;<br \/>\n&#13;<br \/>\n&#13;<br \/>\n&#13;<br \/>\n&#13;<br \/>\n&#13;<br \/>\n&#13;<br \/>\n&#13;<br \/>\n&#13;<br \/>\n&#13;<br \/>\n&#13;<br \/>\n&#13;<br \/>\n&#13;<br \/>\n&#13;<br \/>\n&#13;<br \/>\n&#13;<br \/>\n&#13;<br \/>\n&#13;<br \/>\n&#13;<br \/>\n&#13;<br \/>\n&#13;<br \/>\n&#13;<br \/>\n&#13;<br \/>\n&#13;<br \/>\n&#13;<br \/>\n&#13;<br \/>\n&#13;<br \/>\n&#13;<br \/>\n&#13;<br \/>\n&#13;<br \/>\n&#13;<br \/>\n&#13;<br \/>\n&#13;\n<\/p>\n<p>    Il tennista preferito dai fan<\/p>\n<p class=\"chapter-paragraph\">Nel frattempo, al netto delle preferenze del segretario della Cgil, per il terzo anno consecutivo Sinner pu\u00f2 fregiarsi del<b> \u00abtitolo\u00bb di tennista preferito dei tifosi. <\/b>\u00abGrazie mille per aver votato per me \u2014 le parole del campione in un video pubblicato sui profili social dell&#8217;Atp \u2014. Vincere ancora una volta il premio &#8220;<a href=\"https:\/\/www.corriere.it\/sport\/tennis\/25_dicembre_12\/sinner-tifosi-classifica-tennista-piu-amato-5ed3a197-917f-4ad3-933c-2ea8cfd44xlk.shtml\" title=\"Sinner \u00e8 il tennista pi\u00f9 amato del mondo per il terzo anno di fila: \u00abLa sensazione pi\u00f9 bella\u00bb\" rel=\"nofollow noopener\" target=\"_blank\">Fans\u2019 Favourite<\/a>&#8221;\u00a0significa tantissimo per me, soprattutto grazie a voi.<b> \u00c8 stato un anno molto intenso, <\/b>ma mi trasmettete un\u2019enorme energia e tanto affetto, soprattutto quando scendo in campo e gioco davanti a voi. \u00c8 la sensazione pi\u00f9 bella per noi tennisti, quindi grazie di cuore. Mi preparer\u00f2 nel miglior modo possibile per essere pronto per il prossimo anno e ci vediamo tutti molto presto\u00bb. In questi giorni, Sinner si trova a <b>Dubai <\/b>per preparare l\u2019inizio della nuova stagione, che partir\u00e0 dalla <b>Corea del Sud<\/b> (dove affronter\u00e0 Alcaraz in un match-esibizione) e successivamente si trasferir\u00e0 a Melbourne per <b>l\u2019Australian Open.<\/b><\/p>\n<p class=\"is-last-update\" datetime=\"2025-12-15T15:05:22+01:00\">15 dicembre 2025 ( modifica il 15 dicembre 2025 | 15:05)<\/p>\n<p class=\"is-copyright\">\n            \u00a9 RIPRODUZIONE RISERVATA\n        <\/p>\n","protected":false},"excerpt":{"rendered":"di Tiziano Grottolo Il segretario della Cgil: \u00abGiocavo a tennis, Jannik mi piace ma sul piano tecnico preferisco&hellip;\n","protected":false},"author":3,"featured_media":262037,"comment_status":"","ping_status":"","sticky":false,"template":"","format":"standard","meta":{"footnotes":""},"categories":[1457],"tags":[1265,153890,1953,192,21025,153891,6501,1537,90,89,1269,1717,78192,381,16491,94953,3419,24106,4958,975,153892,15965,6366,92611,366,337,245,244,7370,123170,1273,4968],"class_list":{"0":"post-262036","1":"post","2":"type-post","3":"status-publish","4":"format-standard","5":"has-post-thumbnail","7":"category-tennis","8":"tag-alcaraz","9":"tag-alcaraz-musetti","10":"tag-campione","11":"tag-cgil","12":"tag-giocavo","13":"tag-giocavo-tennis","14":"tag-interessi","15":"tag-it","16":"tag-italia","17":"tag-italy","18":"tag-jannik","19":"tag-jannik-sinner","20":"tag-landini","21":"tag-leader","22":"tag-maurizio","23":"tag-maurizio-landini","24":"tag-musetti","25":"tag-patrimoniale","26":"tag-piace","27":"tag-piano","28":"tag-piano-tecnico","29":"tag-preferito","30":"tag-segretario","31":"tag-segretario-cgil","32":"tag-sinner","33":"tag-soprattutto","34":"tag-sport","35":"tag-sports","36":"tag-tassa","37":"tag-tassa-patrimoniale","38":"tag-tennis","39":"tag-vincere"},"share_on_mastodon":{"url":"https:\/\/pubeurope.com\/@it\/115724405003094275","error":""},"_links":{"self":[{"href":"https:\/\/www.europesays.com\/it\/wp-json\/wp\/v2\/posts\/262036","targetHints":{"allow":["GET"]}}],"collection":[{"href":"https:\/\/www.europesays.com\/it\/wp-json\/wp\/v2\/posts"}],"about":[{"href":"https:\/\/www.europesays.com\/it\/wp-json\/wp\/v2\/types\/post"}],"author":[{"embeddable":true,"href":"https:\/\/www.europesays.com\/it\/wp-json\/wp\/v2\/users\/3"}],"replies":[{"embeddable":true,"href":"https:\/\/www.europesays.com\/it\/wp-json\/wp\/v2\/comments?post=262036"}],"version-history":[{"count":0,"href":"https:\/\/www.europesays.com\/it\/wp-json\/wp\/v2\/posts\/262036\/revisions"}],"wp:featuredmedia":[{"embeddable":true,"href":"https:\/\/www.europesays.com\/it\/wp-json\/wp\/v2\/media\/262037"}],"wp:attachment":[{"href":"https:\/\/www.europesays.com\/it\/wp-json\/wp\/v2\/media?parent=262036"}],"wp:term":[{"taxonomy":"category","embeddable":true,"href":"https:\/\/www.europesays.com\/it\/wp-json\/wp\/v2\/categories?post=262036"},{"taxonomy":"post_tag","embeddable":true,"href":"https:\/\/www.europesays.com\/it\/wp-json\/wp\/v2\/tags?post=262036"}],"curies":[{"name":"wp","href":"https:\/\/api.w.org\/{rel}","templated":true}]}}