{"id":262076,"date":"2025-12-15T16:30:35","date_gmt":"2025-12-15T16:30:35","guid":{"rendered":"https:\/\/www.europesays.com\/it\/262076\/"},"modified":"2025-12-15T16:30:35","modified_gmt":"2025-12-15T16:30:35","slug":"una-casa-di-35-metri-quadrati-progettata-da-velvet-studio","status":"publish","type":"post","link":"https:\/\/www.europesays.com\/it\/262076\/","title":{"rendered":"Una casa di 35 metri quadrati progettata da Velvet Studio"},"content":{"rendered":"<p>\t\t\t\t\t\t<img loading=\"lazy\" decoding=\"async\" class=\"wp-image-696057 size-full\" src=\"https:\/\/www.europesays.com\/it\/wp-content\/uploads\/2025\/12\/Casa-Porto-Pollo-02.jpg\" alt=\"cucina sui toni del beige, lampadario rotondo bianco, pensili in acciaio e tavolo a sbalzo\" width=\"1500\" height=\"2250\"  \/>La cucina su disegno<\/p>\n<p>A <strong>Porto Pollo<\/strong> il vento soffia forte. L\u2019ideale per chi vuole cavalcare le onde sulla tavola e accarezzare le nuvole con le vele. Poco distante da questa baia \u2013 \u2018la palestra naturale perfetta\u2019 secondo la leggenda vivente del windsurf Robby Naish \u2013 lo <a href=\"https:\/\/www.velvet-lab.com\/\" target=\"_blank\" rel=\"noopener nofollow external\" data-wpel-link=\"external\"><strong>studio Velvet<\/strong><\/a> ha immaginato il rifugio di un amante del <a href=\"https:\/\/living.corriere.it\/case\/villa-mare-warm-minimalism-e-tonalita-sabbia-studio-nomade\/\" target=\"_blank\" rel=\"noopener nofollow\" data-wpel-link=\"internal\">mare<\/a>: \u00abEra una piccola casa di villeggiatura, volevamo sembrasse una cambusa. Si trova all\u2019interno di un residence a <strong>Costa Serena<\/strong>, davanti all\u2019Isola dei Gabbiani, nord della Sardegna\u00bb, racconta il fondatore e art director <strong>Gianluca Bocchetta<\/strong> insieme alla sua compagna <strong>Rossella Castagnotto<\/strong>, designer e project manager di <a href=\"https:\/\/www.velvet-lab.com\/\" target=\"_blank\" rel=\"noopener nofollow external\" data-wpel-link=\"external\">Velvet<\/a>, realt\u00e0 creativa con sede a <a href=\"https:\/\/living.corriere.it\/case\/new-classic\/ristrutturazione-elegante-di-un-appartamento-storico-a-torino\/\" target=\"_blank\" rel=\"noopener nofollow\" data-wpel-link=\"internal\">Torino<\/a> che oggi conta venti collaboratori. Lo stesso proprietario del pied-\u00e0-terre arriva dalla citt\u00e0 della Mole. Imprenditore e amante degli sport acquatici, appena pu\u00f2 raggiunge l\u2019isola per fare kitesurf o concedersi qualche uscita in catamarano, anche d\u2019<a href=\"https:\/\/living.corriere.it\/arredamento\/decorazione\/card\/luce-e-colori-con-le-tendenze-di-arredo-di-dicembre-2025\/\" target=\"_blank\" rel=\"noopener nofollow\" data-wpel-link=\"internal\">inverno<\/a>.<\/p>\n<p><img decoding=\"async\" class=\"wp-image-696059 size-full lazyload ewww_webp_lazy_load\" alt=\"cucina sui toni del beige, lampadario rotondo bianco, pensili in acciaio e tavolo a sbalzo\" width=\"1500\" height=\"2171\" src=\"https:\/\/www.europesays.com\/it\/wp-content\/uploads\/2025\/12\/Casa-Porto-Pollo-04.jpg\" loading=\"lazy\"  data- src-webp=\"https:\/\/static2-living.corriereobjects.it\/wp-content\/uploads\/2025\/12\/Casa-Porto-Pollo-04.jpg.webp?v=1764604371\" srcset-webp=\"https:\/\/static2-living.corriereobjects.it\/wp-content\/uploads\/2025\/12\/Casa-Porto-Pollo-04.jpg.webp?v=1764604371 1500w, https:\/\/static2-living.corriereobjects.it\/wp-content\/uploads\/2025\/12\/Casa-Porto-Pollo-04-207x300.jpg.webp?v=1764604373 207w, https:\/\/static2-living.corriereobjects.it\/wp-content\/uploads\/2025\/12\/Casa-Porto-Pollo-04-708x1024.jpg.webp?v=1764604374 708w, https:\/\/static2-living.corriereobjects.it\/wp-content\/uploads\/2025\/12\/Casa-Porto-Pollo-04-768x1112.jpg.webp?v=1764604374 768w, https:\/\/static2-living.corriereobjects.it\/wp-content\/uploads\/2025\/12\/Casa-Porto-Pollo-04-1061x1536.jpg.webp?v=1764604375 1061w, https:\/\/static2-living.corriereobjects.it\/wp-content\/uploads\/2025\/12\/Casa-Porto-Pollo-04-1415x2048.jpg.webp?v=1764604376 1415w\"\/>La scala integrata alla cucina che conduce alla zona notte<\/p>\n<p>Il suo <strong>monolocale di trentacinque metri quadrati<\/strong> unisce estetica, funzionalit\u00e0 e modernit\u00e0 come una machine \u00e0 habiter di Le Corbusier in formato pocket. \u00abSicuramente le dimensioni contenute della casa sono state un limite ma anche uno stimolo. La sfida era riuscire a farci stare tutto senza rinunciare a nulla\u00bb, sottolineano.\n<\/p>\n<p><img decoding=\"async\" class=\"wp-image-696061 size-full lazyload ewww_webp_lazy_load\" alt=\"camera da letto con pareti bige, lenzuola bianche, mobili lilla e beige, quadri e vasi bianchi\" width=\"1500\" height=\"1000\" src=\"https:\/\/www.europesays.com\/it\/wp-content\/uploads\/2025\/12\/Casa-Porto-Pollo-06.jpg\" loading=\"lazy\"  data- src-webp=\"https:\/\/static2-living.corriereobjects.it\/wp-content\/uploads\/2025\/12\/Casa-Porto-Pollo-06.jpg.webp?v=1764604393\" srcset-webp=\"https:\/\/static2-living.corriereobjects.it\/wp-content\/uploads\/2025\/12\/Casa-Porto-Pollo-06.jpg.webp?v=1764604393 1500w, https:\/\/static2-living.corriereobjects.it\/wp-content\/uploads\/2025\/12\/Casa-Porto-Pollo-06-300x200.jpg.webp?v=1764604394 300w, https:\/\/static2-living.corriereobjects.it\/wp-content\/uploads\/2025\/12\/Casa-Porto-Pollo-06-1024x683.jpg.webp?v=1764604394 1024w, https:\/\/static2-living.corriereobjects.it\/wp-content\/uploads\/2025\/12\/Casa-Porto-Pollo-06-768x512.jpg.webp?v=1764604395 768w\"\/>La camera da letto<\/p>\n<p>L\u2019accesso avviene attraverso un <strong><a href=\"https:\/\/living.corriere.it\/architettura\/card\/giardini-contemporanei-piu-belli-libro-phaidon\/\" target=\"_blank\" rel=\"noopener nofollow\" data-wpel-link=\"internal\">giardino<\/a> con pergola<\/strong> in cannicciato e una grande <strong><a href=\"https:\/\/living.corriere.it\/arredamento\/finiture\/oknoplast-soluzioni-vetrate-native-adv\/\" target=\"_blank\" rel=\"noopener nofollow\" data-wpel-link=\"internal\">vetrata<\/a> a due battenti<\/strong> che funge da ingresso. Dentro, il concept lo suggerisce il paesaggio. Il <strong>legno<\/strong>, l\u2019<strong>acciaio<\/strong> e il <strong>metallo zincato<\/strong> richiamano i materiali tipici del settore nautico; le <strong>superfici riflettenti<\/strong> rimandano al luccichio del <a href=\"https:\/\/living.corriere.it\/case\/casa-27-mq-nizza-stile-mediterraneo\/\" target=\"_blank\" rel=\"noopener nofollow\" data-wpel-link=\"internal\">Mediterraneo<\/a>, mentre i <a href=\"https:\/\/living.corriere.it\/arredamento\/decorazione\/card\/i-colori-degli-ultimi-dieci-anni-secondo-pantone\/\" target=\"_blank\" rel=\"noopener nofollow\" data-wpel-link=\"internal\">colori<\/a> evocano le dune della Gallura, con i <a href=\"https:\/\/living.corriere.it\/catalogo\/rivestimenti-e-pavimenti\" target=\"_blank\" rel=\"noopener nofollow\" data-wpel-link=\"internal\">pavimenti<\/a> e le pareti che sembrano ricoperti di sabbia soffiata dal maestrale.<\/p>\n<p><img decoding=\"async\" class=\"wp-image-696292 size-full lazyload ewww_webp_lazy_load\" alt=\"camera da letto con pareti bige, lenzuola bianche, mobili lilla e beige, quadri e vasi bianchi, piccolo balcone\" width=\"1500\" height=\"2250\" src=\"https:\/\/www.europesays.com\/it\/wp-content\/uploads\/2025\/12\/Casa-Porto-Pollo-12.jpg\" loading=\"lazy\"  data- srcset-webp=\"https:\/\/www.europesays.com\/it\/wp-content\/uploads\/2025\/12\/Casa-Porto-Pollo-12.jpg 1500w, https:\/\/static2-living.corriereobjects.it\/wp-content\/uploads\/2025\/12\/Casa-Porto-Pollo-12-200x300.jpg.webp?v=1764758034 200w, https:\/\/static2-living.corriereobjects.it\/wp-content\/uploads\/2025\/12\/Casa-Porto-Pollo-12-683x1024.jpg.webp?v=1764758034 683w, https:\/\/static2-living.corriereobjects.it\/wp-content\/uploads\/2025\/12\/Casa-Porto-Pollo-12-768x1152.jpg.webp?v=1764758035 768w, https:\/\/static2-living.corriereobjects.it\/wp-content\/uploads\/2025\/12\/Casa-Porto-Pollo-12-1024x1536.jpg.webp?v=1764758036 1024w, https:\/\/static2-living.corriereobjects.it\/wp-content\/uploads\/2025\/12\/Casa-Porto-Pollo-12-1365x2048.jpg.webp?v=1764758037 1365w\"\/>La camera da letto<\/p>\n<p>Le <strong>suggestioni dello spirito dell\u2019isola <\/strong>sono continue: la lampada a sfera diventa ora sole, ora luna piena, e lo <a href=\"https:\/\/living.corriere.it\/arredamento\/complementi\/card\/lo-specchio-grande-sulle-pareti-di-casa-e-una-cornice-dinamica\/\" target=\"_blank\" rel=\"noopener nofollow\" data-wpel-link=\"internal\">specchio<\/a> appare come una crepa nella roccia: \u00abGli <strong>arredi <\/strong>sono <strong>su misura<\/strong>, fatti realizzare da una <strong>falegnameria di Torino<\/strong>. Soltanto alcuni complementi sono stati acquistati sul posto\u00bb. Altri pezzi come le <a href=\"https:\/\/living.corriere.it\/catalogo\/rivestimenti-e-pavimenti\/ceramiche\" target=\"_blank\" rel=\"noopener nofollow\" data-wpel-link=\"internal\"><strong>ceramiche<\/strong><\/a> o le <strong>ceste di giunco e rafia<\/strong>, simbolo della tradizione sarda, sono di <strong>Mustras<\/strong>, una rete di artisti e designer che lavorano in sinergia con gli artigiani locali.<\/p>\n<p><img decoding=\"async\" class=\"wp-image-696293 size-full lazyload ewww_webp_lazy_load\" alt=\"Bagno sui toni del beige, specchio quadrato, lavabo rotondo\" width=\"1500\" height=\"2250\" src=\"https:\/\/www.europesays.com\/it\/wp-content\/uploads\/2025\/12\/Casa-Porto-Pollo-07.jpg\" loading=\"lazy\"  data- src-webp=\"https:\/\/static2-living.corriereobjects.it\/wp-content\/uploads\/2025\/12\/Casa-Porto-Pollo-07.jpg.webp?v=1764758298\" srcset-webp=\"https:\/\/static2-living.corriereobjects.it\/wp-content\/uploads\/2025\/12\/Casa-Porto-Pollo-07.jpg.webp?v=1764758298 1500w, https:\/\/static2-living.corriereobjects.it\/wp-content\/uploads\/2025\/12\/Casa-Porto-Pollo-07-200x300.jpg.webp?v=1764758301 200w, https:\/\/static2-living.corriereobjects.it\/wp-content\/uploads\/2025\/12\/Casa-Porto-Pollo-07-683x1024.jpg.webp?v=1764758301 683w, https:\/\/static2-living.corriereobjects.it\/wp-content\/uploads\/2025\/12\/Casa-Porto-Pollo-07-768x1152.jpg.webp?v=1764758301 768w, https:\/\/static2-living.corriereobjects.it\/wp-content\/uploads\/2025\/12\/Casa-Porto-Pollo-07-1024x1536.jpg.webp?v=1764758302 1024w, https:\/\/static2-living.corriereobjects.it\/wp-content\/uploads\/2025\/12\/Casa-Porto-Pollo-07-1365x2048.jpg.webp?v=1764758303 1365w\"\/>Il piccolo bagno<\/p>\n<p>L\u2019ambiente \u00e8 pensato come quello di una barca, piccolo ma ben studiato, con <strong>elementi salvaspazio<\/strong>. Niente \u00e8 lasciato a vista, se non un\u2019unica appenderia per i teli e i costumi da bagno. La cucina \u2018di bordo\u2019 combina forme e funzioni in un unico sistema a incastro con tavolo da pranzo e una scala-contenitore che conduce al <a href=\"https:\/\/living.corriere.it\/arredamento\/notte\/gallery\/il-letto-sul-soppalco-foto\/?intcmp=galleryarticolo\" target=\"_blank\" rel=\"noopener nofollow\" data-wpel-link=\"internal\">letto soppalcato<\/a> per gli ospiti. Il <a href=\"https:\/\/living.corriere.it\/arredamento\/bagno\/\" target=\"_blank\" rel=\"noopener nofollow\" data-wpel-link=\"internal\">bagno<\/a> si confonde con la parete, dietro una porta che sembra scomparire nell\u2019intonaco grezzo. Mentre una tenda scura nasconde la zona notte.<\/p>\n<p><img decoding=\"async\" class=\"wp-image-696060 size-full lazyload ewww_webp_lazy_load\" alt=\"Corridoio con pareti beige e uno specchio a parete\" width=\"1500\" height=\"2250\" src=\"https:\/\/www.europesays.com\/it\/wp-content\/uploads\/2025\/12\/Casa-Porto-Pollo-05.jpg\" loading=\"lazy\"  data- srcset-webp=\"https:\/\/www.europesays.com\/it\/wp-content\/uploads\/2025\/12\/Casa-Porto-Pollo-05.jpg 1500w, https:\/\/static2-living.corriereobjects.it\/wp-content\/uploads\/2025\/12\/Casa-Porto-Pollo-05-200x300.jpg.webp?v=1764604384 200w, https:\/\/static2-living.corriereobjects.it\/wp-content\/uploads\/2025\/12\/Casa-Porto-Pollo-05-683x1024.jpg.webp?v=1764604384 683w, https:\/\/static2-living.corriereobjects.it\/wp-content\/uploads\/2025\/12\/Casa-Porto-Pollo-05-768x1152.jpg.webp?v=1764604385 768w, https:\/\/static2-living.corriereobjects.it\/wp-content\/uploads\/2025\/12\/Casa-Porto-Pollo-05-1024x1536.jpg.webp?v=1764604386 1024w, https:\/\/static2-living.corriereobjects.it\/wp-content\/uploads\/2025\/12\/Casa-Porto-Pollo-05-1365x2048.jpg.webp?v=1764604387 1365w\"\/>In corridoio, lo specchio su disegno<\/p>\n<p>Velvet aveva gi\u00e0 lavorato in Sardegna, a <strong>Cagliari<\/strong>, e firmato numerosi interventi sul mare, dalla <a href=\"https:\/\/living.corriere.it\/indirizzi\/design-tour\/destinazione-mare-la-liguria-tra-mostre-festival-e-produzione-culturale\/\" target=\"_blank\" rel=\"noopener nofollow\" data-wpel-link=\"internal\"><strong>Liguria<\/strong><\/a> alla <a href=\"https:\/\/living.corriere.it\/arredamento\/outdoor\/zuma-cannes-ke-tende-da-sole-native-adv\/\" target=\"_blank\" rel=\"noopener nofollow\" data-wpel-link=\"internal\"><strong>Costa Azzurra<\/strong><\/a>, fino a <strong>Miami<\/strong>, oltreoceano. Muoversi in un paesaggio incontaminato come quello di Portu Puddu \u00e8 stato diverso. \u00abL\u2019incarico ci \u00e8 stato affidato nel 2023 e <strong>tra progettazione e realizzazione sono serviti pi\u00f9 o meno nove mesi<\/strong>. Abbiamo avuto carta bianca e ci siamo divertiti, ma non sono mancati gli imprevisti. E non parliamo di intoppi burocratici o di vincoli paesaggistici\u00bb. A creare problemi, rallentamenti e parecchi danni sono stati i cinghiali, entrati da un varco aperto nella recinzione per consentire il passaggio dei materiali di cantiere: \u00abUn incubo. Abbiamo speso migliaia di euro per sistemare le cose. Per fortuna <strong>questo posto \u00e8 magico<\/strong> e, tra i sorrisi della gente e la musica del chiringuito che si dissolve nel vento, ogni problema svanisce\u00bb.<\/p>\n<p><img decoding=\"async\" class=\"wp-image-696290 size-full lazyload ewww_webp_lazy_load\" alt=\"piccolo patio con pergola in cannicciato, pareti marroncine, tappeto in lana, appeso al muro una cesta di giunco e rafia, tavolo di legno con due vasi bianchi e tende bianche\" width=\"1500\" height=\"1000\" src=\"https:\/\/www.europesays.com\/it\/wp-content\/uploads\/2025\/12\/Casa-Porto-Pollo-08.jpg\" loading=\"lazy\"  data- src-webp=\"https:\/\/static2-living.corriereobjects.it\/wp-content\/uploads\/2025\/12\/Casa-Porto-Pollo-08.jpg.webp?v=1764757410\" srcset-webp=\"https:\/\/static2-living.corriereobjects.it\/wp-content\/uploads\/2025\/12\/Casa-Porto-Pollo-08.jpg.webp?v=1764757410 1500w, https:\/\/static2-living.corriereobjects.it\/wp-content\/uploads\/2025\/12\/Casa-Porto-Pollo-08-300x200.jpg.webp?v=1764757411 300w, https:\/\/static2-living.corriereobjects.it\/wp-content\/uploads\/2025\/12\/Casa-Porto-Pollo-08-1024x683.jpg.webp?v=1764757411 1024w, https:\/\/static2-living.corriereobjects.it\/wp-content\/uploads\/2025\/12\/Casa-Porto-Pollo-08-768x512.jpg.webp?v=1764757411 768w\"\/>Il piccolo patio all\u2019ingresso della casa<\/p>\n<p>Living \u00a9RIPRODUZIONE RISERVATA<\/p>\n<p>&#13;<br \/>\n\t\t\t\t\t\t\t<strong>La newsletter di Living<\/strong>: stili e tendenze per la tua casa&#13;\n\t\t\t\t\t\t<\/p>\n","protected":false},"excerpt":{"rendered":"La cucina su disegno A Porto Pollo il vento soffia forte. L\u2019ideale per chi vuole cavalcare le onde&hellip;\n","protected":false},"author":3,"featured_media":262077,"comment_status":"","ping_status":"","sticky":false,"template":"","format":"standard","meta":{"footnotes":"","_share_on_mastodon":"0"},"categories":[1446],"tags":[11998,153920,153921,1615,1613,1614,1611,1610,1240,153922,817,46642,47007,6985,5221,1612,10990,203,21706,26530,44842,204,10714,1537,90,89,153923,3599,2050,153924,153925,4951,3203,52404,4476,5540,7900,153926,153927,7386,15800,2755,153928,4151,3954,13552,153929,153930,17032,2128,153931,1641,153919,443,33128],"class_list":["post-262076","post","type-post","status-publish","format-standard","has-post-thumbnail","category-arte-e-design","tag-amante","tag-amante-mare","tag-amante-mare-piccola","tag-arte","tag-arte-e-design","tag-arteedesign","tag-arts","tag-arts-and-design","tag-bagno","tag-cambusa","tag-camera","tag-camera-letto","tag-conduce","tag-costa","tag-cucina","tag-design","tag-designer","tag-entertainment","tag-estetica","tag-funzionalita","tag-gallura","tag-intrattenimento","tag-isola","tag-it","tag-italia","tag-italy","tag-kitesurf","tag-letto","tag-mare","tag-mare-piccola","tag-mare-piccola-villeggiatura","tag-materiali","tag-metri","tag-metri-quadrati","tag-notte","tag-paesaggio","tag-piccola","tag-piccola-villeggiatura","tag-piccola-villeggiatura-volevamo","tag-piccolo","tag-pollo","tag-porto","tag-porto-pollo","tag-quadrati","tag-sardegna","tag-scala","tag-sembrasse","tag-sembrasse-cambusa","tag-specchio","tag-studio","tag-studio-velvet","tag-torino","tag-velvet","tag-vento","tag-villeggiatura"],"share_on_mastodon":{"url":"","error":"Validation failed: Text character limit of 500 exceeded"},"_links":{"self":[{"href":"https:\/\/www.europesays.com\/it\/wp-json\/wp\/v2\/posts\/262076","targetHints":{"allow":["GET"]}}],"collection":[{"href":"https:\/\/www.europesays.com\/it\/wp-json\/wp\/v2\/posts"}],"about":[{"href":"https:\/\/www.europesays.com\/it\/wp-json\/wp\/v2\/types\/post"}],"author":[{"embeddable":true,"href":"https:\/\/www.europesays.com\/it\/wp-json\/wp\/v2\/users\/3"}],"replies":[{"embeddable":true,"href":"https:\/\/www.europesays.com\/it\/wp-json\/wp\/v2\/comments?post=262076"}],"version-history":[{"count":0,"href":"https:\/\/www.europesays.com\/it\/wp-json\/wp\/v2\/posts\/262076\/revisions"}],"wp:featuredmedia":[{"embeddable":true,"href":"https:\/\/www.europesays.com\/it\/wp-json\/wp\/v2\/media\/262077"}],"wp:attachment":[{"href":"https:\/\/www.europesays.com\/it\/wp-json\/wp\/v2\/media?parent=262076"}],"wp:term":[{"taxonomy":"category","embeddable":true,"href":"https:\/\/www.europesays.com\/it\/wp-json\/wp\/v2\/categories?post=262076"},{"taxonomy":"post_tag","embeddable":true,"href":"https:\/\/www.europesays.com\/it\/wp-json\/wp\/v2\/tags?post=262076"}],"curies":[{"name":"wp","href":"https:\/\/api.w.org\/{rel}","templated":true}]}}