{"id":262096,"date":"2025-12-15T16:41:13","date_gmt":"2025-12-15T16:41:13","guid":{"rendered":"https:\/\/www.europesays.com\/it\/262096\/"},"modified":"2025-12-15T16:41:13","modified_gmt":"2025-12-15T16:41:13","slug":"cosa-ce-dentro-metropolitano-il-nuovo-urban-center-di-roma","status":"publish","type":"post","link":"https:\/\/www.europesays.com\/it\/262096\/","title":{"rendered":"Cosa c&#8217;\u00e8 dentro &#8220;Metropolitano&#8221;, il nuovo urban center di Roma"},"content":{"rendered":"<p>Roma ci riprova. <a href=\"https:\/\/www.romatoday.it\/zone\/montesacro\/urban-center-montesacro.html\" rel=\"nofollow noopener\" target=\"_blank\">Dopo quello di Piazza Sempione<\/a> &#8211; istituito nel 2018, con l\u2019obiettivo di rendere accessibili ai romani i progetti sul territorio &#8211; apre \u201cMetropolitano\u201d, il nuovo urban center della Capitale.<\/p>\n<p>Il locale, di quattro piani, si trova al numero 34 di viale Manzoni, in una parte riqualificata dell&#8217;edificio (risalente agli anni &#8217;20) che ospita l&#8217;Istituto Scolastico tecnico industriale Galileo Galilei. \u00c8 frutto di un investimento di Roma Capitale dal valore di 1,2 milioni di euro, iniziato durante la giunta Zingaretti e proseguito durante la sindacatura di Roberto Gualtieri.\u00a0<\/p>\n<p>\u201cMetropolitano\u201d ha l&#8217;obiettivo di informare e coinvolgere i cittadini nella pianificazione urbana, nelle politiche pubbliche e sui grandi progetti di trasformazione in corso nella Capitale e nei 120 comuni del suo territorio metropolitano. \u00a0Al suo interno ospita spazi polivalenti: aule meeting, laboratori, uffici, un&#8217;aula studio da venti posti, uno spazio per mostre permanenti e temporanee, degli spazi multimediali interattivi e immersivi.<\/p>\n<p>\u00c8 stato allestito sulla base del progetto vincitore del concorso di idee sviluppato in collaborazione con l\u2019Ordine egli Architetti di Roma e provincia e con la Soprintendenza Speciale Archeologia, Belle Arti e Paesaggio di Roma. Sar\u00e0 aperto dal marted\u00ec alla domenica, dalle 10 alle 19 con ingresso libero e ospiter\u00e0 eventi, forum, conferenze, meeting, presentazioni, laboratori e corsi.\u00a0<\/p>\n<p>Al suo interno sar\u00e0 possibile accedere al giardino e alle 20 postazioni dell\u2019aula studio, consultare i 500 volumi a disposizione, organizzare o partecipare a gruppi di co-progettazione e scoprire le trasformazioni urbanistiche di Roma e della Citt\u00e0 Metropolitana attraverso device multimediali e video immersivi.\u00a0<\/p>\n<p>Particolare attenzione \u00e8 stata rivolta ai pi\u00f9 piccoli e ai ragazzi: oltre a un\u2019aula dedicata ad attivit\u00e0 didattiche e ludico-ricreative, sono gi\u00e0 in programma (a partire da gennaio 2026) alcuni laboratori destinati alle scuole dell\u2019infanzia, scuole primarie e scuole secondarie di primo e secondo grado. Sono previsti, inoltre, laboratori per famiglie e per adulti.<\/p>\n","protected":false},"excerpt":{"rendered":"Roma ci riprova. Dopo quello di Piazza Sempione &#8211; istituito nel 2018, con l\u2019obiettivo di rendere accessibili ai&hellip;\n","protected":false},"author":3,"featured_media":262097,"comment_status":"","ping_status":"","sticky":false,"template":"","format":"standard","meta":{"footnotes":""},"categories":[79],"tags":[2670,153972,14,93,94,1537,90,89,7,15,21301,11,84,91,12,85,92,153971],"class_list":{"0":"post-262096","1":"post","2":"type-post","3":"status-publish","4":"format-standard","5":"has-post-thumbnail","7":"category-italia","8":"tag-architettura","9":"tag-aula-studio","10":"tag-cronaca","11":"tag-cronaca-italiana","12":"tag-cronacaitaliana","13":"tag-it","14":"tag-italia","15":"tag-italy","16":"tag-news","17":"tag-notizie","18":"tag-spazi","19":"tag-ultime-notizie","20":"tag-ultime-notizie-e-news-di-oggi","21":"tag-ultime-notizie-italia","22":"tag-ultimenotizie","23":"tag-ultimenotizieenewsdioggi","24":"tag-ultimenotizieitalia","25":"tag-urban-center"},"share_on_mastodon":{"url":"https:\/\/pubeurope.com\/@it\/115724582816722129","error":""},"_links":{"self":[{"href":"https:\/\/www.europesays.com\/it\/wp-json\/wp\/v2\/posts\/262096","targetHints":{"allow":["GET"]}}],"collection":[{"href":"https:\/\/www.europesays.com\/it\/wp-json\/wp\/v2\/posts"}],"about":[{"href":"https:\/\/www.europesays.com\/it\/wp-json\/wp\/v2\/types\/post"}],"author":[{"embeddable":true,"href":"https:\/\/www.europesays.com\/it\/wp-json\/wp\/v2\/users\/3"}],"replies":[{"embeddable":true,"href":"https:\/\/www.europesays.com\/it\/wp-json\/wp\/v2\/comments?post=262096"}],"version-history":[{"count":0,"href":"https:\/\/www.europesays.com\/it\/wp-json\/wp\/v2\/posts\/262096\/revisions"}],"wp:featuredmedia":[{"embeddable":true,"href":"https:\/\/www.europesays.com\/it\/wp-json\/wp\/v2\/media\/262097"}],"wp:attachment":[{"href":"https:\/\/www.europesays.com\/it\/wp-json\/wp\/v2\/media?parent=262096"}],"wp:term":[{"taxonomy":"category","embeddable":true,"href":"https:\/\/www.europesays.com\/it\/wp-json\/wp\/v2\/categories?post=262096"},{"taxonomy":"post_tag","embeddable":true,"href":"https:\/\/www.europesays.com\/it\/wp-json\/wp\/v2\/tags?post=262096"}],"curies":[{"name":"wp","href":"https:\/\/api.w.org\/{rel}","templated":true}]}}