{"id":262150,"date":"2025-12-15T17:28:12","date_gmt":"2025-12-15T17:28:12","guid":{"rendered":"https:\/\/www.europesays.com\/it\/262150\/"},"modified":"2025-12-15T17:28:12","modified_gmt":"2025-12-15T17:28:12","slug":"jim-carrey-voleva-lasciare-il-grinch-aveva-continui-attacchi-di-panico-gli-fu-assegnato-un-esperto-di-torture-della-cia","status":"publish","type":"post","link":"https:\/\/www.europesays.com\/it\/262150\/","title":{"rendered":"Jim Carrey voleva lasciare Il Grinch: \u00abAveva continui attacchi di panico, gli fu assegnato un esperto di torture della CIA\u00bb"},"content":{"rendered":"<p class=\"has-dropcap\">A venticinque anni dall\u2019uscita di <a href=\"https:\/\/www.vanityfair.it\/gallery\/25-film-di-natale-piu-belli-di-sempre-streaming-netflix-prime-video-sky\" rel=\"nofollow noopener\" target=\"_blank\"><strong>Il Grinch<\/strong><\/a>, il film che nel 2000 trasform\u00f2 <a href=\"https:\/\/www.vanityfair.it\/article\/jim-carrey-addio-al-cinema\" rel=\"nofollow noopener\" target=\"_blank\"><strong>Jim Carrey<\/strong><\/a> in una creatura verde e pelosa destinata a entrare nell\u2019immaginario cinematografico natalizio, emergono nuovi dettagli su quanto quella trasformazione sia stata, per l\u2019attore, un\u2019esperienza ai limiti della sopportazione. A raccontarli \u00e8 lo stesso Carrey, insieme al regista <a href=\"https:\/\/www.vanityfair.it\/article\/ron-howard-trump-torino-film-festival\" rel=\"nofollow noopener\" target=\"_blank\"><strong>Ron Howard<\/strong><\/a>, al produttore Brian Grazer e al leggendario make-up artist Rick Baker, in un lungo articolo pubblicato da Variety per celebrare l\u2019anniversario del film.<\/p>\n<p>Il risultato, al botteghino, fu trionfale: Il Grinch incass\u00f2 <strong>346 milioni di dollari<\/strong> in tutto il mondo, diventando il film di maggior successo del 2000 negli Stati Uniti. Dietro le quinte, per\u00f2, il percorso fu tutt\u2019altro che festoso. Carrey ha pi\u00f9 volte parlato in passato di quanto fosse <strong>\u00abatroce\u00bb<\/strong> recitare sotto strati di <strong>trucco e protesi<\/strong>, ma ora aggiunge dettagli che rendono l\u2019esperienza ancora pi\u00f9 estrema.<\/p>\n<p><strong>Rick Baker<\/strong>, il leggendario maestro degli effetti speciali di trucco, racconta che inizialmente lo studio aveva proposto una soluzione molto pi\u00f9 semplice. \u00abLo studio disse: \u201cStiamo pagando Jim 20 milioni di dollari e vogliamo vederlo. Dipingetelo solo di verde\u201d\u00bb, ricorda Baker. \u00abMa non \u00e8 Come il verde Jim Carrey rub\u00f2 il Natale. \u00c8 Il Grinch ruba il Natale. Doveva sembrare un personaggio fantasy\u00bb.<\/p>\n<p>Per convincere la produzione, Baker mise in atto una strategia inusuale, coinvolgendo uno dei pi\u00f9 influenti siti di cinema dell\u2019epoca. \u00abAll\u2019epoca c\u2019era un sito molto popolare, Ain\u2019t It Cool News, e il tizio che lo gestiva era un fan del mio lavoro. L\u2019ho contattato e gli ho detto: \u201cSenti, la Universal vuole dipingere Jim Carrey di verde. Penso sia un errore enorme. Ho fatto un test su me stesso di come dovrebbe apparire. Puoi dire in qualche modo che hai visto questo test e che la Universal sta facendo un errore colossale e non sa di cosa sta parlando?\u201d\u00bb. La reazione del pubblico fu immediata. \u00abLe risposte furono scandalizzate: \u201cChe diavolo c\u2019\u00e8 che non va in queste persone alla Universal? Non voglio vedere Jim Carrey verde, voglio vedere il Grinch!\u201d. Cos\u00ec alla fine cedettero\u00bb.<\/p>\n<p>Carrey, dal canto suo, insistette per sottoporsi a una <strong>trasformazione completa<\/strong>, pagando per\u00f2 un prezzo altissimo. \u00abQuando si tratt\u00f2 di disegnare davvero il Grinch perch\u00e9 assomigliasse al Grinch, dovettero mettere la punta del mio naso sopra il ponte del naso del Grinch\u00bb, spiega l\u2019attore. \u00abTutto il resto era coperto e non potevo respirare dal naso. Ebbero grossi problemi a fare dei fori nella maschera che mi permettessero di respirare, cos\u00ec alla fine respiravo sempre con la bocca per tutto il film\u00bb.<\/p>\n<p>E non era tutto. \u00abLa <strong>tuta<\/strong> era fatta di un <strong>pelo di yak incredibilmente pruriginoso<\/strong> che mi faceva impazzire tutto il giorno. Avevo dita lunghe venticinque centimetri, quindi non potevo grattarmi o toccarmi la faccia o fare nulla. Avevo denti intorno ai quali dovevo imparare a parlare, e lenti a contatto totali che coprivano l\u2019intero bulbo oculare, e potevo vedere solo un piccolo tunnel davanti a me\u00bb.<\/p>\n","protected":false},"excerpt":{"rendered":"A venticinque anni dall\u2019uscita di Il Grinch, il film che nel 2000 trasform\u00f2 Jim Carrey in una creatura&hellip;\n","protected":false},"author":3,"featured_media":262151,"comment_status":"","ping_status":"","sticky":false,"template":"","format":"standard","meta":{"footnotes":""},"categories":[1442],"tags":[203,454,204,1537,90,89,38932,1521],"class_list":{"0":"post-262150","1":"post","2":"type-post","3":"status-publish","4":"format-standard","5":"has-post-thumbnail","7":"category-film","8":"tag-entertainment","9":"tag-film","10":"tag-intrattenimento","11":"tag-it","12":"tag-italia","13":"tag-italy","14":"tag-jim-carrey","15":"tag-movies"},"share_on_mastodon":{"url":"https:\/\/pubeurope.com\/@it\/115724766701720623","error":""},"_links":{"self":[{"href":"https:\/\/www.europesays.com\/it\/wp-json\/wp\/v2\/posts\/262150","targetHints":{"allow":["GET"]}}],"collection":[{"href":"https:\/\/www.europesays.com\/it\/wp-json\/wp\/v2\/posts"}],"about":[{"href":"https:\/\/www.europesays.com\/it\/wp-json\/wp\/v2\/types\/post"}],"author":[{"embeddable":true,"href":"https:\/\/www.europesays.com\/it\/wp-json\/wp\/v2\/users\/3"}],"replies":[{"embeddable":true,"href":"https:\/\/www.europesays.com\/it\/wp-json\/wp\/v2\/comments?post=262150"}],"version-history":[{"count":0,"href":"https:\/\/www.europesays.com\/it\/wp-json\/wp\/v2\/posts\/262150\/revisions"}],"wp:featuredmedia":[{"embeddable":true,"href":"https:\/\/www.europesays.com\/it\/wp-json\/wp\/v2\/media\/262151"}],"wp:attachment":[{"href":"https:\/\/www.europesays.com\/it\/wp-json\/wp\/v2\/media?parent=262150"}],"wp:term":[{"taxonomy":"category","embeddable":true,"href":"https:\/\/www.europesays.com\/it\/wp-json\/wp\/v2\/categories?post=262150"},{"taxonomy":"post_tag","embeddable":true,"href":"https:\/\/www.europesays.com\/it\/wp-json\/wp\/v2\/tags?post=262150"}],"curies":[{"name":"wp","href":"https:\/\/api.w.org\/{rel}","templated":true}]}}