{"id":262206,"date":"2025-12-15T18:21:40","date_gmt":"2025-12-15T18:21:40","guid":{"rendered":"https:\/\/www.europesays.com\/it\/262206\/"},"modified":"2025-12-15T18:21:40","modified_gmt":"2025-12-15T18:21:40","slug":"su-netflix-ce-una-nuova-miniserie-crime-psicologico-da-iniziare-a-vedere-stasera","status":"publish","type":"post","link":"https:\/\/www.europesays.com\/it\/262206\/","title":{"rendered":"Su Netflix c&#8217;\u00e8 una nuova miniserie, crime psicologico, da iniziare a vedere stasera"},"content":{"rendered":"<p>Ci sono citt\u00e0 che di notte cambiano volto. Le luci si abbassano, i rumori si fanno pi\u00f9 lontani e ci\u00f2 che resta \u00e8 un senso di inquietudine sottile, come se ogni strada custodisse qualcosa che non vuole essere ricordato.<\/p>\n<p>E\u2019 questa la suggestione che preannuncia la visione di una <strong>miniserie spagnola<\/strong> su <strong><a href=\"https:\/\/www.agendaonline.it\/tag\/netflix\/\" rel=\"nofollow noopener\" target=\"_blank\">Netflix<\/a><\/strong> che non potrai farti scappare se ami il filone del <strong>crime psicologico europeo con vene thriller<\/strong>. Si tratta di una produzione nuovissima, approdata sullo streaming il <strong>12 dicembre 2025<\/strong>, distinguendosi per atmosfera, profondit\u00e0 narrativa e un forte senso di identit\u00e0 visiva. Non a caso \u00e8 stata anche accolta benissimo dal pubblico, con critiche per lo pi\u00f9 positive e gradimenti che su <strong>Google<\/strong> si attestano su un ottimo 92%.<\/p>\n<p>Il suo titolo \u00e8 \u201c<strong>Citt\u00e0 delle Ombre<\/strong>\u201d (\u201cCiudad de Sombras\u201d nella versione originale), adattamento per il piccolo schermo del primo romanzo della tetralogia dedicata all\u2019ispettore Milo Malart, firmata dallo scrittore barcellonese <strong>Aro S\u00e1inz de la Maza<\/strong>.<\/p>\n<p>Essa rappresenta anche l\u2019ultima interpretazione della compianta <strong>Veronica Echegui<\/strong>, venuta a mancare nell\u2019estate 2025, che nella serie d\u00e0 volto e corpo alla vice ispettrice Rebeca Garrido. Diretta da <strong>Jorge Torregrossa<\/strong> e scritta insieme a <strong>Carlos L\u00f3pez<\/strong> e <strong>Clara Esparrach<\/strong>, non \u00e8 una storia che cerca il clamore, ma si insinua lentamente, costruendo in te un forte livello di tensione.<\/p>\n<p>La trama \u00e8 ambientata a Barcellona, dove prende forma una vicenda investigativa piena di interrogativi. La citt\u00e0 viene scossa da un\u2019immagine che annulla ogni confine tra bellezza e atrocit\u00e0: un corpo carbonizzato appare appeso alla facciata di Casa Mil\u00e0, l\u2019iconica opera di Gaud\u00ed.<\/p>\n<p>Da questo episodio scioccante prende forma la narrazione, che segna il rientro forzato in servizio dell\u2019ispettore Milo Malart (interpretato da <strong>Isak F\u00e9rriz<\/strong>), allontanato dai Mossos d\u2019Esquadra per ripetuti atti di insubordinazione.<\/p>\n<p>Accanto a lui opera Rebeca Garrido, vice ispettrice rigorosa e analitica, costretta a collaborare con un collega irrequieto e disilluso, che ha da tempo smesso di affidarsi alle regole. Quella che all\u2019inizio sembra un\u2019azione isolata, quasi rituale, si rivela presto l\u2019ingresso in un dedalo di corruzione, giochi di potere e vendette silenziose.<\/p>\n<p>L\u2019uccisione della vittima \u2013 un imprenditore nel settore edilizio \u2013 non \u00e8 che l\u2019innesco di una trama pi\u00f9 ampia, capace di far emergere legami oscuri tra speculazione urbana, memoria collettiva e una forma distorta di giustizia privata.<\/p>\n<p>La scrittura di questa <strong>miniserie su Netflix<\/strong> \u00e8 uno dei suoi punti di forza. Nulla \u00e8 spiegato troppo in fretta, e sei chiamato a partecipare attivamente, a colmare i vuoti, a interrogarti su ci\u00f2 che vedi e su ci\u00f2 che resta fuori campo. La citt\u00e0, come suggerisce il titolo, \u00e8 fatta di ombre: non solo quelle proiettate dai lampioni, ma quelle interiori dei personaggi, che convivono con rimorsi, paure e verit\u00e0 mai confessate.<\/p>\n<p>I rapporti familiari, le dinamiche di potere, i legami spezzati sono raccontati con una sobriet\u00e0 che aumenta l\u2019impatto emotivo. Nessuno \u00e8 completamente innocente, nessuno del tutto colpevole: \u201cCitt\u00e0 delle Ombre\u201d sceglie la strada pi\u00f9 scomoda, quella delle sfumature.<\/p>\n<p>Stiamo senza dubbio parlando di una produzione disponibile per il pubblico di Netflix che richiede attenzione e pazienza, ma ripaga con una narrazione solida, adulta, priva di facili consolazioni. Con un senso di inquietudine costante, ti accompagna fino a una conclusione coerente e disturbante.<\/p>\n<p>E si presenta, cos\u00ec, ideale se ami le storie che scavano sotto la superficie, che usano il thriller come strumento per parlare di memoria, responsabilit\u00e0 e identit\u00e0. Una bella novit\u00e0 per chi cerca uno show intenso ma veloce, da apprezzare tra le ultime produzioni europee in streaming.<\/p>\n<p><strong>Leggi anche<\/strong><\/p>\n<p class=\"has-small-font-size\">\u00abSul nostro sito web potrebbero essere presenti link affiliati. Se effettui un acquisto, Agendaonline.it potrebbe ricevere una commissione senza costi aggiuntivi per te. Questi link non influenzano in alcun modo i contenuti editoriali e i prodotti citati sono scelti in totale autonomia dalla redazione. I prezzi indicati nel testo potrebbero cambiare senza preavviso\u00bb.<\/p>\n","protected":false},"excerpt":{"rendered":"Ci sono citt\u00e0 che di notte cambiano volto. Le luci si abbassano, i rumori si fanno pi\u00f9 lontani&hellip;\n","protected":false},"author":3,"featured_media":262207,"comment_status":"","ping_status":"","sticky":false,"template":"","format":"standard","meta":{"footnotes":""},"categories":[1444],"tags":[203,204,1537,90,89,253],"class_list":{"0":"post-262206","1":"post","2":"type-post","3":"status-publish","4":"format-standard","5":"has-post-thumbnail","7":"category-tv","8":"tag-entertainment","9":"tag-intrattenimento","10":"tag-it","11":"tag-italia","12":"tag-italy","13":"tag-tv"},"share_on_mastodon":{"url":"https:\/\/pubeurope.com\/@it\/115724975220721862","error":""},"_links":{"self":[{"href":"https:\/\/www.europesays.com\/it\/wp-json\/wp\/v2\/posts\/262206","targetHints":{"allow":["GET"]}}],"collection":[{"href":"https:\/\/www.europesays.com\/it\/wp-json\/wp\/v2\/posts"}],"about":[{"href":"https:\/\/www.europesays.com\/it\/wp-json\/wp\/v2\/types\/post"}],"author":[{"embeddable":true,"href":"https:\/\/www.europesays.com\/it\/wp-json\/wp\/v2\/users\/3"}],"replies":[{"embeddable":true,"href":"https:\/\/www.europesays.com\/it\/wp-json\/wp\/v2\/comments?post=262206"}],"version-history":[{"count":0,"href":"https:\/\/www.europesays.com\/it\/wp-json\/wp\/v2\/posts\/262206\/revisions"}],"wp:featuredmedia":[{"embeddable":true,"href":"https:\/\/www.europesays.com\/it\/wp-json\/wp\/v2\/media\/262207"}],"wp:attachment":[{"href":"https:\/\/www.europesays.com\/it\/wp-json\/wp\/v2\/media?parent=262206"}],"wp:term":[{"taxonomy":"category","embeddable":true,"href":"https:\/\/www.europesays.com\/it\/wp-json\/wp\/v2\/categories?post=262206"},{"taxonomy":"post_tag","embeddable":true,"href":"https:\/\/www.europesays.com\/it\/wp-json\/wp\/v2\/tags?post=262206"}],"curies":[{"name":"wp","href":"https:\/\/api.w.org\/{rel}","templated":true}]}}