{"id":262339,"date":"2025-12-15T20:08:12","date_gmt":"2025-12-15T20:08:12","guid":{"rendered":"https:\/\/www.europesays.com\/it\/262339\/"},"modified":"2025-12-15T20:08:12","modified_gmt":"2025-12-15T20:08:12","slug":"sciopero-al-louvre-museo-chiuso-per-la-protesta-dei-lavoratori","status":"publish","type":"post","link":"https:\/\/www.europesays.com\/it\/262339\/","title":{"rendered":"Sciopero al Louvre, museo chiuso per la protesta dei lavoratori"},"content":{"rendered":"<p>I lavoratori del museo del <strong>Louvre<\/strong> hanno votato oggi a favore di <strong>uno sciopero<\/strong> per protestare contro le condizioni di lavoro. Lo riferisce il sindacato Cfdt, spiegando che il voto \u00e8 stato espresso durante una riunione di <strong>400 lavoratori<\/strong> stamattina e che \u00e8 stato deciso di scioperare per l\u2019intera giornata. Il <strong>museo oggi non ha aperto<\/strong>. Un avviso sul suo sito web informa i visitatori che \u201cil museo per il momento \u00e8 chiuso\u201d. Lo sciopero giunge dopo l\u2019imbarazzante <strong>furto di gioielli<\/strong> avvenuto a ottobre nel museo in pieno giorno. Nel loro avviso di sciopero alla ministra della Cultura Rachida Dati la scorsa settimana, i sindacati Cfdt, Cgt e Sud avevano affermato che il Louvre era in \u201ccrisi\u201d, con risorse insufficienti e \u201ccondizioni di lavoro sempre pi\u00f9 deteriorate\u201d. La notifica di sciopero \u00e8 a tempo indeterminato, ma il museo \u00e8 solitamente chiuso il marted\u00ec. Il voto a favore dello sciopero \u00e8 seguito ai colloqui della scorsa settimana tra i sindacati e i funzionari governativi, fra cui la stessa Dati. I leader sindacali hanno affermato che i colloqui non hanno alleviato tutte le loro preoccupazioni relative al personale e ai fondi per il Louvre<\/p>\n","protected":false},"excerpt":{"rendered":"I lavoratori del museo del Louvre hanno votato oggi a favore di uno sciopero per protestare contro le&hellip;\n","protected":false},"author":3,"featured_media":262340,"comment_status":"","ping_status":"","sticky":false,"template":"","format":"standard","meta":{"footnotes":""},"categories":[1446],"tags":[1615,1613,1614,1611,1610,1612,203,204,1537,90,89],"class_list":{"0":"post-262339","1":"post","2":"type-post","3":"status-publish","4":"format-standard","5":"has-post-thumbnail","7":"category-arte-e-design","8":"tag-arte","9":"tag-arte-e-design","10":"tag-arteedesign","11":"tag-arts","12":"tag-arts-and-design","13":"tag-design","14":"tag-entertainment","15":"tag-intrattenimento","16":"tag-it","17":"tag-italia","18":"tag-italy"},"share_on_mastodon":{"url":"https:\/\/pubeurope.com\/@it\/115725395765057409","error":""},"_links":{"self":[{"href":"https:\/\/www.europesays.com\/it\/wp-json\/wp\/v2\/posts\/262339","targetHints":{"allow":["GET"]}}],"collection":[{"href":"https:\/\/www.europesays.com\/it\/wp-json\/wp\/v2\/posts"}],"about":[{"href":"https:\/\/www.europesays.com\/it\/wp-json\/wp\/v2\/types\/post"}],"author":[{"embeddable":true,"href":"https:\/\/www.europesays.com\/it\/wp-json\/wp\/v2\/users\/3"}],"replies":[{"embeddable":true,"href":"https:\/\/www.europesays.com\/it\/wp-json\/wp\/v2\/comments?post=262339"}],"version-history":[{"count":0,"href":"https:\/\/www.europesays.com\/it\/wp-json\/wp\/v2\/posts\/262339\/revisions"}],"wp:featuredmedia":[{"embeddable":true,"href":"https:\/\/www.europesays.com\/it\/wp-json\/wp\/v2\/media\/262340"}],"wp:attachment":[{"href":"https:\/\/www.europesays.com\/it\/wp-json\/wp\/v2\/media?parent=262339"}],"wp:term":[{"taxonomy":"category","embeddable":true,"href":"https:\/\/www.europesays.com\/it\/wp-json\/wp\/v2\/categories?post=262339"},{"taxonomy":"post_tag","embeddable":true,"href":"https:\/\/www.europesays.com\/it\/wp-json\/wp\/v2\/tags?post=262339"}],"curies":[{"name":"wp","href":"https:\/\/api.w.org\/{rel}","templated":true}]}}