{"id":262549,"date":"2025-12-15T22:55:15","date_gmt":"2025-12-15T22:55:15","guid":{"rendered":"https:\/\/www.europesays.com\/it\/262549\/"},"modified":"2025-12-15T22:55:15","modified_gmt":"2025-12-15T22:55:15","slug":"milan-caccia-a-fullkrug-per-6-mesi-tare-accelera","status":"publish","type":"post","link":"https:\/\/www.europesays.com\/it\/262549\/","title":{"rendered":"Milan, caccia a Fullkrug per 6 mesi: Tare accelera"},"content":{"rendered":"<p>    di<br \/>\n    Monica Colombo<\/p>\n<p class=\"summary-art is-line-h-12\">Il Milan accelera sul mercato: Tare vuole Fullkrug dal West Ham, ma fuori dai piani inglesi, in prestito secco per sei mesi. Scartati Zirkzee e Pellegrino per i costi, oltre a Icardi (condizione fisica)<\/p>\n<p class=\"chapter-paragraph\">Le <b>evidenti lacune offensive<\/b> mostrate <a href=\"https:\/\/www.corriere.it\/sport\/calcio\/serie-a\/25_dicembre_14\/milan-sassuolo-risultato-c7e39b0f-0793-456c-bb41-816a36afaxlk.shtml\" title=\"Milan-Sassuolo risultato 2-2: non basta la doppietta di Bartesaghi\" target=\"_blank\" rel=\"nofollow noopener\">con il Sassuolo<\/a> unite al giallo attorno alle <a href=\"https:\/\/www.corriere.it\/sport\/calcio\/serie-a\/25_novembre_05\/gimenez-caviglia-infortunio-milan-302b7302-3c4a-41d0-a54c-5e715120dxlk.shtml\" title=\"Gimenez: \u00abGioco da mesi con la caviglia infortunata, ora mi fermo\u00bb. Il Milan perde il suo attaccante\" target=\"_blank\" rel=\"nofollow noopener\">condizioni di Gimenez<\/a> e alle <a href=\"https:\/\/www.corriere.it\/sport\/calcio\/serie-a\/cards\/pagelle-torino-milan\/torino-milan-nbsp_principale.shtml\" title=\"Pagelle Torino-Milan: Pulisic capocannoniere (8), Rabiot \u00abpresente\u00bb (7,5), Nkunku sviene (5); Zapata is back (7,5)\" target=\"_blank\" rel=\"nofollow noopener\">difficolt\u00e0 di Nkunku<\/a> a integrarsi nel campionato italiano hanno <b>indotto Igli Tare ad accelerare<\/b>.\u00a0<\/p>\n<p class=\"chapter-paragraph\"><b>Marted\u00ec il Milan partir\u00e0 per l\u2019Arabia<\/b>\u00a0 dove <a href=\"https:\/\/www.corriere.it\/sport\/calcio\/supercoppaitaliana\/calendario-risultati\/\" title=\"Supercoppa italiana 2025: il calendario delle semifinali\" target=\"_blank\" rel=\"nofollow noopener\">parteciper\u00e0 alla Supercoppa italiana<\/a>, ma nel <b>vertice <\/b>che gi\u00e0 oggi il ds del Diavolo ha avuto <b>con Massimiliano Allegri<\/b> \u00e8 maturata la decisione di <b>velocizzare una prima operazione di mercato<\/b> in vista della finestra di gennaio. Cos\u00ec la scelta \u00e8 ricaduta su <b>Niclas Fullkrug<\/b>, proposto dagli agenti <a href=\"https:\/\/www.corriere.it\/sport\/calciomercato\/diretta-live\/24_luglio_16\/calciomercato-diretta-live.shtml\" title=\"Calciomercato, le news di marted\u00ec 16 luglio: Osimhen-Psg, incontro a Parigi. Milan, Morata poi Fullkrug\" target=\"_blank\" rel=\"nofollow noopener\">gi\u00e0 nei mesi scorsi<\/a>, dal momento che il tedesco di Hannover considera conclusa la sua avventura al West Ham a cui \u00e8 legato fino al 2028.    &#13;<br \/>\n&#13;<br \/>\n&#13;<br \/>\n&#13;<br \/>\n&#13;<br \/>\n&#13;<br \/>\n&#13;<br \/>\n&#13;<br \/>\n&#13;<br \/>\n&#13;<br \/>\n&#13;<br \/>\n&#13;<br \/>\n&#13;<br \/>\n&#13;<br \/>\n&#13;<br \/>\n&#13;<br \/>\n&#13;<br \/>\n&#13;<br \/>\n&#13;<br \/>\n&#13;<br \/>\n&#13;<br \/>\n&#13;<br \/>\n&#13;<br \/>\n&#13;<br \/>\n&#13;<br \/>\n&#13;<br \/>\n&#13;<br \/>\n&#13;<br \/>\n&#13;<br \/>\n&#13;<br \/>\n&#13;<br \/>\n&#13;<br \/>\n&#13;<br \/>\n&#13;<br \/>\n&#13;<br \/>\n&#13;<br \/>\n&#13;<br \/>\n&#13;<br \/>\n&#13;<br \/>\n&#13;<br \/>\n&#13;<br \/>\n&#13;<br \/>\n&#13;<br \/>\n&#13;<br \/>\n&#13;<br \/>\n&#13;<br \/>\n&#13;<br \/>\n&#13;<br \/>\n&#13;<br \/>\n&#13;<br \/>\n&#13;<br \/>\n&#13;<br \/>\n&#13;\n<\/p>\n<p class=\"chapter-paragraph\">Finora gli inglesi hanno utilizzato con il contagocce il <b>centravanti 32enne<\/b>, fuori dai piani di Nuno Espirito Santo. Cos\u00ec Tare ha intenzione di bloccare l\u2019attaccante, da <b>prelevare in prestito secco per sei mesi<\/b> in modo da mettere a disposizione di Allegri una nuova opzione offensiva, in attesa di verificare il futuro del Bebote. Perch\u00e9 in prestito senza opzioni? <b>Gli stop per infortunio del giocatore al momento suggeriscono prudenza <\/b>sull\u2019intenzione di impostare un\u2019operazione a lungo termine.<\/p>\n<p class=\"chapter-paragraph\">Del resto Fullkrug avrebbe le <b>caratteristiche da 9 classico<\/b>, assenti attualmente nella rosa a disposizione del tecnico. Si integrerebbe insomma con le qualit\u00e0 delle altre punte, e <b>non avrebbe la pretesa di essere titolare a discapito di Leao e Pulisic,<\/b> i punti fermi di Max. 189 centimetri da piazzare nel cuore dell\u2019area nei secondi tempi delle partite quando il risultato \u00e8 inchiodato.<\/p>\n<p class=\"chapter-paragraph\">Il dibattito all\u2019interno della societ\u00e0 \u00e8 in corso, ma la volont\u00e0 di Tare \u00e8 ferma: bloccare intanto il giocatore. Nelle recenti settimane sono state <b>prese informazioni su Zirkzee ma i costi<\/b> fra prestito, obbligo di riscatto, commissioni e ingaggio sono ingenti. <b>Pellegrino del Parma piace ma il prezzo da 30 milioni scoraggia<\/b> investimenti nella finestra di gennaio. Icardi, che pur si \u00e8 proposto, ha una condizione fisica che non sembra offrire sufficienti garanzie.<\/p>\n<p class=\"is-last-update\" datetime=\"2025-12-15T17:57:54+01:00\">15 dicembre 2025<\/p>\n<p class=\"is-copyright\">\n            \u00a9 RIPRODUZIONE RISERVATA\n        <\/p>\n","protected":false},"excerpt":{"rendered":"di Monica Colombo Il Milan accelera sul mercato: Tare vuole Fullkrug dal West Ham, ma fuori dai piani&hellip;\n","protected":false},"author":3,"featured_media":262550,"comment_status":"","ping_status":"","sticky":false,"template":"","format":"standard","meta":{"footnotes":""},"categories":[176],"tags":[70173,3076,21478,2490,22331,3524,6258,12586,154170,1713,154169,2614,564,24161,11521,3189,7292,1537,90,89,1412,553,811,6840,245,244,9615],"class_list":{"0":"post-262549","1":"post","2":"type-post","3":"status-publish","4":"format-standard","5":"has-post-thumbnail","7":"category-sport","8":"tag-accelera","9":"tag-allegri","10":"tag-bloccare","11":"tag-condizione","12":"tag-condizione-fisica","13":"tag-costi","14":"tag-disposizione","15":"tag-finestra","16":"tag-finestra-gennaio","17":"tag-fisica","18":"tag-fullkrug","19":"tag-gennaio","20":"tag-giocatore","21":"tag-ham","22":"tag-icardi","23":"tag-inglesi","24":"tag-intenzione","25":"tag-it","26":"tag-italia","27":"tag-italy","28":"tag-mercato","29":"tag-milan","30":"tag-operazione","31":"tag-prestito","32":"tag-sport","33":"tag-sports","34":"tag-tare"},"share_on_mastodon":{"url":"https:\/\/pubeurope.com\/@it\/115726052446181998","error":""},"_links":{"self":[{"href":"https:\/\/www.europesays.com\/it\/wp-json\/wp\/v2\/posts\/262549","targetHints":{"allow":["GET"]}}],"collection":[{"href":"https:\/\/www.europesays.com\/it\/wp-json\/wp\/v2\/posts"}],"about":[{"href":"https:\/\/www.europesays.com\/it\/wp-json\/wp\/v2\/types\/post"}],"author":[{"embeddable":true,"href":"https:\/\/www.europesays.com\/it\/wp-json\/wp\/v2\/users\/3"}],"replies":[{"embeddable":true,"href":"https:\/\/www.europesays.com\/it\/wp-json\/wp\/v2\/comments?post=262549"}],"version-history":[{"count":0,"href":"https:\/\/www.europesays.com\/it\/wp-json\/wp\/v2\/posts\/262549\/revisions"}],"wp:featuredmedia":[{"embeddable":true,"href":"https:\/\/www.europesays.com\/it\/wp-json\/wp\/v2\/media\/262550"}],"wp:attachment":[{"href":"https:\/\/www.europesays.com\/it\/wp-json\/wp\/v2\/media?parent=262549"}],"wp:term":[{"taxonomy":"category","embeddable":true,"href":"https:\/\/www.europesays.com\/it\/wp-json\/wp\/v2\/categories?post=262549"},{"taxonomy":"post_tag","embeddable":true,"href":"https:\/\/www.europesays.com\/it\/wp-json\/wp\/v2\/tags?post=262549"}],"curies":[{"name":"wp","href":"https:\/\/api.w.org\/{rel}","templated":true}]}}