{"id":262593,"date":"2025-12-15T23:29:19","date_gmt":"2025-12-15T23:29:19","guid":{"rendered":"https:\/\/www.europesays.com\/it\/262593\/"},"modified":"2025-12-15T23:29:19","modified_gmt":"2025-12-15T23:29:19","slug":"manovra-in-arrivo-modifiche-da-governo-per-35-miliardi","status":"publish","type":"post","link":"https:\/\/www.europesays.com\/it\/262593\/","title":{"rendered":"Manovra, in arrivo modifiche da governo per 3,5 miliardi"},"content":{"rendered":"<p>In arrivo un nuovo pacchetto di modifiche del governo alla manovra riguardanti il settore delle imprese e del peso di 3,5 miliardi. Cos\u00ec ha annunciato &#8211; secondo quanto riferito da fonti di maggioranza e opposizione &#8211; il ministro dell&#8217;Economia Giancarlo Giorgetti che ha partecipato oggi alla riunione dell&#8217;ufficio di presidenza della commissione Bilancio del Senato. &#8220;Si tratta di modifiche &#8211; ha spiegato il senatore di Fratelli d&#8217;Italia Guido Quintino Liris, relatore &#8211; sulle quali il Tesoro stava decidendo la modalit\u00e0 di intervento e verranno calate nella manovra. Complessivamente \u00e8 stato quantificato in circa 3,5 miliardi&#8221;.\u00a0<\/p>\n<p>\u00a0<\/p>\n<p>Le misure interessate dalle modifiche<\/p>\n<p>Le modifiche riguarderanno\u00a0i temi delle Zes (Zone economiche speciali), iperammortamento, industria 5.0, caro materiali e lo spostamento del finanziamento del ponte sullo Stretto in un&#8217;altra annualit\u00e0. Le coperture previste riguardano la previdenza e le assicurazioni. &#8220;Abbiamo un provvedimento nuovo che va incontro alle esigenze dei lavoratori e delle imprese &#8211; ha detto Liris &#8211; e che poteva anche essere gestito e trattato al di fuori della commissione Bilancio, attraverso un Dpcm, ma il ministro Giorgetti ha spiegato che ha preferito, essendo ingente il tipo di intervento, calarlo all&#8217;interno della manovra per rendere protagonista il Parlamento. E&#8217; una bellissima pagina che d\u00e0 la possibilit\u00e0 al Parlamento di gestire una manovra pi\u00f9 complessa con aiuti chiesti anche dalle opposizioni&#8221;.\u00a0<\/p>\n<p>\u00a0<\/p>\n","protected":false},"excerpt":{"rendered":"In arrivo un nuovo pacchetto di modifiche del governo alla manovra riguardanti il settore delle imprese e del&hellip;\n","protected":false},"author":3,"featured_media":262594,"comment_status":"","ping_status":"","sticky":false,"template":"","format":"standard","meta":{"footnotes":""},"categories":[6],"tags":[14,8,1537,90,89,6771,7,15,82,9,83,10,13,11,80,84,12,81,85],"class_list":{"0":"post-262593","1":"post","2":"type-post","3":"status-publish","4":"format-standard","5":"has-post-thumbnail","7":"category-ultime-notizie","8":"tag-cronaca","9":"tag-headlines","10":"tag-it","11":"tag-italia","12":"tag-italy","13":"tag-manovra","14":"tag-news","15":"tag-notizie","16":"tag-notizie-di-cronaca","17":"tag-notizie-principali","18":"tag-notiziedicronaca","19":"tag-notizieprincipali","20":"tag-titoli","21":"tag-ultime-notizie","22":"tag-ultime-notizie-di-cronaca","23":"tag-ultime-notizie-e-news-di-oggi","24":"tag-ultimenotizie","25":"tag-ultimenotiziedicronaca","26":"tag-ultimenotizieenewsdioggi"},"share_on_mastodon":{"url":"https:\/\/pubeurope.com\/@it\/115726186148017667","error":""},"_links":{"self":[{"href":"https:\/\/www.europesays.com\/it\/wp-json\/wp\/v2\/posts\/262593","targetHints":{"allow":["GET"]}}],"collection":[{"href":"https:\/\/www.europesays.com\/it\/wp-json\/wp\/v2\/posts"}],"about":[{"href":"https:\/\/www.europesays.com\/it\/wp-json\/wp\/v2\/types\/post"}],"author":[{"embeddable":true,"href":"https:\/\/www.europesays.com\/it\/wp-json\/wp\/v2\/users\/3"}],"replies":[{"embeddable":true,"href":"https:\/\/www.europesays.com\/it\/wp-json\/wp\/v2\/comments?post=262593"}],"version-history":[{"count":0,"href":"https:\/\/www.europesays.com\/it\/wp-json\/wp\/v2\/posts\/262593\/revisions"}],"wp:featuredmedia":[{"embeddable":true,"href":"https:\/\/www.europesays.com\/it\/wp-json\/wp\/v2\/media\/262594"}],"wp:attachment":[{"href":"https:\/\/www.europesays.com\/it\/wp-json\/wp\/v2\/media?parent=262593"}],"wp:term":[{"taxonomy":"category","embeddable":true,"href":"https:\/\/www.europesays.com\/it\/wp-json\/wp\/v2\/categories?post=262593"},{"taxonomy":"post_tag","embeddable":true,"href":"https:\/\/www.europesays.com\/it\/wp-json\/wp\/v2\/tags?post=262593"}],"curies":[{"name":"wp","href":"https:\/\/api.w.org\/{rel}","templated":true}]}}