{"id":262614,"date":"2025-12-15T23:49:10","date_gmt":"2025-12-15T23:49:10","guid":{"rendered":"https:\/\/www.europesays.com\/it\/262614\/"},"modified":"2025-12-15T23:49:10","modified_gmt":"2025-12-15T23:49:10","slug":"roma-como-risultato-1-0-wesley-riporta-gasperini-in-zona-champions","status":"publish","type":"post","link":"https:\/\/www.europesays.com\/it\/262614\/","title":{"rendered":"Roma-Como risultato 1-0: Wesley riporta Gasperini in zona Champions"},"content":{"rendered":"<p>    di<br \/>\n    Davide Stoppini<\/p>\n<p class=\"summary-art is-line-h-12\">Nel posticipo della 15\u00aa giornata la Roma riparte dopo i ko con Napoli e Cagliari. Decide Wesley: respinto l&#8217;aggancio proprio del Como, Gasperini si porta al quarto posto a 1 punto dal Napoli. Dybala resta fuori per 90&#8242;<\/p>\n<p class=\"chapter-paragraph\">Non una vittoria, un jackpot. <b>Tre punti guadagnati sul Napoli, due sul Milan, tre sullo stesso Como, tre pure sul Bologna<\/b> e distanza ristabilita <a href=\"https:\/\/www.corriere.it\/sport\/calcio\/serie-a\/partita\/juventus-roma\/2558663\/\" title=\"Juventus-Roma, 16\u00aa giornata di serie A: le statistiche\" target=\"_blank\" rel=\"nofollow noopener\">(+4) sulla Juventus a cinque giorni dallo scontro diretto<\/a>: la Roma non odia i luned\u00ec, come canta Vasco Rossi, al contrario dipinge questo 15 dicembre quasi in maniera ideale.<\/p>\n<p class=\"chapter-paragraph\">E lo fa <a href=\"https:\/\/www.corriere.it\/sport\/calcio\/serie-a\/partita\/roma-como\/2558655\/\" target=\"_blank\" title=\"Roma-Como, 15\u00aa giornata di serie A: la cronaca\" rel=\"nofollow noopener\">battendo il Como<\/a> con un <b>gol di Wesley<\/b> nel secondo tempo, al termine probabilmente della <b>migliore prestazione stagionale per qualit\u00e0, intensit\u00e0 e coraggio <\/b>messi in campo, anche in rapporto alla qualit\u00e0 dell&#8217;avversario. Il Como, gi\u00e0 colpito dai <a href=\"https:\/\/www.corriere.it\/sport\/calcio\/serie-a\/25_dicembre_06\/inter-como-risultato-6e9b81ea-3c86-40ed-b81f-e941b40d5xlk.shtml\" title=\"L&#039;Inter travolge il Como 4-0 e si riporta in vetta alla classifica almeno per una notte\" target=\"_blank\" rel=\"nofollow noopener\">quattro gol subiti dall&#8217;Inter<\/a>, in realt\u00e0 all&#8217;Olimpico ha giocato una <b>partita prettamente difensiva<\/b>. Ma non \u00e8 stata una scelta di Fabregas. \u00c8 stato, piuttosto, il <b>risultato di una pressione costante<\/b>, senza soluzione di continuit\u00e0, della Roma di Gasperini, che ha accettato l&#8217;uomo contro uomo.    &#13;<br \/>\n&#13;<br \/>\n&#13;<br \/>\n&#13;<br \/>\n&#13;<br \/>\n&#13;<br \/>\n&#13;<br \/>\n&#13;<br \/>\n&#13;<br \/>\n&#13;<br \/>\n&#13;<br \/>\n&#13;<br \/>\n&#13;<br \/>\n&#13;<br \/>\n&#13;<br \/>\n&#13;<br \/>\n&#13;<br \/>\n&#13;<br \/>\n&#13;<br \/>\n&#13;<br \/>\n&#13;<br \/>\n&#13;<br \/>\n&#13;<br \/>\n&#13;<br \/>\n&#13;<br \/>\n&#13;<br \/>\n&#13;<br \/>\n&#13;<br \/>\n&#13;<br \/>\n&#13;<br \/>\n&#13;<br \/>\n&#13;<br \/>\n&#13;<br \/>\n&#13;<br \/>\n&#13;<br \/>\n&#13;<br \/>\n&#13;<br \/>\n&#13;<br \/>\n&#13;<br \/>\n&#13;<br \/>\n&#13;<br \/>\n&#13;<br \/>\n&#13;<br \/>\n&#13;<br \/>\n&#13;<br \/>\n&#13;<br \/>\n&#13;<br \/>\n&#13;<br \/>\n&#13;<br \/>\n&#13;<br \/>\n&#13;<br \/>\n&#13;<br \/>\n&#13;\n<\/p>\n<p class=\"chapter-paragraph\">Un rischio calcolato o un azzardo? Confine sottilissimo. La differenza, in casi come questi, la fanno le prestazioni dei difensori. <b>Monumentali quelli giallorossi, guidati da uno Ndicka in forma eccezionale<\/b> (e peccato per Gasp che oggi partir\u00e0 per la Coppa d&#8217;Africa, a Torino contro Spalletti non ci sar\u00e0). Il Como di fatto non ha trovato quasi mai la profondit\u00e0. Fabregas ha rinunciato inizialmente al centravanti puro, schierando da falso nove Baturina. Ma a fallire la serata \u00e8 stato soprattutto Nico Paz, cancellato dal campo da Hermoso che l&#8217;ha seguito ovunque.<\/p>\n<p class=\"chapter-paragraph\">Il <b>primo tempo ha raccontato di una Roma a cui \u00e8 mancato solo il gol<\/b>: Wesley ha sbagliato a porta vuota, Ferguson per tre volte non ha trovato il varco, Soul\u00e9 ha invece deciso che con il destro era vietato calciare pure da buona posizione, <b>Svilar \u2014 dall&#8217;altra parte \u2014 invece in pieno recupero ha fermato Douvikas<\/b> (nel frattempo entrato per l&#8217;infortunato Diao) in uscita bassa.<\/p>\n<p class=\"chapter-paragraph\">Il secondo tempo ha avuto lo stesso, identico, copione. <b>La Roma ha piazzato le tende sulla trequarti del Como<\/b>, che si \u00e8 affacciato dalle parti di Svilar solo a cavallo del minuto 8 con Douvikas prima e Da Cunha poi. \u00c8 stato l&#8217;unico momento di leggera difficolt\u00e0 della squadra di Gasp, che allo scoccare dell&#8217;ora di gioco \u00e8 passata con un <b>diagonale perfetto di Wesley<\/b>. Proprio lui, il brasiliano che alla prima giornata, nella stessa porta, aveva deciso <a href=\"https:\/\/www.corriere.it\/sport\/calcio\/serie-a\/25_agosto_23\/roma-bologna-risultato-1-0-004feb7d-4b93-42a5-bca0-4ea30b9fdxlk.shtml\" title=\"Roma-Bologna risultato 1-0, decide il gol di Wesley. Buona la prima per Gasperini, Immobile si fa male\" target=\"_blank\" rel=\"nofollow noopener\">l&#8217;altro scontro diretto per l&#8217;Europa contro il Bologna<\/a>.<\/p>\n<p class=\"chapter-paragraph\">Neppure dopo il vantaggio lo spartito \u00e8 cambiato. Almeno fino a quando la benzina \u00e8 rimasta nelle gambe di Cristante e Kon\u00e9, che hanno permesso una partita fatta tutta di corsa.<b> Il Como s&#8217;\u00e8 fatto pericoloso solo in pieno recupero con Posch<\/b>. Gasperini, che ha rinunciato a Dybala per la quarta partita consecutiva, non pu\u00f2 che esultare. Nessuno ha corso come la Roma nel 2025: 79 punti. Cos\u00ec la Champions \u00e8 traguardo davvero possibile.<\/p>\n<p class=\"is-last-update\" datetime=\"2025-12-15T23:13:04+01:00\">15 dicembre 2025 ( modifica il 15 dicembre 2025 | 23:13)<\/p>\n<p class=\"is-copyright\">\n            \u00a9 RIPRODUZIONE RISERVATA\n        <\/p>\n","protected":false},"excerpt":{"rendered":"di Davide Stoppini Nel posticipo della 15\u00aa giornata la Roma riparte dopo i ko con Napoli e Cagliari.&hellip;\n","protected":false},"author":3,"featured_media":262615,"comment_status":"","ping_status":"","sticky":false,"template":"","format":"standard","meta":{"footnotes":""},"categories":[176],"tags":[8398,154182,586,921,1969,3705,3059,7085,5011,18967,4975,5593,5301,5183,1976,154181,1537,90,89,248,1290,98,1292,4963,3279,65275,6811,987,14857,108220,245,244,31155,5289],"class_list":{"0":"post-262614","1":"post","2":"type-post","3":"status-publish","4":"format-standard","5":"has-post-thumbnail","7":"category-sport","8":"tag-accettato","9":"tag-accettato-rischio","10":"tag-bologna","11":"tag-campo","12":"tag-champions","13":"tag-como","14":"tag-deciso","15":"tag-diretto","16":"tag-douvikas","17":"tag-dybala","18":"tag-fabregas","19":"tag-gasp","20":"tag-gasperini","21":"tag-giornata","22":"tag-gol","23":"tag-gol-wesley","24":"tag-it","25":"tag-italia","26":"tag-italy","27":"tag-napoli","28":"tag-partita","29":"tag-porta","30":"tag-punti","31":"tag-qualita","32":"tag-recupero","33":"tag-rinunciato","34":"tag-risultato","35":"tag-roma","36":"tag-scontro","37":"tag-scontro-diretto","38":"tag-sport","39":"tag-sports","40":"tag-svilar","41":"tag-wesley"},"share_on_mastodon":{"url":"https:\/\/pubeurope.com\/@it\/115726264777247165","error":""},"_links":{"self":[{"href":"https:\/\/www.europesays.com\/it\/wp-json\/wp\/v2\/posts\/262614","targetHints":{"allow":["GET"]}}],"collection":[{"href":"https:\/\/www.europesays.com\/it\/wp-json\/wp\/v2\/posts"}],"about":[{"href":"https:\/\/www.europesays.com\/it\/wp-json\/wp\/v2\/types\/post"}],"author":[{"embeddable":true,"href":"https:\/\/www.europesays.com\/it\/wp-json\/wp\/v2\/users\/3"}],"replies":[{"embeddable":true,"href":"https:\/\/www.europesays.com\/it\/wp-json\/wp\/v2\/comments?post=262614"}],"version-history":[{"count":0,"href":"https:\/\/www.europesays.com\/it\/wp-json\/wp\/v2\/posts\/262614\/revisions"}],"wp:featuredmedia":[{"embeddable":true,"href":"https:\/\/www.europesays.com\/it\/wp-json\/wp\/v2\/media\/262615"}],"wp:attachment":[{"href":"https:\/\/www.europesays.com\/it\/wp-json\/wp\/v2\/media?parent=262614"}],"wp:term":[{"taxonomy":"category","embeddable":true,"href":"https:\/\/www.europesays.com\/it\/wp-json\/wp\/v2\/categories?post=262614"},{"taxonomy":"post_tag","embeddable":true,"href":"https:\/\/www.europesays.com\/it\/wp-json\/wp\/v2\/tags?post=262614"}],"curies":[{"name":"wp","href":"https:\/\/api.w.org\/{rel}","templated":true}]}}