{"id":262675,"date":"2025-12-16T00:41:20","date_gmt":"2025-12-16T00:41:20","guid":{"rendered":"https:\/\/www.europesays.com\/it\/262675\/"},"modified":"2025-12-16T00:41:20","modified_gmt":"2025-12-16T00:41:20","slug":"ecco-la-data-del-concerto-nel-nuovo-tour-della-cantautrice","status":"publish","type":"post","link":"https:\/\/www.europesays.com\/it\/262675\/","title":{"rendered":"ecco la data del concerto nel nuovo tour della cantautrice"},"content":{"rendered":"<p>Pesaro, 14 dicembre 2025 \u2013<strong>\u00a0<\/strong>Non si \u00e8 ancora spenta la eco per il concertone di <strong>Giorgia<\/strong> (8.500 persone), alla <strong>Vitrifrigo Arena <\/strong>che ecco arrivare una nuova data per un&#8217;altra amatissima cantante italiana: <strong>Annalisa<\/strong>. L&#8217;artista savonese ha inserito Pesaro nel suo nuovo tour e la data scelta \u00e8 <strong>marted\u00ec 28 aprile 2026.<\/strong><\/p>\n<p>Dopo il successo di \u201cCapitolo I\u201d, <strong>Annalisa<\/strong> torna dunque con un nuovo spettacolo dal titolo \u201cMa noi siamo fuoco-Capitolo II \u2013 Palasport 2026\u201d, uno show che sin dalle premesse si annuncia ricco, in cui musica, performance e scenografie si fondono per un\u2019esperienza unica.\u00a0<\/p>\n<p>La prima volta di Annalisa a Pesaro <\/p>\n<p>Sar\u00e0 la prima volta a <strong>Pesaro<\/strong> per la <strong>cantautrice ligure<\/strong>, al secolo <strong>Annalisa Scarrone<\/strong>, arrivata prepotentemente al successo partendo dai talent e in particolare dallo show &#8220;<strong>Amici<\/strong>&#8221; di Maria De Filippi tra il 2010 e il 2011, in quella occasione ha ottenuto anche il Premio della critica giornalistica. Nel corso della sua carriera ha venduto oltre quattro milioni e mezzo di dischi, diventando l&#8217;artista italiana con pi\u00f9 copie vendute, senza parlare del successo su piattaforma con oltre un miliardo di stream su Spotify.<\/p>\n<p>Una carriera ricca di numerosi premi <\/p>\n<p>Ha ricevuto numerosi riconoscimenti, tra cui un Global Force Award ai Billboard Women in Music 2024 (premio assegnato per la prima volta a un&#8217;artista italiana), ed un premio come Fenomeno dell&#8217;anno in Europa ai Los Angeles Music Awards 2024. E poi ancora due Mtv Europe Music Award, dodici Music Awards, tre Power Hits Estate, un premio Mia Martini; due Telegatti. Ha inoltre ottenuto dieci candidature agli MTV Awards, quattro ai World Music Awards, ai Latin Music Italian Awards. Insomma una carriera piena di premi a apprezzamenti internazionali. Tra i brani pi\u00f9 recenti che saranno proposti ci sono \u201cEsibizionista\u201d e \u201cSinceramente\u201d, quest\u2019ultima premiata come miglior canzone live e social in Italia.<\/p>\n<p>Sorride il sindaco Biancani: \u201cPesaro al centro della musica nazionale\u201d <\/p>\n<p>Per Pesaro Annalisa rappresenta <strong>un altro bel centro<\/strong>. Sorridono il presidente Aspes, Luca Pieri (l&#8217;astronave torna finalmente meta obbligata dei grandi concerti), e anche il sindaco Andrea Biancani.<\/p>\n<p>Per il primo &#8220;Vitrifrigo e Auditorium Scavolini sono due spazi con un unica visione. &#8220;La nostra gestione &#8211; dice Pieri &#8211; \u00e8 improntata ad uno sviluppo degli eventi con un occhio al sostegno e dell&#8217;economia turfistica di Pesaro e del territorio&#8221;.<\/p>\n<p>Per il sindaco <strong>Andrea Biancani<\/strong> &#8220;Pesaro sempre pi\u00f9 al centro della musica nazionale e internazionale; una grande occasione per la citt\u00e0 tutta frutto anche della capacit\u00e0 di organizzare e gestire i grandi eventi di Comune ed Aspes&#8221;. Ed ancora: &#8220;Pesaro diventa sempre pi\u00f9 <strong>un punto di riferimento per la musica nazionale e internazionale<\/strong>. Questi concerti sono un\u2019opportunit\u00e0 non solo per i pesaresi e per quelli che ci raggiungono da tutta Italia, ma anche per chi lavora in citt\u00e0, penso a chi opera nella ristorazione e nel settore dell\u2019accoglienza turistica che possono cogliere occasioni di ospitare e farsi conoscere, anche al di fuori della stagione estiva&#8221;.\u00a0<\/p>\n<p>Ma quello con Annalisa non sar\u00e0 l&#8217;unico appuntamento del prossimo anno. Nel 2026 la Vitrifrigo Arena ospiter\u00e0 infatti nell\u2019ordine <strong>Olly <\/strong>(vincitore dell&#8217;ultima edizione di Sanremo), il 13 marzo. E poi un grande ritorno, quello con <strong>Renato Zero<\/strong> in programma il 28 marzo. Sar\u00e0 poi la volta del musical <strong>Notre Dame de Paris i<\/strong>n programma dal 24 al 26 aprile. Il 2 maggio \u00e8 previsto invece il ritorno di un altro amatissimo veterano della musica leggera:\u00a0<strong>Gianni Morandi <\/strong>e poi il 16 maggio toccher\u00e0 invece a <strong>Blanco.<\/strong><\/p>\n","protected":false},"excerpt":{"rendered":"Pesaro, 14 dicembre 2025 \u2013\u00a0Non si \u00e8 ancora spenta la eco per il concertone di Giorgia (8.500 persone),&hellip;\n","protected":false},"author":3,"featured_media":262676,"comment_status":"","ping_status":"","sticky":false,"template":"","format":"standard","meta":{"footnotes":""},"categories":[1443],"tags":[463,28014,1569,7881,203,204,1537,90,89,1538,1539,2785,2218],"class_list":{"0":"post-262675","1":"post","2":"type-post","3":"status-publish","4":"format-standard","5":"has-post-thumbnail","7":"category-musica","8":"tag-annalisa","9":"tag-cantautrice","10":"tag-concerto","11":"tag-data","12":"tag-entertainment","13":"tag-intrattenimento","14":"tag-it","15":"tag-italia","16":"tag-italy","17":"tag-music","18":"tag-musica","19":"tag-pesaro","20":"tag-tappa"},"share_on_mastodon":{"url":"https:\/\/pubeurope.com\/@it\/115726469500848671","error":""},"_links":{"self":[{"href":"https:\/\/www.europesays.com\/it\/wp-json\/wp\/v2\/posts\/262675","targetHints":{"allow":["GET"]}}],"collection":[{"href":"https:\/\/www.europesays.com\/it\/wp-json\/wp\/v2\/posts"}],"about":[{"href":"https:\/\/www.europesays.com\/it\/wp-json\/wp\/v2\/types\/post"}],"author":[{"embeddable":true,"href":"https:\/\/www.europesays.com\/it\/wp-json\/wp\/v2\/users\/3"}],"replies":[{"embeddable":true,"href":"https:\/\/www.europesays.com\/it\/wp-json\/wp\/v2\/comments?post=262675"}],"version-history":[{"count":0,"href":"https:\/\/www.europesays.com\/it\/wp-json\/wp\/v2\/posts\/262675\/revisions"}],"wp:featuredmedia":[{"embeddable":true,"href":"https:\/\/www.europesays.com\/it\/wp-json\/wp\/v2\/media\/262676"}],"wp:attachment":[{"href":"https:\/\/www.europesays.com\/it\/wp-json\/wp\/v2\/media?parent=262675"}],"wp:term":[{"taxonomy":"category","embeddable":true,"href":"https:\/\/www.europesays.com\/it\/wp-json\/wp\/v2\/categories?post=262675"},{"taxonomy":"post_tag","embeddable":true,"href":"https:\/\/www.europesays.com\/it\/wp-json\/wp\/v2\/tags?post=262675"}],"curies":[{"name":"wp","href":"https:\/\/api.w.org\/{rel}","templated":true}]}}