{"id":262703,"date":"2025-12-16T01:05:10","date_gmt":"2025-12-16T01:05:10","guid":{"rendered":"https:\/\/www.europesays.com\/it\/262703\/"},"modified":"2025-12-16T01:05:10","modified_gmt":"2025-12-16T01:05:10","slug":"cade-la-statua-della-liberta-ma-e-brasiliana-il-cedimento-per-il-forte-vento-il-video","status":"publish","type":"post","link":"https:\/\/www.europesays.com\/it\/262703\/","title":{"rendered":"Cade la Statua della Libert\u00e0 (ma \u00e8 brasiliana). Il cedimento per il forte vento &#8211; Il video"},"content":{"rendered":"<p>Succede davanti al negozio Havan a\u00a0Gua\u00edba, nella regione metropolitana di Porto Alegre. Non risultano feriti<\/p>\n<p>Un monumento molto simile alla Statua della Libert\u00e0, situato di fronte al negozio Havan a\u00a0Gua\u00edba\u00a0, nella regione metropolitana di Porto Alegre, in Brasile, \u00e8 crollata durante le grosse raffiche di vento che hanno investito la zona nelle ultime ore. La notizia \u00e8 stata confermata al G1 dal sindaco di Gua\u00edba, Marcelo Maranata, che ha anche riferito che\u00a0<strong>non ci sono stati feriti<\/strong>. Secondo quanto dichiarato dall\u2019azienda, responsabile dell\u2019impianto caduto \u00abl\u2019area \u00e8 stata immediatamente isolata, seguendo tutti i protocolli di sicurezza, e una squadra dovrebbe iniziare a lavorare per rimuovere la struttura nelle prossime ore\u00bb.\u00a0 La scultura ha un\u2019altezza totale di\u00a0<strong>35 metri<\/strong>. La parte danneggiata corrisponde solo alla statua stessa, che misura\u00a0<strong>24 metri<\/strong>. Sull\u2019intera regione la Protezione Civile ha diramato delle allerte meteo per raffiche di vento superiori a 90 km\/h\u00a0. <\/p>\n","protected":false},"excerpt":{"rendered":"Succede davanti al negozio Havan a\u00a0Gua\u00edba, nella regione metropolitana di Porto Alegre. Non risultano feriti Un monumento molto&hellip;\n","protected":false},"author":3,"featured_media":262704,"comment_status":"","ping_status":"","sticky":false,"template":"","format":"standard","meta":{"footnotes":""},"categories":[1446],"tags":[1615,1613,1614,1611,1610,1612,203,204,1537,90,89],"class_list":{"0":"post-262703","1":"post","2":"type-post","3":"status-publish","4":"format-standard","5":"has-post-thumbnail","7":"category-arte-e-design","8":"tag-arte","9":"tag-arte-e-design","10":"tag-arteedesign","11":"tag-arts","12":"tag-arts-and-design","13":"tag-design","14":"tag-entertainment","15":"tag-intrattenimento","16":"tag-it","17":"tag-italia","18":"tag-italy"},"share_on_mastodon":{"url":"https:\/\/pubeurope.com\/@it\/115726563574036129","error":""},"_links":{"self":[{"href":"https:\/\/www.europesays.com\/it\/wp-json\/wp\/v2\/posts\/262703","targetHints":{"allow":["GET"]}}],"collection":[{"href":"https:\/\/www.europesays.com\/it\/wp-json\/wp\/v2\/posts"}],"about":[{"href":"https:\/\/www.europesays.com\/it\/wp-json\/wp\/v2\/types\/post"}],"author":[{"embeddable":true,"href":"https:\/\/www.europesays.com\/it\/wp-json\/wp\/v2\/users\/3"}],"replies":[{"embeddable":true,"href":"https:\/\/www.europesays.com\/it\/wp-json\/wp\/v2\/comments?post=262703"}],"version-history":[{"count":0,"href":"https:\/\/www.europesays.com\/it\/wp-json\/wp\/v2\/posts\/262703\/revisions"}],"wp:featuredmedia":[{"embeddable":true,"href":"https:\/\/www.europesays.com\/it\/wp-json\/wp\/v2\/media\/262704"}],"wp:attachment":[{"href":"https:\/\/www.europesays.com\/it\/wp-json\/wp\/v2\/media?parent=262703"}],"wp:term":[{"taxonomy":"category","embeddable":true,"href":"https:\/\/www.europesays.com\/it\/wp-json\/wp\/v2\/categories?post=262703"},{"taxonomy":"post_tag","embeddable":true,"href":"https:\/\/www.europesays.com\/it\/wp-json\/wp\/v2\/tags?post=262703"}],"curies":[{"name":"wp","href":"https:\/\/api.w.org\/{rel}","templated":true}]}}