{"id":262705,"date":"2025-12-16T01:07:13","date_gmt":"2025-12-16T01:07:13","guid":{"rendered":"https:\/\/www.europesays.com\/it\/262705\/"},"modified":"2025-12-16T01:07:13","modified_gmt":"2025-12-16T01:07:13","slug":"quando-sei-uscita-hai-detto-di-tutto-su-di-lui-lamore-piace-in-tv","status":"publish","type":"post","link":"https:\/\/www.europesays.com\/it\/262705\/","title":{"rendered":"\u00abQuando sei uscita hai detto di tutto su di lui. L&#8217;amore piace in tv\u00bb"},"content":{"rendered":"<p>&#13;<br \/>\n                               &#13;<br \/>\n                                                &#13;<br \/>\n                &#13;<\/p>\n<p>Dopo una settimana vissuta a distanza &#8211;\u00a0lui dentro la Casa del\u00a0<strong><a href=\"https:\/\/www.leggo.it\/t\/grande-fratello\" rel=\"nofollow noopener\" target=\"_blank\">Grande Fratello<\/a><\/strong>, lei fuori dopo l\u2019eliminazione \u2014\u00a0<strong>Rasha<\/strong> e <strong>Omer<\/strong>\u00a0tornano a guardarsi negli occhi. Le immagini dei giorni separati mostrano due ragazzi fragili, confusi, ma ancora profondamente legati. Omer lo ammette senza giri di parole: \u00abAbbiamo sbagliato tutti e due. Devo chiarire con lei. Quando uscir\u00f2 di qua andr\u00f2 a trovarla e parleremo sicuramente\u00bb.\u00a0<\/p>\n<p>&#13;<br \/>\n&#13;<br \/>\n&#13;<br \/>\n&#13;<br \/>\nIl ritorno di Rasha&#13;<br \/>\n&#13;<br \/>\n&#13;<br \/>\n&#13;<\/p>\n<p>Rasha entra in scena con alcuni cartelli, in perfetto stile\u00a0Love Actually, per dichiararsi a Omer: \u201cL\u2019orgoglio l\u2019ho lasciato a casa\u201d. <\/p>\n<p>Poi prende la parola: \u00abTi ho guardato tutta la settimana, ho riflettuto e ho capito tante cose. Io e te ci siamo riconosciuti dal primo sguardo: hai capito il mio carattere, le mie fragilit\u00e0, e mi hai protetto. Luned\u00ec scorso abbiamo fatto un casino: io ero stanca e mi sono chiusa, tu hai dubitato di me. Che ci serva da lezione, siamo due teste dure. Mi sei mancato da morire. Non eravamo lucidi\u2026 e non ho cambiato idea\u00bb.&#13;<br \/>\n&#13;<br \/>\nLe critiche di Sonia&#13;<br \/>\n&#13;<\/p>\n<p>In studio\u00a0<strong><a href=\"https:\/\/www.leggo.it\/t\/sonia-bruganelli\" rel=\"nofollow noopener\" target=\"_blank\">Sonia Bruganelli<\/a><\/strong>\u00a0applaude, ma con una riserva: \u00abDue ragazzi che si amano sono la cosa pi\u00f9 bella di sempre, per\u00f2 non possiamo far finta di niente. <strong>Rasha, quando sei uscita\u00a0dalla Casa, hai detto\u00a0di tutto su Omer<\/strong>. \u00c8 anche vero per\u00f2 che quando si esce ci si rende conto di ci\u00f2 che si \u00e8 stati: cos\u00ec lei rientra in gioco e l\u2019amore, comunque, \u00e8 sempre bello\u00bb. Pi\u00f9 indulgente\u00a0Ascanio, che legge il gesto come una crescita: \u00abRasha ha fatto una cosa che ha senso: si \u00e8 rifugiata nella sua famiglia e ha capito che le mancava Omer\u00bb.<\/p>\n<p>                                &#13;<br \/>\n                &#13;<br \/>\n&#13;<br \/>\n                Ultimo aggiornamento: luned\u00ec 15 dicembre 2025, 22:56&#13;<br \/>\n                <br \/>&#13;<br \/>\n                &#13;<br \/>\n                  &#13;<br \/>\n                    &#13;<br \/>\n                        \u00a9 RIPRODUZIONE RISERVATA&#13;<\/p>\n<p>&#13;<\/p>\n<p>                    &#13;<\/p>\n","protected":false},"excerpt":{"rendered":"&#13; &#13; &#13; &#13; Dopo una settimana vissuta a distanza &#8211;\u00a0lui dentro la Casa del\u00a0Grande Fratello, lei fuori&hellip;\n","protected":false},"author":3,"featured_media":262706,"comment_status":"","ping_status":"","sticky":false,"template":"","format":"standard","meta":{"footnotes":""},"categories":[1444],"tags":[203,6061,204,1537,90,89,27554,100739,253],"class_list":{"0":"post-262705","1":"post","2":"type-post","3":"status-publish","4":"format-standard","5":"has-post-thumbnail","7":"category-tv","8":"tag-entertainment","9":"tag-grande-fratello","10":"tag-intrattenimento","11":"tag-it","12":"tag-italia","13":"tag-italy","14":"tag-omer","15":"tag-rasha","16":"tag-tv"},"share_on_mastodon":{"url":"https:\/\/pubeurope.com\/@it\/115726571466768454","error":""},"_links":{"self":[{"href":"https:\/\/www.europesays.com\/it\/wp-json\/wp\/v2\/posts\/262705","targetHints":{"allow":["GET"]}}],"collection":[{"href":"https:\/\/www.europesays.com\/it\/wp-json\/wp\/v2\/posts"}],"about":[{"href":"https:\/\/www.europesays.com\/it\/wp-json\/wp\/v2\/types\/post"}],"author":[{"embeddable":true,"href":"https:\/\/www.europesays.com\/it\/wp-json\/wp\/v2\/users\/3"}],"replies":[{"embeddable":true,"href":"https:\/\/www.europesays.com\/it\/wp-json\/wp\/v2\/comments?post=262705"}],"version-history":[{"count":0,"href":"https:\/\/www.europesays.com\/it\/wp-json\/wp\/v2\/posts\/262705\/revisions"}],"wp:featuredmedia":[{"embeddable":true,"href":"https:\/\/www.europesays.com\/it\/wp-json\/wp\/v2\/media\/262706"}],"wp:attachment":[{"href":"https:\/\/www.europesays.com\/it\/wp-json\/wp\/v2\/media?parent=262705"}],"wp:term":[{"taxonomy":"category","embeddable":true,"href":"https:\/\/www.europesays.com\/it\/wp-json\/wp\/v2\/categories?post=262705"},{"taxonomy":"post_tag","embeddable":true,"href":"https:\/\/www.europesays.com\/it\/wp-json\/wp\/v2\/tags?post=262705"}],"curies":[{"name":"wp","href":"https:\/\/api.w.org\/{rel}","templated":true}]}}